{"id":519149,"date":"2023-08-17T07:59:10","date_gmt":"2023-08-17T10:59:10","guid":{"rendered":"https:\/\/investnews.com.br\/?p=519149"},"modified":"2025-08-08T16:27:30","modified_gmt":"2025-08-08T19:27:30","slug":"3-fatos-para-hoje-origem-do-apagao-lucro-da-stoneco-ipc-fipe-cai-044","status":"publish","type":"post","link":"https:\/\/investnews.com.br\/economia\/3-fatos-para-hoje-origem-do-apagao-lucro-da-stoneco-ipc-fipe-cai-044\/","title":{"rendered":"3 fatos para hoje: origem do apag\u00e3o; lucro da Stone; IPC-Fipe cai 0,44%"},"content":{"rendered":"<h2 class=\"wp-block-heading\">1 &#8211; &#8220;Evento zero&#8221; de apag\u00e3o nacional teve origem em falha de subsidi\u00e1ria da Eletrobras, diz ministro<\/h2><p>O ministro de Minas e Energia, Alexandre Silveira, disse nesta quarta-feira que o &#8220;evento zero&#8221; do apag\u00e3o que atingiu quase todo o pa\u00eds na v\u00e9spera ocorreu a partir da falha em uma linha de transmiss\u00e3o operada pela Chesf, subsidi\u00e1ria da<strong> Eletrobras<\/strong> (<a href=\"https:\/\/investnews.com.br\/cotacao\/elet3-centrais-elet-bras-eletrobras\/\">ELET3<\/a>), no Cear\u00e1.<\/p><p>&#8220;Essas informa\u00e7\u00f5es foram conclu\u00eddas agora no final da tarde, de que o evento zero, que n\u00f3s chamamos, o evento que iniciou esse processo, se deu da linha Quixad\u00e1-Fortaleza, no Estado do Cear\u00e1&#8221;, disse o ministro a rep\u00f3rteres.<\/p><p>&#8220;Esse evento foi um evento considerado, a princ\u00edpio, um evento de pequena magnitude. Ele, isoladamente, como n\u00f3s dissemos ontem, ele n\u00e3o era suficiente para causar o colapso do sistema como um todo&#8221;, acrescentou. &#8220;A partir desse evento, que \u00e9 um evento que ocorreu numa linha da Eletrobras, da Chesf, por um erro de programa\u00e7\u00e3o, o sistema n\u00e3o se protegeu como deveria ter acontecido e ocasionou uma s\u00e9rie de outras falhas dos sistemas a partir da\u00ed, que ser\u00e3o apuradas pelo ONS.&#8221;<\/p><figure class=\"wp-block-image size-large\"><img loading=\"lazy\" decoding=\"async\" width=\"1024\" height=\"635\" src=\"https:\/\/media.investnews.com.br\/uploads\/2023\/08\/2023-08-17T002852Z_1_LYNXMPEJ7G00F_RTROPTP_4_ENERGIA-ONS-APAGAO-1024x635.jpg\" alt=\"Linhas e torres de transmiss\u00e3o de energia em campo verde sob c\u00e9u azul com nuvens e uma \u00e1rvore isolada.\" class=\"wp-image-519150\" srcset=\"https:\/\/media.investnews.com.br\/uploads\/2023\/08\/2023-08-17T002852Z_1_LYNXMPEJ7G00F_RTROPTP_4_ENERGIA-ONS-APAGAO-1024x635.jpg 1024w, https:\/\/media.investnews.com.br\/uploads\/2023\/08\/2023-08-17T002852Z_1_LYNXMPEJ7G00F_RTROPTP_4_ENERGIA-ONS-APAGAO-300x186.jpg 300w, https:\/\/media.investnews.com.br\/uploads\/2023\/08\/2023-08-17T002852Z_1_LYNXMPEJ7G00F_RTROPTP_4_ENERGIA-ONS-APAGAO-768x476.jpg 768w, https:\/\/media.investnews.com.br\/uploads\/2023\/08\/2023-08-17T002852Z_1_LYNXMPEJ7G00F_RTROPTP_4_ENERGIA-ONS-APAGAO-1536x953.jpg 1536w, https:\/\/media.investnews.com.br\/uploads\/2023\/08\/2023-08-17T002852Z_1_LYNXMPEJ7G00F_RTROPTP_4_ENERGIA-ONS-APAGAO-1256x779.jpg 1256w, https:\/\/media.investnews.com.br\/uploads\/2023\/08\/2023-08-17T002852Z_1_LYNXMPEJ7G00F_RTROPTP_4_ENERGIA-ONS-APAGAO-172x107.jpg 172w, https:\/\/media.investnews.com.br\/uploads\/2023\/08\/2023-08-17T002852Z_1_LYNXMPEJ7G00F_RTROPTP_4_ENERGIA-ONS-APAGAO-150x93.jpg 150w, https:\/\/media.investnews.com.br\/uploads\/2023\/08\/2023-08-17T002852Z_1_LYNXMPEJ7G00F_RTROPTP_4_ENERGIA-ONS-APAGAO.jpg 2048w\" sizes=\"auto, (max-width: 1024px) 100vw, 1024px\" \/><figcaption class=\"wp-element-caption\">Torres de linha de transmiss\u00e3o de energia\n07\/02\/2014\nREUTERS\/Paulo Whitaker<\/figcaption><\/figure><p>De acordo com Silveira, a subsidi\u00e1ria Chesf fez contato com o Operador Nacional do Sistema El\u00e9trico &#8212; \u00f3rg\u00e3o que coordena e controla a opera\u00e7\u00e3o das instala\u00e7\u00f5es de gera\u00e7\u00e3o e transmiss\u00e3o de energia el\u00e9trica no pa\u00eds &#8212; admitindo o erro do sistema e disse que n\u00e3o \u00e9 poss\u00edvel afirmar ainda se o evento foi causado por uma falha humana ou sist\u00eamica.<\/p><p>Silveira acrescentou que apenas a falha isolada, j\u00e1 corrigida pela empresa, n\u00e3o seria capaz de causar um evento de tal magnitude.<\/p><p>O ministro disse ainda que um inqu\u00e9rito foi aberto pela Pol\u00edcia Federal para investigar o caso e todas as hip\u00f3teses est\u00e3o sendo trabalhadas com rela\u00e7\u00e3o \u00e0 interrup\u00e7\u00e3o generalizada de ter\u00e7a-feira.<\/p><p>&#8220;Eu gostaria muito de ter recebido por parte do ONS hoje um apontamento exclusivamente t\u00e9cnico que fundamentasse ou que alicer\u00e7asse o ocorrido ontem, mas infelizmente n\u00e3o foi essa a posi\u00e7\u00e3o do ONS, (foi) de que realmente todas as hip\u00f3teses podem ser aventadas.&#8221;<\/p><p>O apag\u00e3o que atingiu o pa\u00eds na v\u00e9spera motivou a aprova\u00e7\u00e3o de convites ao ministro de Minas e Energia em duas comiss\u00f5es da C\u00e2mara, a de Minas e Energia e a de Fiscaliza\u00e7\u00e3o Financeira e Controle. Os dois requerimentos aprovados em cada um dos colegiados pedem que Silveira seja convidado &#8212; e n\u00e3o convocado, situa\u00e7\u00e3o que o obrigaria a comparecer. Um dos pedidos foi apresentado pela deputada da oposi\u00e7\u00e3o Bia Kicis (PL-DF), mas o outro foi protocolado pelo parlamentar governista Odair Cunha (PT-MG).<\/p><p>Questionado sobre os convites, o ministro esquivou-se, mas fez quest\u00e3o de dizer que o debate com a C\u00e2mara e o Senado &#8220;\u00e9 fundamental&#8221;.<\/p><h2 class=\"wp-block-heading\">2 &#8211; Stone&#038;Co tem lucro 477% maior ano a ano<\/h2><p>\u00a0A <strong>Stone&#038;Co <\/strong>(<a href=\"https:\/\/investnews.com.br\/cotacao\/stoc31-stoneco-ltd\/\">STOC31<\/a>) registrou <a href=\"https:\/\/investnews.com.br\/guias\/lucro-liquido\/\">lucro l\u00edquido<\/a> ajustado de R$ 322 milh\u00f5es no segundo trimestre, alta de 477% ano a ano, com impulso do forte desempenho do segmento de micro, pequenos e m\u00e9dios empreendedores, informou a empresa nesta quarta-feira.<\/p><p>A gera\u00e7\u00e3o de caixa medida pelo lucro antes de juros, impostos, deprecia\u00e7\u00e3o e <a href=\"https:\/\/investnews.com.br\/guias\/amortizacao-o-que-e\/\">amortiza\u00e7\u00e3o<\/a> (Ebitda) ajustado da Stone foi de R$ 1,5 bilh\u00e3o no trimestre, aumento de 46% ante os meses de abril a junho de 2022.<\/p><p>Analistas, em m\u00e9dia, esperavam lucro l\u00edquido de R$ 289,2 milh\u00f5es, segundo dados da Refinitiv.<\/p><p>A <a href=\"https:\/\/investnews.com.br\/guias\/receita-liquida-o-que-e\/\">receita l\u00edquida<\/a> da companhia somou R$ 3 bilh\u00f5es no segundo trimestre, aumento de 28% na base anual e superior \u00e0 expectativa m\u00e9dia do mercado de 2,9 bilh\u00f5es de reais.<\/p><p>O resultado refletiu uma maior base de clientes ativos e de volume de transa\u00e7\u00f5es no segmento de micro, pequenas e m\u00e9dias empresas (MPME), o principal do grupo, combinado a um melhor controle de custos, disse Mateus Scherer, diretor financeiro da Stone&#038;Co.<\/p><p>A base de clientes ativos de MPME subiu 43,3% ano a ano no per\u00edodo, para 2,96 milh\u00f5es, sendo 203,9 mil novos clientes nos meses de abril a junho. A taxa de comiss\u00e3o cobrada dos lojistas para esse segmento, ou &#8220;take rate&#8221;, tamb\u00e9m subiu no trimestre, a 2,48%, de 2,09% um ano antes.<\/p><p>No segmento, a Stone teve um crescimento no volume de pagamentos processados (TPV) de 19,3% no trimestre encerrado em junho ante mesmo per\u00edodo em 2022, para 83,3 bilh\u00f5es de reais.<\/p><p>Os custos de servi\u00e7os somaram 685,3 milh\u00f5es de reais, 23,2% da receita da companhia, enquanto as despesas administrativas somaram 303,9 milh\u00f5es de reais, 10,3% da receita. Na base ajustada, as despesas administrativas foram de 269,1 milh\u00f5es de reais, 9,1% da receita.<\/p><p>Apesar dos sinais de in\u00edcio de ciclo de queda de juros no Brasil e acelera\u00e7\u00e3o da atividade econ\u00f4mica, Scherer disse que um aumento na taxa de comiss\u00e3o passada a lojistas n\u00e3o est\u00e1 nos planos da empresa, cujo neg\u00f3cio de pagamentos totalizou 3 milh\u00f5es de clientes ativos ao fim do segundo trimestre.<\/p><p>&#8220;Obviamente, conforme o juro cai, a gente precisa observar como vai ser o comportamento do mercado. De modo geral, n\u00e3o temos inten\u00e7\u00e3o de liderar nenhum movimento de precifica\u00e7\u00e3o para baixo no curto prazo, mas \u00e9 um tema que estamos estudando.&#8221;<\/p><p>O segmento de servi\u00e7os financeiros &#8212; que abrange adquir\u00eancia, banking e cr\u00e9dito &#8212; cresceu 32,0% na compara\u00e7\u00e3o anual, com receita de 2,6 bilh\u00f5es de reais, e o segmento de software &#8212; composto por outras empresas adquiridas pela Stone, como Linx &#8212; teve aumento de 9,2% na receita, para 383 milh\u00f5es de reais no per\u00edodo.<\/p><figure class=\"wp-block-image size-full\"><img decoding=\"async\" src=\"https:\/\/media.investnews.com.br\/uploads\/2021\/03\/stone2.jpg\" alt=\"Stone avalia vender participa\u00e7\u00e3o da Tag, diz jornal\" class=\"wp-image-234499\"><\/figure><h2 class=\"wp-block-heading\">3 &#8211; IPC-Fipe cai 0,44%<\/h2><p>O \u00cdndice de Pre\u00e7os ao Consumidor (IPC), que mede a infla\u00e7\u00e3o na cidade de S\u00e3o Paulo, registrou baixa de 0,44% na segunda quadrissemana de agosto, ap\u00f3s o decl\u00ednio de 0,34% observado na primeira quadrissemana do m\u00eas, segundo dados publicados nesta quinta-feira, 17, pela Funda\u00e7\u00e3o Instituto de Pesquisas Econ\u00f4micas (Fipe).<\/p><p>Na segunda leitura deste m\u00eas, quatro dos sete componentes do IPC-Fipe perderam for\u00e7a ou recuaram em ritmo mais acelerado: Habita\u00e7\u00e3o (de -0,16% na primeira quadrissemana de agosto a -0,48% na segunda); Transportes (de 0,15% a estabilidade); Despesas Pessoais (de -0,25% a -0,38%); e Sa\u00fade (de 0,55% a 0,53%);<\/p><p>Por outro lado, houve acelera\u00e7\u00e3o ou redu\u00e7\u00e3o na queda nas categorias de Alimenta\u00e7\u00e3o (de -1,40% a -1,28%); Vestu\u00e1rio (de 0,29% a 0,47%); e Educa\u00e7\u00e3o (de 0,36% a 0,38%).<\/p><p>Veja abaixo como ficaram os componentes do IPC-Fipe na segunda quadrissemana de agosto:<\/p><p><strong>&#8211; Habita\u00e7\u00e3o: -0,48%<\/strong><\/p><p><strong>&#8211; Alimenta\u00e7\u00e3o: -1,28%<\/strong><\/p><p><strong>&#8211; Transportes: 0,00%<\/strong><\/p><p><strong>&#8211; Despesas Pessoais: -0,38%<\/strong><\/p><p><strong>&#8211; Sa\u00fade: 0,53%<\/strong><\/p><p><strong>&#8211; Vestu\u00e1rio: 0,47%<\/strong><\/p><p><strong>&#8211; Educa\u00e7\u00e3o: 0,38%<\/strong><\/p><p><strong>&#8211; \u00cdndice Geral: -0,44%<\/strong><\/p><ul class=\"wp-block-list\">\n<li><em>Com Reuters e Estad\u00e3o<\/em><\/li>\n<\/ul>\n","protected":false},"excerpt":{"rendered":"<p>&#8220;Evento zero&#8221; de apag\u00e3o nacional teve origem em falha de subsidi\u00e1ria da Eletrobras, aponta ministro.<\/p>\n","protected":false},"author":7,"featured_media":519150,"comment_status":"closed","ping_status":"open","sticky":false,"template":"","format":"standard","meta":{"_acf_changed":false,"inline_featured_image":false,"footnotes":""},"categories":[5],"tags":[174,1189],"autor-wsj":[],"coauthors":[1494],"class_list":["post-519149","post","type-post","status-publish","format-standard","has-post-thumbnail","hentry","category-economia","tag-eletrobras","tag-stone"],"acf":[],"amp_enabled":true,"_links":{"self":[{"href":"https:\/\/investnews.com.br\/inv-api\/wp\/v2\/posts\/519149","targetHints":{"allow":["GET"]}}],"collection":[{"href":"https:\/\/investnews.com.br\/inv-api\/wp\/v2\/posts"}],"about":[{"href":"https:\/\/investnews.com.br\/inv-api\/wp\/v2\/types\/post"}],"author":[{"embeddable":true,"href":"https:\/\/investnews.com.br\/inv-api\/wp\/v2\/users\/7"}],"replies":[{"embeddable":true,"href":"https:\/\/investnews.com.br\/inv-api\/wp\/v2\/comments?post=519149"}],"version-history":[{"count":9,"href":"https:\/\/investnews.com.br\/inv-api\/wp\/v2\/posts\/519149\/revisions"}],"predecessor-version":[{"id":703733,"href":"https:\/\/investnews.com.br\/inv-api\/wp\/v2\/posts\/519149\/revisions\/703733"}],"wp:featuredmedia":[{"embeddable":true,"href":"https:\/\/investnews.com.br\/inv-api\/wp\/v2\/media\/519150"}],"wp:attachment":[{"href":"https:\/\/investnews.com.br\/inv-api\/wp\/v2\/media?parent=519149"}],"wp:term":[{"taxonomy":"category","embeddable":true,"href":"https:\/\/investnews.com.br\/inv-api\/wp\/v2\/categories?post=519149"},{"taxonomy":"post_tag","embeddable":true,"href":"https:\/\/investnews.com.br\/inv-api\/wp\/v2\/tags?post=519149"},{"taxonomy":"autor-wsj","embeddable":true,"href":"https:\/\/investnews.com.br\/inv-api\/wp\/v2\/autor-wsj?post=519149"},{"taxonomy":"author","embeddable":true,"href":"https:\/\/investnews.com.br\/inv-api\/wp\/v2\/coauthors?post=519149"}],"curies":[{"name":"wp","href":"https:\/\/api.w.org\/{rel}","templated":true}]}}