{"id":520724,"date":"2023-08-22T15:31:04","date_gmt":"2023-08-22T18:31:04","guid":{"rendered":"https:\/\/investnews.com.br\/?p=520724"},"modified":"2025-08-08T16:26:48","modified_gmt":"2025-08-08T19:26:48","slug":"lula-prioriza-cupula-do-brics-sob-risco-de-atrasar-arcabouco-fiscal","status":"publish","type":"post","link":"https:\/\/investnews.com.br\/economia\/lula-prioriza-cupula-do-brics-sob-risco-de-atrasar-arcabouco-fiscal\/","title":{"rendered":"Lula prioriza c\u00fapula do Brics sob risco de atrasar arcabou\u00e7o fiscal"},"content":{"rendered":"<p>O presidente Luiz In\u00e1cio <strong>Lula<\/strong> da Silva viajou para a c\u00fapula do <strong>Brics<\/strong>, que come\u00e7ou nesta ter\u00e7a-feira (22), para refor\u00e7ar a proposta de criar o \u201cSul Global\u201d a partir do conjunto de pa\u00edses em desenvolvimento anteriormente chamados de \u201cTerceiro Mundo\u201d. No entanto, a viagem a Johanesburgo amea\u00e7a a vota\u00e7\u00e3o do <strong>arcabou\u00e7o fiscal<\/strong>, prevista para esta semana.\u00a0<\/p><p>Lula viajou sem definir a reforma ministerial, o que desagradou os parlamentares do chamado Centr\u00e3o. O ministro da Fazenda, <strong>Fernando Haddad<\/strong>, tamb\u00e9m est\u00e1 na \u00c1frica do Sul.\u00a0<\/p><figure class=\"wp-block-image size-full\"><img loading=\"lazy\" decoding=\"async\" width=\"1024\" height=\"768\" src=\"https:\/\/media.investnews.com.br\/uploads\/2023\/08\/lula_3_.jpg\" alt=\"Lula em recep\u00e7\u00e3o militar na \u00c1frica do Sul, com soldados e bandeiras do Brasil e da \u00c1frica do Sul.\" class=\"wp-image-520811\" srcset=\"https:\/\/media.investnews.com.br\/uploads\/2023\/08\/lula_3_.jpg 1024w, https:\/\/media.investnews.com.br\/uploads\/2023\/08\/lula_3_-300x225.jpg 300w, https:\/\/media.investnews.com.br\/uploads\/2023\/08\/lula_3_-768x576.jpg 768w, https:\/\/media.investnews.com.br\/uploads\/2023\/08\/lula_3_-172x129.jpg 172w, https:\/\/media.investnews.com.br\/uploads\/2023\/08\/lula_3_-150x113.jpg 150w\" sizes=\"auto, (max-width: 1024px) 100vw, 1024px\" \/><figcaption class=\"wp-element-caption\">21.08.2023 &#8211; Presidente Lula e a Primeira-dama Janja Lula da Silva desembarcam em Joanesburgo, \u00c1frica do Sul. Foto: Ricardo Stuckert\/PR   Foto: Ricardo Stuckert\/PR<\/figcaption><\/figure><p>Afinal, qual \u00e9 a import\u00e2ncia do encontro de tr\u00eas dias entre l\u00edderes do bloco formado por <strong>Brasil<\/strong>, <strong>R\u00fassia<\/strong>, <strong>\u00cdndia<\/strong>, <strong>China<\/strong> e <strong>\u00c1frica do Sul<\/strong> a ponto de esvaziar as lideran\u00e7as do Executivo de Bras\u00edlia, colocando em risco a pauta econ\u00f4mica?<\/p><p>Em sua live semanal, realizada diretamente do continente africano, o pr\u00f3prio Lula destacou a relev\u00e2ncia do evento. Segundo ele, a inten\u00e7\u00e3o \u00e9 criar algo que nunca existiu: o <strong>Sul Global<\/strong>. O termo inclui tanto na\u00e7\u00f5es mais pobres quanto mais ricas.\u00a0<\/p><p>Para tanto, a ades\u00e3o de novos pa\u00edses \u00e9 o principal tema na agenda do Brics. Mais de 20 pa\u00edses j\u00e1 manifestaram formalmente interesse em integrar o bloco, como <strong>Ar\u00e1bia Saudita<\/strong>, <strong>Argentina<\/strong> e <strong>Ir\u00e3<\/strong>. No entanto, ainda n\u00e3o se sabe quantos pa\u00edses v\u00e3o ingressar. Por\u00e9m, se houver, ser\u00e1 a primeira expans\u00e3o em uma d\u00e9cada, em um sinal do prest\u00edgio do grupo.\u00a0<\/p><h2 class=\"wp-block-heading\">Forma\u00e7\u00e3o do Brics: qual era o momento?<\/h2><p>O acr\u00f4nimo foi criado originalmente em 2001 pelo ent\u00e3o economista-chefe do Goldman Sachs, Jim O\u2019Neill. O <em>Bric<\/em> (tijolo em ingl\u00eas) buscava tra\u00e7ar quais pa\u00edses emergentes tinham potencial de crescimento no novo s\u00e9culo e, com isso, oportunidades de investimento, considerando-se dimens\u00e3o econ\u00f4mica, populacional e geogr\u00e1fica.<\/p><p>Em 2006, os chanceleres dos quatro pa\u00edses originais reuniram-se pela primeira vez em um f\u00f3rum formal. Tr\u00eas anos depois, ap\u00f3s a crise de 2008, acontece a primeira reuni\u00e3o entre chefes de Estado de Brasil, R\u00fassia, \u00cdndia e China. Apenas em 2011 a \u00c1frica do Sul foi adicionada, dando \u00e0 sigla a letra \u201cs\u201d.\u00a0\u00a0\u00a0\u00a0\u00a0<\/p><p>Agora, os pa\u00edses que concorrem como fortes candidatos s\u00e3o <strong>Emirados \u00c1rabes Unidos<\/strong>, <strong>Egito<\/strong> e <strong>Bangladesh<\/strong>, justamente por se juntarem em 2021 ao <strong>Novo Banco de Desenvolvimento<\/strong> (NDB) &#8211; tamb\u00e9m chamado de \u201cBanco do Brics\u201d e <a href=\"https:\/\/investnews.com.br\/economia\/brics-o-que-e-o-banco-comandado-agora-por-dilma-rousseff\/\">comandado pela ex-presidente Dilma Rousseff<\/a> desde mar\u00e7o deste ano.\u00a0<\/p><h2 class=\"wp-block-heading\">Pr\u00f3s e contras<\/h2><p>Ainda assim, fica a d\u00favida sobre o que significa essa poss\u00edvel expans\u00e3o do bloco em meio a um contexto global complexo.<strong>\u00a0<\/strong><\/p><p>\u201cAs principais raz\u00f5es para a expans\u00e3o do Brics podem ser atribu\u00eddas \u00e0 intensifica\u00e7\u00e3o de uma reestrutura\u00e7\u00e3o de ordem mundial advinda de pa\u00edses do Sul Global, enquanto a China busca se afirmar como um pilar dessa nova ordem\u201d, explica, em artigo, o Observat\u00f3rio de Pol\u00edtica Externa e Inser\u00e7\u00e3o Internacional do Brasil (Opeb) da Universidade Federal do ABC.<\/p><p>Em termos pr\u00e1ticos, essa expans\u00e3o do bloco se traduz em maior uso de moedas locais, com potencial para desafiar o dom\u00ednio do d\u00f3lar dos Estados Unidos. \u201cQualquer expans\u00e3o do Brics pode determinar a velocidade com que o bloco adota sistemas comerciais e financeiros fora da esfera do d\u00f3lar\u201d, explica o ING, em relat\u00f3rio.<\/p><p>Ali\u00e1s, a integra\u00e7\u00e3o econ\u00f4mica, com a utiliza\u00e7\u00e3o de uma moeda comum nas transa\u00e7\u00f5es comerciais e fluxos financeiros entre os membros, tamb\u00e9m est\u00e1 na pauta de discuss\u00e3o. Vale lembrar que no in\u00edcio deste ano, <a href=\"https:\/\/investnews.com.br\/economia\/moeda-unica-para-comercio-entre-paises-do-brics-ainda-e-ideia-distante\/\">Brasil e Argentina avan\u00e7aram na ideia de fazer \u201cneg\u00f3cio da China\u201d sem passar pelo d\u00f3lar.\u00a0<\/a><\/p><p>Mas, embora haja esfor\u00e7os de desdolariza\u00e7\u00e3o da economia mundial,\u00a0 n\u00e3o h\u00e1 um consenso sobre se a inclus\u00e3o de novos pa\u00edses seria interessante.\u00a0<\/p><blockquote class=\"wp-block-quote is-layout-flow wp-block-quote-is-layout-flow\">\n<p>\u201cParece boa ideia, mas n\u00e3o \u00e9 &#8211; nem para o Brasil, nem para os Brics em conjunto\u201d<\/p>\n<cite>Paulo Nogueira Batista Jr., ex-diretor-executivo do FMI <\/cite><\/blockquote><p><\/p><p>Para o economista Paulo Nogueira Batista Jr., ex-diretor-executivo do Fundo Monet\u00e1rio Internacional (FMI) entre 2007 e 2015, aumentar o total de pa\u00edses-membros diluiria consideravelmente o peso do Brasil no Brics e, consequentemente, a influ\u00eancia brasileira no bloco. \u201cO mesmo argumento vale para a R\u00fassia, a \u00cdndia e a \u00c1frica do Sul\u201d, pondera em artigo recente. \u201cPara a China, n\u00e3o\u201d, emenda.\u00a0<\/p><h2 class=\"wp-block-heading\">\u00c9 preciso combinar<\/h2><p>Ao mesmo tempo, tamb\u00e9m \u00e9 crescente o receio de que os Brics estejam se reunindo para formar um rival do G7 ou um contraponto ao G20. \u201cIsso poderia minar o poder global do Ocidente, mas alinhar tantos pa\u00edses com diferentes sistemas econ\u00f4micos e pol\u00edticos \u00e9 sempre mais f\u00e1cil falar do que fazer\u201d, ressalta o estrategista macro do Rabobank, Bas van Geffen, em relat\u00f3rio, citando o projeto europeu como exemplo.\u00a0<\/p><p>Em sua live nesta ter\u00e7a, Lula negou que o Brics tenha essa inten\u00e7\u00e3o. \u201cA gente n\u00e3o quer ser contraponto ao G7, a gente n\u00e3o quer ser contraponto ao G20, a gente n\u00e3o quer ser contraponto aos Estados Unidos, a gente quer se organizar\u201d, afirmou.\u00a0<\/p><figure class=\"wp-block-image size-full\"><img loading=\"lazy\" decoding=\"async\" width=\"1024\" height=\"768\" src=\"https:\/\/media.investnews.com.br\/uploads\/2023\/08\/conv_7_6.jpg\" alt=\"Joanesburgo, \u00c1frica do Sul, 22.08.2023 - Presidente Lula \u00e9 entrevistado por Marcos Uchoa no programa Conversa com o Presidente, em Joanesburgo, \u00c1frica do Sul. Imagem: Canal Gov\" class=\"wp-image-520814\" srcset=\"https:\/\/media.investnews.com.br\/uploads\/2023\/08\/conv_7_6.jpg 1024w, https:\/\/media.investnews.com.br\/uploads\/2023\/08\/conv_7_6-300x225.jpg 300w, https:\/\/media.investnews.com.br\/uploads\/2023\/08\/conv_7_6-768x576.jpg 768w, https:\/\/media.investnews.com.br\/uploads\/2023\/08\/conv_7_6-172x129.jpg 172w, https:\/\/media.investnews.com.br\/uploads\/2023\/08\/conv_7_6-150x113.jpg 150w\" sizes=\"auto, (max-width: 1024px) 100vw, 1024px\" \/><figcaption class=\"wp-element-caption\">22.08.2023 &#8211; Presidente Lula no programa Conversa com o Presidente, em Joanesburgo, \u00c1frica do Sul.  Imagem: Canal Gov<\/figcaption><\/figure><p>De qualquer forma, a complexidade do Brics vai al\u00e9m de quest\u00f5es econ\u00f4micas e abrange a coes\u00e3o de seus pa\u00edses-membros, em um momento de maior press\u00e3o pela ades\u00e3o de novos participantes. Desta maneira, as discuss\u00f5es s\u00e3o de ampla diverg\u00eancia e controv\u00e9rsias, apesar das oportunidades para aprofundar a coopera\u00e7\u00e3o.<\/p><p>No caso do Brasil, a d\u00favida \u00e9 o <strong>atraso na agenda econ\u00f4mica no Congresso Nacional<\/strong>, o que tem sido apontado como um <strong>ponto de aten\u00e7\u00e3o<\/strong> por especialistas &#8211; j\u00e1 que cada pa\u00eds precisa assumir suas devidas responsabilidades, internas e externas. E isso vale, em especial, para a China &#8211; vista como o pa\u00eds central no Sul Global desde 2004.<\/p><p>Ou seja, por mais que a proemin\u00eancia da c\u00fapula do Brics desta semana reflita a ascens\u00e3o do Sul Global, \u00e9 preciso ter cautela, segundo especialistas. \u201cQualquer movimento precipitado pode trazer riscos, <strong>intensificar as tens\u00f5es Norte-Sul<\/strong> e exacerbar confrontos em todo o mundo\u201d, fundador e presidente do Centro para China e Globaliza\u00e7\u00e3o (CCG), Henry Huiyao Wang, em coluna publicada nesta ter\u00e7a no jornal chin\u00eas South China Morning Post.\u00a0<\/p>\n","protected":false},"excerpt":{"rendered":"<p>Presidente est\u00e1 em Johanesburgo acompanhado de Haddad para defender o grupo do \u2018Sul Global\u2019.<\/p>\n","protected":false},"author":108,"featured_media":520811,"comment_status":"closed","ping_status":"open","sticky":false,"template":"","format":"standard","meta":{"_acf_changed":false,"inline_featured_image":false,"footnotes":""},"categories":[5],"tags":[283,2370],"autor-wsj":[],"coauthors":[102429],"class_list":["post-520724","post","type-post","status-publish","format-standard","has-post-thumbnail","hentry","category-economia","tag-governo-federal","tag-luiz-inacio-lula-da-silva"],"acf":[],"amp_enabled":true,"_links":{"self":[{"href":"https:\/\/investnews.com.br\/inv-api\/wp\/v2\/posts\/520724","targetHints":{"allow":["GET"]}}],"collection":[{"href":"https:\/\/investnews.com.br\/inv-api\/wp\/v2\/posts"}],"about":[{"href":"https:\/\/investnews.com.br\/inv-api\/wp\/v2\/types\/post"}],"author":[{"embeddable":true,"href":"https:\/\/investnews.com.br\/inv-api\/wp\/v2\/users\/108"}],"replies":[{"embeddable":true,"href":"https:\/\/investnews.com.br\/inv-api\/wp\/v2\/comments?post=520724"}],"version-history":[{"count":5,"href":"https:\/\/investnews.com.br\/inv-api\/wp\/v2\/posts\/520724\/revisions"}],"predecessor-version":[{"id":703693,"href":"https:\/\/investnews.com.br\/inv-api\/wp\/v2\/posts\/520724\/revisions\/703693"}],"wp:featuredmedia":[{"embeddable":true,"href":"https:\/\/investnews.com.br\/inv-api\/wp\/v2\/media\/520811"}],"wp:attachment":[{"href":"https:\/\/investnews.com.br\/inv-api\/wp\/v2\/media?parent=520724"}],"wp:term":[{"taxonomy":"category","embeddable":true,"href":"https:\/\/investnews.com.br\/inv-api\/wp\/v2\/categories?post=520724"},{"taxonomy":"post_tag","embeddable":true,"href":"https:\/\/investnews.com.br\/inv-api\/wp\/v2\/tags?post=520724"},{"taxonomy":"autor-wsj","embeddable":true,"href":"https:\/\/investnews.com.br\/inv-api\/wp\/v2\/autor-wsj?post=520724"},{"taxonomy":"author","embeddable":true,"href":"https:\/\/investnews.com.br\/inv-api\/wp\/v2\/coauthors?post=520724"}],"curies":[{"name":"wp","href":"https:\/\/api.w.org\/{rel}","templated":true}]}}