{"id":521058,"date":"2023-08-23T11:11:54","date_gmt":"2023-08-23T14:11:54","guid":{"rendered":"https:\/\/investnews.com.br\/?p=521058"},"modified":"2025-08-08T16:26:42","modified_gmt":"2025-08-08T19:26:42","slug":"pao-de-acucar-despenca-em-dia-de-distribuicao-de-acoes-do-exito","status":"publish","type":"post","link":"https:\/\/investnews.com.br\/financas\/pao-de-acucar-despenca-em-dia-de-distribuicao-de-acoes-do-exito\/","title":{"rendered":"P\u00e3o de A\u00e7\u00facar despenca em dia de distribui\u00e7\u00e3o de a\u00e7\u00f5es do \u00c9xito"},"content":{"rendered":"<p>A a\u00e7\u00e3o do P\u00e3o de A\u00e7\u00facar (<a href=\"https:\/\/investnews.com.br\/cotacao\/pcar3-grupo-pao-de-acucar\/\">PCAR3<\/a>) operou e fechou em forte queda nesta quarta-feira (23), tendo como pano de fundo ajustes relacionados \u00e0 cis\u00e3o do \u00c9xito. O papel encerrou o preg\u00e3o com perda de 19,39%, a R$ 6,56.<\/p><figure class=\"wp-block-image size-full\"><img loading=\"lazy\" decoding=\"async\" width=\"1000\" height=\"667\" src=\"https:\/\/media.investnews.com.br\/uploads\/2021\/03\/pao-de-acucar1.jpg\" alt=\"Entrada do supermercado P\u00e3o de A\u00e7\u00facar, com carrinhos de compra e plantas e flores \u00e0 venda.\" class=\"wp-image-232481\" srcset=\"https:\/\/media.investnews.com.br\/uploads\/2021\/03\/pao-de-acucar1.jpg 1000w, https:\/\/media.investnews.com.br\/uploads\/2021\/03\/pao-de-acucar1-300x200.jpg 300w, https:\/\/media.investnews.com.br\/uploads\/2021\/03\/pao-de-acucar1-768x512.jpg 768w, https:\/\/media.investnews.com.br\/uploads\/2021\/03\/pao-de-acucar1-172x115.jpg 172w, https:\/\/media.investnews.com.br\/uploads\/2021\/03\/pao-de-acucar1-150x100.jpg 150w\" sizes=\"auto, (max-width: 1000px) 100vw, 1000px\" \/><figcaption class=\"wp-element-caption\">Unidade da rede de supermercados P\u00e3o de A\u00e7\u00facar, em S\u00e3o Paulo. (Foto: Karina Trevizan)<\/figcaption><\/figure><p>Ygor Araujo, analista da Genial Investimentos, atribui a <a href=\"https:\/\/investnews.com.br\/guias\/volatilidade-o-que-e\/\">volatilidade<\/a> \u00e0 <strong>distribui\u00e7\u00e3o da companhia para seus acionistas das a\u00e7\u00f5es que possui no \u00c9xito<\/strong>. Ele explica que, depois da opera\u00e7\u00e3o, a varejista colombiana passar\u00e1 a ter um free-float de 53%, contra 3,5% anteriormente.<\/p><blockquote class=\"wp-block-quote is-layout-flow wp-block-quote-is-layout-flow\">\n<p>\u201cO preg\u00e3o de hoje deve trazer volatilidade a a\u00e7\u00e3o do GPA em n\u00edveis semelhantes ao visto no evento de cis\u00e3o entre Assa\u00ed (<a href=\"https:\/\/investnews.com.br\/cotacao\/asai3-assai\/\">ASAI3<\/a>) e P\u00e3o de A\u00e7\u00facar. Mantemos a recomenda\u00e7\u00e3o de compra e estamos colocando o pre\u00e7o-alvo sob revis\u00e3o\u201d\u00a0<\/p>\n<cite>Ygor Araujo, analista da Genial Investimentos<\/cite><\/blockquote><p><\/p><p>J\u00e1 os analistas da Levante destacam que \u201cessas a\u00e7\u00f5es representam aproximadamente 83% da participa\u00e7\u00e3o do GPA no capital social do \u00c9xito (de aproximadamente 96%) e, se tudo correr conforme esperado, o spinoff deve gerar um valor expressivo para os acionistas\u201d.<\/p><p>\u201cO principal fator que deve gerar esse destravamento de valor est\u00e1 relacionado \u00e0 <strong>correta precifica\u00e7\u00e3o dos ativos <\/strong>ap\u00f3s a segrega\u00e7\u00e3o das opera\u00e7\u00f5es, visto que o mercado hoje atribui praticamente zero de valor ao \u00c9xito, que \u00e9 listado na bolsa de valores de Bogot\u00e1 com valor de mercado de R$ 6,7 bilh\u00f5es (valor n\u00e3o muito confi\u00e1vel, dada a baixa liquidez do ativo), enquanto o GPA est\u00e1 avaliado em R$ 5,3 bilh\u00f5es na B3.\u201d<\/p><p>A Levante avalia que os \u00faltimos n\u00fameros divulgados pelo P\u00e3o de A\u00e7\u00facar, referentes ao 2\u00ba trimestre de 2023, mostram \u201cs\u00f3lido crescimento da bandeira P\u00e3o de A\u00e7\u00facar em rela\u00e7\u00e3o ao mesmo per\u00edodo do ano anterior\u201d, mas ainda assim h\u00e1 pontos de aten\u00e7\u00e3o. <\/p><blockquote class=\"wp-block-quote is-layout-flow wp-block-quote-is-layout-flow\">\n<p>\u201cApesar dos sinais de melhora, n\u00e3o esperamos que a varejista retome os n\u00edveis de margem bruta pr\u00f3ximos ao observado no segundo trimestre de 2022, que foi de 26,6%, t\u00e3o cedo.\u201d<\/p>\n<cite>Levante, em relat\u00f3rio<\/cite><\/blockquote><p><\/p><p>\u201c\u00c9 importante ressaltar que mudan\u00e7as estrat\u00e9gicas e reajustes podem levar tempo para se refletirem totalmente nos resultados financeiros, especialmente em um cen\u00e1rio competitivo e din\u00e2mico. A recupera\u00e7\u00e3o do formato premium e a melhoria da margem bruta s\u00e3o metas desafiadoras, e a empresa deve continuar focada na implementa\u00e7\u00e3o dos pilares estrat\u00e9gicos e na busca de efici\u00eancia operacional para alcan\u00e7ar esses objetivos\u201d, diz a casa em relat\u00f3rio.<\/p>\n","protected":false},"excerpt":{"rendered":"<p>Papel chegou a despencar 25% nesta manh\u00e3; analistas recomendam cautela.<\/p>\n","protected":false},"author":31,"featured_media":232481,"comment_status":"closed","ping_status":"open","sticky":false,"template":"","format":"standard","meta":{"_acf_changed":false,"inline_featured_image":false,"footnotes":""},"categories":[4],"tags":[195],"autor-wsj":[],"coauthors":[1908],"class_list":["post-521058","post","type-post","status-publish","format-standard","has-post-thumbnail","hentry","category-financas","tag-grupo-pao-de-acucar"],"acf":[],"amp_enabled":true,"_links":{"self":[{"href":"https:\/\/investnews.com.br\/inv-api\/wp\/v2\/posts\/521058","targetHints":{"allow":["GET"]}}],"collection":[{"href":"https:\/\/investnews.com.br\/inv-api\/wp\/v2\/posts"}],"about":[{"href":"https:\/\/investnews.com.br\/inv-api\/wp\/v2\/types\/post"}],"author":[{"embeddable":true,"href":"https:\/\/investnews.com.br\/inv-api\/wp\/v2\/users\/31"}],"replies":[{"embeddable":true,"href":"https:\/\/investnews.com.br\/inv-api\/wp\/v2\/comments?post=521058"}],"version-history":[{"count":19,"href":"https:\/\/investnews.com.br\/inv-api\/wp\/v2\/posts\/521058\/revisions"}],"predecessor-version":[{"id":703686,"href":"https:\/\/investnews.com.br\/inv-api\/wp\/v2\/posts\/521058\/revisions\/703686"}],"wp:featuredmedia":[{"embeddable":true,"href":"https:\/\/investnews.com.br\/inv-api\/wp\/v2\/media\/232481"}],"wp:attachment":[{"href":"https:\/\/investnews.com.br\/inv-api\/wp\/v2\/media?parent=521058"}],"wp:term":[{"taxonomy":"category","embeddable":true,"href":"https:\/\/investnews.com.br\/inv-api\/wp\/v2\/categories?post=521058"},{"taxonomy":"post_tag","embeddable":true,"href":"https:\/\/investnews.com.br\/inv-api\/wp\/v2\/tags?post=521058"},{"taxonomy":"autor-wsj","embeddable":true,"href":"https:\/\/investnews.com.br\/inv-api\/wp\/v2\/autor-wsj?post=521058"},{"taxonomy":"author","embeddable":true,"href":"https:\/\/investnews.com.br\/inv-api\/wp\/v2\/coauthors?post=521058"}],"curies":[{"name":"wp","href":"https:\/\/api.w.org\/{rel}","templated":true}]}}