{"id":522042,"date":"2023-08-25T18:13:14","date_gmt":"2023-08-25T21:13:14","guid":{"rendered":"https:\/\/investnews.com.br\/?p=522042"},"modified":"2024-06-25T10:27:44","modified_gmt":"2024-06-25T13:27:44","slug":"andre-esteves-diz-que-governo-esta-adotando-bom-senso-no-pac","status":"publish","type":"post","link":"https:\/\/investnews.com.br\/economia\/andre-esteves-diz-que-governo-esta-adotando-bom-senso-no-pac\/","title":{"rendered":"Andr\u00e9 Esteves diz que governo est\u00e1 &#8216;adotando bom senso&#8217; no PAC"},"content":{"rendered":"\n<p>O presidente do <strong>BTG Pactual<\/strong> (<a href=\"https:\/\/investnews.com.br\/cotacao\/bpac11-btgp-banco\/\">BPAC11<\/a>), <strong>Andr\u00e9 Esteves<\/strong>, avaliou nesta sexta-feira (25) que h\u00e1 marcas de bom senso em atitudes do governo federal.<\/p>\n\n\n\n<p>Durante participa\u00e7\u00e3o no painel <strong>\u201c<\/strong>Os desafios da infraestrutura brasileira: o novo PAC 2023<strong>\u201d<\/strong> na 2\u00aa edi\u00e7\u00e3o do F\u00f3rum Esfera, realizada no Guaruj\u00e1 (SP), Esteves disse que o governo federal est\u00e1 seguindo o bom senso no Programa de Acelera\u00e7\u00e3o do Crescimento, al\u00e9m de em outras atitudes.<\/p>\n\n\n\n<p><strong>\u201c<\/strong>O governo est\u00e1 adotando bom senso no PAC. O programa est\u00e1 come\u00e7ando agora, tem uma inten\u00e7\u00e3o muito positiva e vi\u00e1vel, e cada governo tem o m\u00e9rito e o dever de deixar sua marca, mostrar ao que veio \u00e0 sociedade. O PAC \u00e9 mais do que bem-vindo. Eu vejo a marca do bom senso em v\u00e1rias outras atitudes\u201d, disse o presidente do BTG.<\/p>\n\n\n\n<h2 class=\"wp-block-heading\"><strong>Arcabou\u00e7o fiscal e Carf<\/strong><\/h2>\n\n\n\n<p>Esteves avaliou ainda durante o evento que a aprova\u00e7\u00e3o do arcabou\u00e7o fiscal tamb\u00e9m seguiu bom senso.&nbsp;<\/p>\n\n\n\n<blockquote class=\"wp-block-quote is-layout-flow wp-block-quote-is-layout-flow\">\n<p>\u201cNenhum de n\u00f3s gasta mais do que arrecada,\u00a0 sen\u00e3o, n\u00e3o vai muito bem, nossas empresas tamb\u00e9m, nosso pa\u00eds tamb\u00e9m\u00a0 n\u00e3o. Claro que temos\u00a0 per\u00edodos de investimentos e precisa estar preparado para assist\u00eancia do estado em casos como pandemia. Tem coisas inesperadas que acontecem\u201d.<\/p>\n<cite>andr\u00e9 esteves, durante o f\u00f3rum esfera.<\/cite><\/blockquote>\n\n\n\n<p><\/p>\n\n\n\n<p>A C\u00e2mara aprovou na ter\u00e7a-feira (22) o <a href=\"https:\/\/investnews.com.br\/economia\/haddad-anuncia-novo-arcabouco-fiscal\/\">novo arcabou\u00e7o fiscal<\/a><strong>,<\/strong> conjunto de regras que substituir\u00e1 o teto de gastos no controle das contas p\u00fablicas. O parecer do relator com a inclus\u00e3o de emendas do Senado recebeu 379 votos favor\u00e1veis e 64 contr\u00e1rios.\u00a0 A proposta vai para san\u00e7\u00e3o do presidente Luiz In\u00e1cio Lula da Silva.\u00a0<\/p>\n\n\n\n<h2 class=\"wp-block-heading\">Avan\u00e7o do Carf<\/h2>\n\n\n\n<p>Outro ponto que Esteves destacou foi o avan\u00e7o da nova lei do\u00a0Conselho Administrativo de Recursos Fiscais (Carf), que ele atribuiu como &#8220;exerc\u00edcio de bom senso&#8221;. <\/p>\n\n\n\n<blockquote class=\"wp-block-quote is-layout-flow wp-block-quote-is-layout-flow\">\n<p><strong>\u201c<\/strong>Entendemos as dores do setor privado,\u00a0da Receita, olhando as regras internacionais e fizemos a regra acontecer. Estamos andando na reforma tribut\u00e1ria da mesma maneira. Termos tribut\u00e1rios s\u00e3o conflitivos, setor p\u00fablico, setor privado, servi\u00e7os, ind\u00fastria. O bom senso tem operado para a gente chegar em um denominador comum para a sociedade<strong>\u201d<\/strong>.<\/p>\n<cite>andr\u00e9 esteves, durante o f\u00f3rum esfera.<\/cite><\/blockquote>\n\n\n\n<p><\/p>\n\n\n\n<p>A Comiss\u00e3o de Assuntos Econ\u00f4micos (CAE) do Senado aprovou na quarta-feira (23) o projeto de lei que retoma o voto de qualidade em casos de empate nas decis\u00f5es do Carf, \u00f3rg\u00e3o respons\u00e1vel pelo julgamento de lit\u00edgios tribut\u00e1rios. O projeto agora vai ao plen\u00e1rio da Casa.<\/p>\n","protected":false},"excerpt":{"rendered":"<p>Em participa\u00e7\u00e3o em painel sobre o PAC, presidente do BTG Pactual disse que o programa \u00e9 bem-vindo e que tem marca de bom senso em outras atitudes do governo.<\/p>\n","protected":false},"author":36,"featured_media":367591,"comment_status":"closed","ping_status":"open","sticky":false,"template":"","format":"standard","meta":{"_acf_changed":false,"inline_featured_image":false,"footnotes":""},"categories":[5],"tags":[158,283],"autor-wsj":[],"coauthors":[2269],"class_list":["post-522042","post","type-post","status-publish","format-standard","has-post-thumbnail","hentry","category-economia","tag-btg-pactual","tag-governo-federal"],"acf":[],"amp_enabled":true,"_links":{"self":[{"href":"https:\/\/investnews.com.br\/inv-api\/wp\/v2\/posts\/522042","targetHints":{"allow":["GET"]}}],"collection":[{"href":"https:\/\/investnews.com.br\/inv-api\/wp\/v2\/posts"}],"about":[{"href":"https:\/\/investnews.com.br\/inv-api\/wp\/v2\/types\/post"}],"author":[{"embeddable":true,"href":"https:\/\/investnews.com.br\/inv-api\/wp\/v2\/users\/36"}],"replies":[{"embeddable":true,"href":"https:\/\/investnews.com.br\/inv-api\/wp\/v2\/comments?post=522042"}],"version-history":[{"count":4,"href":"https:\/\/investnews.com.br\/inv-api\/wp\/v2\/posts\/522042\/revisions"}],"predecessor-version":[{"id":522047,"href":"https:\/\/investnews.com.br\/inv-api\/wp\/v2\/posts\/522042\/revisions\/522047"}],"wp:featuredmedia":[{"embeddable":true,"href":"https:\/\/investnews.com.br\/inv-api\/wp\/v2\/media\/367591"}],"wp:attachment":[{"href":"https:\/\/investnews.com.br\/inv-api\/wp\/v2\/media?parent=522042"}],"wp:term":[{"taxonomy":"category","embeddable":true,"href":"https:\/\/investnews.com.br\/inv-api\/wp\/v2\/categories?post=522042"},{"taxonomy":"post_tag","embeddable":true,"href":"https:\/\/investnews.com.br\/inv-api\/wp\/v2\/tags?post=522042"},{"taxonomy":"autor-wsj","embeddable":true,"href":"https:\/\/investnews.com.br\/inv-api\/wp\/v2\/autor-wsj?post=522042"},{"taxonomy":"author","embeddable":true,"href":"https:\/\/investnews.com.br\/inv-api\/wp\/v2\/coauthors?post=522042"}],"curies":[{"name":"wp","href":"https:\/\/api.w.org\/{rel}","templated":true}]}}