{"id":522109,"date":"2023-08-26T15:05:08","date_gmt":"2023-08-26T18:05:08","guid":{"rendered":"https:\/\/investnews.com.br\/?p=522109"},"modified":"2025-10-23T10:59:11","modified_gmt":"2025-10-23T13:59:11","slug":"campos-neto-e-importante-que-venha-melhora-na-arrecadacao","status":"publish","type":"post","link":"https:\/\/investnews.com.br\/economia\/campos-neto-e-importante-que-venha-melhora-na-arrecadacao\/","title":{"rendered":"Campos Neto: \u2018\u00c9 importante que venha melhora na arrecada\u00e7\u00e3o&#8217;"},"content":{"rendered":"<p>Em uma semana marcada pela<a href=\"https:\/\/investnews.com.br\/economia\/camara-aprova-arcabouco-fiscal-proposta-vai-para-sancao\/\"> aprova\u00e7\u00e3o do arcabou\u00e7o fiscal<\/a> no Congresso Nacional, o presidente do Banco Central, Roberto Campos Neto, afirmou neste s\u00e1bado (26) que \u00e9 importante que o Brasil tenha melhora na arrecada\u00e7\u00e3o.<\/p><p>Durante participa\u00e7\u00e3o no painel <strong>\u201c<\/strong>As oportunidades do Brasil<strong>\u201d<\/strong> na 2\u00aa edi\u00e7\u00e3o do F\u00f3rum Esfera, realizada no Guaruj\u00e1 (SP), o presidente da autoridade monet\u00e1ria disse que conforme as medidas arrecadat\u00f3rias se concretizam, fazem com que o movimento de juros seja mais eficiente.<\/p><figure class=\"wp-block-image size-large\"><img loading=\"lazy\" decoding=\"async\" width=\"1024\" height=\"683\" src=\"https:\/\/media.investnews.com.br\/uploads\/2023\/04\/2023-04-12T160448Z_1_LYNXMPEJ3B0ND_RTROPTP_4_BRAZIL-ECONOMY-CENTRALBANK-1024x683.jpg\" alt=\"Homem de \u00f3culos e terno azul falando em microfones com fundo escuro.\" class=\"wp-image-463983\" srcset=\"https:\/\/media.investnews.com.br\/uploads\/2023\/04\/2023-04-12T160448Z_1_LYNXMPEJ3B0ND_RTROPTP_4_BRAZIL-ECONOMY-CENTRALBANK-1024x683.jpg 1024w, https:\/\/media.investnews.com.br\/uploads\/2023\/04\/2023-04-12T160448Z_1_LYNXMPEJ3B0ND_RTROPTP_4_BRAZIL-ECONOMY-CENTRALBANK-300x200.jpg 300w, https:\/\/media.investnews.com.br\/uploads\/2023\/04\/2023-04-12T160448Z_1_LYNXMPEJ3B0ND_RTROPTP_4_BRAZIL-ECONOMY-CENTRALBANK-768x512.jpg 768w, https:\/\/media.investnews.com.br\/uploads\/2023\/04\/2023-04-12T160448Z_1_LYNXMPEJ3B0ND_RTROPTP_4_BRAZIL-ECONOMY-CENTRALBANK-1536x1025.jpg 1536w, https:\/\/media.investnews.com.br\/uploads\/2023\/04\/2023-04-12T160448Z_1_LYNXMPEJ3B0ND_RTROPTP_4_BRAZIL-ECONOMY-CENTRALBANK-1256x838.jpg 1256w, https:\/\/media.investnews.com.br\/uploads\/2023\/04\/2023-04-12T160448Z_1_LYNXMPEJ3B0ND_RTROPTP_4_BRAZIL-ECONOMY-CENTRALBANK-172x115.jpg 172w, https:\/\/media.investnews.com.br\/uploads\/2023\/04\/2023-04-12T160448Z_1_LYNXMPEJ3B0ND_RTROPTP_4_BRAZIL-ECONOMY-CENTRALBANK-150x100.jpg 150w, https:\/\/media.investnews.com.br\/uploads\/2023\/04\/2023-04-12T160448Z_1_LYNXMPEJ3B0ND_RTROPTP_4_BRAZIL-ECONOMY-CENTRALBANK.jpg 2048w\" sizes=\"auto, (max-width: 1024px) 100vw, 1024px\" \/><figcaption class=\"wp-element-caption\">Roberto\u00a0Campos\u00a0Neto, presidente do Banco Central, em Bras\u00edlia, Brasil\n15\/02\/2023\nREUTERS\/Adriano Machado<\/figcaption><\/figure><p>&#8220;N\u00e3o olhamos medidas espec\u00edficas e entendemos que \u00e9 importante que venha melhora na arrecada\u00e7\u00e3o. A arrecada\u00e7\u00e3o corrente est\u00e1 frustrando um pouco, \u00e9 importante medidas sustent\u00e1veis, que a gente consiga perpetuar sua cobran\u00e7a com efici\u00eancia&#8221;, afirmou\u00a0 Campos Neto.<\/p><p>No \u00faltimo dia 22, a C\u00e2mara aprovou o <a href=\"https:\/\/investnews.com.br\/economia\/haddad-anuncia-novo-arcabouco-fiscal\/\">novo arcabou\u00e7o fiscal<\/a><strong>,<\/strong> conjunto de regras que substituir\u00e1 o teto de gastos no controle das contas p\u00fablicas. O parecer do relator com a inclus\u00e3o de emendas do Senado recebeu 379 votos favor\u00e1veis e 64 contr\u00e1rios. A proposta vai para san\u00e7\u00e3o do presidente<strong> <\/strong>Luiz In\u00e1cio Lula da Silva.<\/p><ul class=\"wp-block-list\">\n<li><strong><em><strong><em>Leia mais: O que \u00e9 <a href=\"https:\/\/investnews.com.br\/guias\/registrato-bacen-o-que-e-e-como-consultar\/\" target=\"_blank\" rel=\"noreferrer noopener\">Registrato Bacen<\/a> e como consultar<\/em><\/strong><\/em><\/strong><\/li>\n<\/ul><h2 class=\"wp-block-heading\"><strong>Pol\u00edtica fiscal<\/strong><\/h2><p>O presidente do Banco Central destacou ainda durante o evento que a autoridade monet\u00e1ria n\u00e3o faz pol\u00edtica fiscal, mas que ela \u00e9 importante, pois, com o trip\u00e9 macroecon\u00f4mico, \u00e9 necess\u00e1rio que tudo esteja andando junto.<\/p><blockquote class=\"wp-block-quote is-layout-flow wp-block-quote-is-layout-flow\">\n<p>&#8220;A infla\u00e7\u00e3o futura n\u00e3o est\u00e1 na meta, ao mesmo tempo olhamos o que o mercado espera. \u00c9 importante entender que, se tem uma converg\u00eancia no fiscal, tem converg\u00eancia no monet\u00e1rio e, muito provavelmente, vai conseguir cair juros de forma consistente e ele vai ficar mais baixo por mais tempo&#8221;.<\/p>\n<cite>ROBERTO CAMPOS NETO, PRESIDENTE DO BC.<\/cite><\/blockquote><p><\/p><p>O presidente do Banco\u00a0 Central reconheceu &#8220;o esfor\u00e7o\u00a0 enorme que o governo tem feito&#8221; para fazer a ancoragem fiscal, mas pontuou que o fiscal n\u00e3o depende s\u00f3 do governo, mas, tamb\u00e9m, de medidas como do Congresso e do\u00a0 Judici\u00e1rio.<\/p><p>&#8220;O governo mostrou que est\u00e1 na dire\u00e7\u00e3o de tentar melhorar o fiscal. O crescimento de gastos por lei \u00e9 relativamente alto. E a\u00ed tem que cortar o resto. O arcabou\u00e7o \u00e9 \u00a0 bem-vindo, trouxe melhora em termos de expectativas&#8221;, disse Campos Neto<strong>.<\/strong><\/p><h2 class=\"wp-block-heading\"><strong>Corte da Selic<\/strong><\/h2><p>Na decis\u00e3o de agosto, o Comit\u00ea de Pol\u00edtica Monet\u00e1ria (<a href=\"https:\/\/investnews.com.br\/guias\/copom-taxa-selic\/\">Copom<\/a>) do Banco Central (BC) reduziu a taxa <a href=\"https:\/\/investnews.com.br\/guias\/taxa-selic\/\">Selic<\/a> em 0,50 ponto percentual, levando a taxa b\u00e1sica de juros ao <a href=\"https:\/\/investnews.com.br\/economia\/copom-reduz-selic-para-1325-ao-ano\/#:~:text=O%20Comit%C3%AA%20de%20Pol%C3%ADtica%20Monet%C3%A1ria,maior%20parte%20do%20mercado%20financeiro.\">patamar de 13,25% ao ano<\/a>. Foi o primeiro corte desde julho de 2020.<\/p><p>Campos Neto disse que o objetivo do Banco Central \u00e9 fazer o &#8220;pouso suave&#8221; no combate \u00e0 infla\u00e7\u00e3o, com menor custo poss\u00edvel para a sociedade.<\/p><p>&#8220;Quero trazer infla\u00e7\u00e3o para baixo com a menor queda poss\u00edvel do PIB, com o menor desemprego e com o m\u00ednimo de ruptura no canal de cr\u00e9dito poss\u00edvel&#8221;, disse.<\/p><h2 class=\"wp-block-heading\"><strong>De olho no fiscal dos Estados Unidos<\/strong><\/h2><p>Campos Neto avaliou durante o evento que, apesar de n\u00e3o estar muito evidenciado, os Estados Unidos est\u00e3o passando pelo que n\u00e3o passa h\u00e1 muito tempo: as pessoas est\u00e3o questionando o fiscal.<\/p><p>&#8220;Com isso, a curva longa de juros sobe um pouco, estamos olhando esse movimento da curva, est\u00e1 associado a um pouco ao fiscal&#8221;, alertou Campos Neto.<\/p><p>O presidente do Banco Central disse ainda que \u00e9 preciso pensar que os Estados Unidos tenham uma desacelera\u00e7\u00e3o econ\u00f4mica grande por causa dos gastos, al\u00e9m da pol\u00edtica monet\u00e1ria que leva tempo para impactar a economia.\u00a0<\/p><p>O Federal Reserve (Fed), banco central dos Estados Unidos, decidiu em sua \u00faltima reuni\u00e3o, em julho, elevar a sua taxa b\u00e1sica de juros em 0,25 ponto percentual, para a faixa de 5,25% a 5,5%, n\u00edvel mais alto desde a crise financeira e recess\u00e3o de 2007 a 2009. O aumento foi o 11\u00ba das 12 \u00faltimas reuni\u00f5es.<\/p>\n","protected":false},"excerpt":{"rendered":"<p>Presidente do Banco Central fez declara\u00e7\u00e3o durante debate sobre reformas em evento no Guaruj\u00e1 (SP) em semana marcada pela aprova\u00e7\u00e3o do arcabou\u00e7o fiscal.<\/p>\n","protected":false},"author":5,"featured_media":393845,"comment_status":"closed","ping_status":"open","sticky":false,"template":"","format":"standard","meta":{"_acf_changed":false,"inline_featured_image":false,"footnotes":""},"categories":[5],"tags":[56,1636,112861],"autor-wsj":[],"coauthors":[2269],"class_list":["post-522109","post","type-post","status-publish","format-standard","has-post-thumbnail","hentry","category-economia","tag-banco-central","tag-contas-publicas","tag-roberto-campos-neto"],"acf":[],"amp_enabled":true,"_links":{"self":[{"href":"https:\/\/investnews.com.br\/inv-api\/wp\/v2\/posts\/522109","targetHints":{"allow":["GET"]}}],"collection":[{"href":"https:\/\/investnews.com.br\/inv-api\/wp\/v2\/posts"}],"about":[{"href":"https:\/\/investnews.com.br\/inv-api\/wp\/v2\/types\/post"}],"author":[{"embeddable":true,"href":"https:\/\/investnews.com.br\/inv-api\/wp\/v2\/users\/5"}],"replies":[{"embeddable":true,"href":"https:\/\/investnews.com.br\/inv-api\/wp\/v2\/comments?post=522109"}],"version-history":[{"count":10,"href":"https:\/\/investnews.com.br\/inv-api\/wp\/v2\/posts\/522109\/revisions"}],"predecessor-version":[{"id":703658,"href":"https:\/\/investnews.com.br\/inv-api\/wp\/v2\/posts\/522109\/revisions\/703658"}],"wp:featuredmedia":[{"embeddable":true,"href":"https:\/\/investnews.com.br\/inv-api\/wp\/v2\/media\/393845"}],"wp:attachment":[{"href":"https:\/\/investnews.com.br\/inv-api\/wp\/v2\/media?parent=522109"}],"wp:term":[{"taxonomy":"category","embeddable":true,"href":"https:\/\/investnews.com.br\/inv-api\/wp\/v2\/categories?post=522109"},{"taxonomy":"post_tag","embeddable":true,"href":"https:\/\/investnews.com.br\/inv-api\/wp\/v2\/tags?post=522109"},{"taxonomy":"autor-wsj","embeddable":true,"href":"https:\/\/investnews.com.br\/inv-api\/wp\/v2\/autor-wsj?post=522109"},{"taxonomy":"author","embeddable":true,"href":"https:\/\/investnews.com.br\/inv-api\/wp\/v2\/coauthors?post=522109"}],"curies":[{"name":"wp","href":"https:\/\/api.w.org\/{rel}","templated":true}]}}