{"id":523670,"date":"2023-08-31T16:16:39","date_gmt":"2023-08-31T19:16:39","guid":{"rendered":"https:\/\/investnews.com.br\/?p=523670"},"modified":"2025-08-08T16:25:34","modified_gmt":"2025-08-08T19:25:34","slug":"tebet-orcamento-tem-receitas-conservadoras-e-meta-de-primario-zero-para-2024","status":"publish","type":"post","link":"https:\/\/investnews.com.br\/economia\/tebet-orcamento-tem-receitas-conservadoras-e-meta-de-primario-zero-para-2024\/","title":{"rendered":"Tebet: Or\u00e7amento tem receitas conservadoras e meta de prim\u00e1rio zero para 2024"},"content":{"rendered":"<p>A ministra do Planejamento e Or\u00e7amento, Simone Tebet, afirmou na tarde desta quinta-feira (31), durante coletiva de imprensa, que a pe\u00e7a or\u00e7ament\u00e1ria para 2024 est\u00e1 equilibrada, com todas as despesas contratadas e as receitas delineadas, com o objetivo de alcan\u00e7ar a meta de resultado prim\u00e1rio zero.<\/p><figure class=\"wp-block-image size-large\"><img loading=\"lazy\" decoding=\"async\" width=\"1024\" height=\"683\" src=\"https:\/\/media.investnews.com.br\/uploads\/2023\/08\/2023-08-31T173320Z_1_LYNXMPEJ7U0WR_RTROPTP_4_ORCAMENTO-TEBET-1-1024x683.jpg\" alt=\"Mulher de cabelo escuro, camisa vermelha e blazer, fala em microfone e gesticula com o punho cerrado.\" class=\"wp-image-523674\" srcset=\"https:\/\/media.investnews.com.br\/uploads\/2023\/08\/2023-08-31T173320Z_1_LYNXMPEJ7U0WR_RTROPTP_4_ORCAMENTO-TEBET-1-1024x683.jpg 1024w, https:\/\/media.investnews.com.br\/uploads\/2023\/08\/2023-08-31T173320Z_1_LYNXMPEJ7U0WR_RTROPTP_4_ORCAMENTO-TEBET-1-300x200.jpg 300w, https:\/\/media.investnews.com.br\/uploads\/2023\/08\/2023-08-31T173320Z_1_LYNXMPEJ7U0WR_RTROPTP_4_ORCAMENTO-TEBET-1-768x512.jpg 768w, https:\/\/media.investnews.com.br\/uploads\/2023\/08\/2023-08-31T173320Z_1_LYNXMPEJ7U0WR_RTROPTP_4_ORCAMENTO-TEBET-1-1536x1025.jpg 1536w, https:\/\/media.investnews.com.br\/uploads\/2023\/08\/2023-08-31T173320Z_1_LYNXMPEJ7U0WR_RTROPTP_4_ORCAMENTO-TEBET-1-1256x838.jpg 1256w, https:\/\/media.investnews.com.br\/uploads\/2023\/08\/2023-08-31T173320Z_1_LYNXMPEJ7U0WR_RTROPTP_4_ORCAMENTO-TEBET-1-172x115.jpg 172w, https:\/\/media.investnews.com.br\/uploads\/2023\/08\/2023-08-31T173320Z_1_LYNXMPEJ7U0WR_RTROPTP_4_ORCAMENTO-TEBET-1-150x100.jpg 150w, https:\/\/media.investnews.com.br\/uploads\/2023\/08\/2023-08-31T173320Z_1_LYNXMPEJ7U0WR_RTROPTP_4_ORCAMENTO-TEBET-1.jpg 2048w\" sizes=\"auto, (max-width: 1024px) 100vw, 1024px\" \/><figcaption class=\"wp-element-caption\">Ministra do Planejamento e Or\u00e7amento, Simone Tebet, durante cerim\u00f4nia no Pal\u00e1cio do Planalto\n30\/08\/2023 REUTERS\/Adriano Machado<\/figcaption><\/figure><p>Ao lado do ministro da Fazenda, Fernando Haddad, Tebet afirmou ainda que a proposta de Or\u00e7amento ser\u00e1 encaminhada ao Congresso Nacional at\u00e9 as 19h desta quinta-feira e s\u00f3 ent\u00e3o os dados do texto ser\u00e3o tornados p\u00fablicos.<\/p><ul class=\"wp-block-list\">\n<li><strong><em>Voc\u00ea sabe quem \u00e9 <\/em><\/strong><a href=\"https:\/\/investnews.com.br\/perfis\/fernando-haddad\/\" target=\"_blank\" rel=\"noreferrer noopener\">Fernando Haddad<\/a><strong><em>? Conhe\u00e7a sua forma\u00e7\u00e3o, cargos anteriores e mais<\/em><\/strong><\/li>\n<\/ul><p>&#8220;Estamos diante de Or\u00e7amento muito equilibrado, com todas as despesas contratadas, com todas as receitas muito bem delineadas, naquilo que a Receita normalmente faz, que \u00e9 ser muito conservadora nos n\u00fameros&#8221;, disse Tebet.<\/p><p>A ministra pontuou ainda que o Or\u00e7amento foi um &#8220;grande desafio&#8221; e &#8220;o mais complexo em toda a hist\u00f3ria&#8221;.<\/p><p>Ela afirmou, ainda, que o n\u00edvel de despesas previsto no Or\u00e7amento equivale a 19,2% do PIB o que, segundo a ministra, est\u00e1 dentro da m\u00e9dia hist\u00f3rica. &#8220;N\u00e3o houve acr\u00e9scimo&#8221;, disse.<\/p><p>Para que o resultado prim\u00e1rio do governo federal feche o pr\u00f3ximo ano em zero, ser\u00e1 necess\u00e1ria uma <strong>receita bruta extra de R$ 168 bilh\u00f5es<\/strong>. Excluindo os repasses a estados e munic\u00edpios, a <strong>demanda adicional de receitas para a Uni\u00e3o \u00e9 de R$ 124 bilh\u00f5es<\/strong>, disse Tebet.<\/p><h2 class=\"wp-block-heading\">Sal\u00e1rio m\u00ednimo<\/h2><p>Tebet disse que o\u00a0sal\u00e1rio\u00a0m\u00ednimo ter\u00e1 valor de<strong> R$ 1.421<\/strong> na proposta de Or\u00e7amento para o ano que vem.<\/p><p>O valor, no entanto, ainda pode mudar a depender da infla\u00e7\u00e3o. Atualmente, o\u00a0sal\u00e1rio\u00a0m\u00ednimo est\u00e1 em R$ 1.320.<\/p>\n","protected":false},"excerpt":{"rendered":"<p>Ministra ainda que o\u00a0sal\u00e1rio\u00a0m\u00ednimo ter\u00e1 valor de R$ 1.421 na proposta de Or\u00e7amento para o ano que vem.<\/p>\n","protected":false},"author":61,"featured_media":523674,"comment_status":"closed","ping_status":"open","sticky":false,"template":"","format":"standard","meta":{"_acf_changed":false,"inline_featured_image":false,"footnotes":""},"categories":[5],"tags":[1636],"autor-wsj":[],"coauthors":[2494],"class_list":["post-523670","post","type-post","status-publish","format-standard","has-post-thumbnail","hentry","category-economia","tag-contas-publicas"],"acf":[],"amp_enabled":true,"_links":{"self":[{"href":"https:\/\/investnews.com.br\/inv-api\/wp\/v2\/posts\/523670","targetHints":{"allow":["GET"]}}],"collection":[{"href":"https:\/\/investnews.com.br\/inv-api\/wp\/v2\/posts"}],"about":[{"href":"https:\/\/investnews.com.br\/inv-api\/wp\/v2\/types\/post"}],"author":[{"embeddable":true,"href":"https:\/\/investnews.com.br\/inv-api\/wp\/v2\/users\/61"}],"replies":[{"embeddable":true,"href":"https:\/\/investnews.com.br\/inv-api\/wp\/v2\/comments?post=523670"}],"version-history":[{"count":8,"href":"https:\/\/investnews.com.br\/inv-api\/wp\/v2\/posts\/523670\/revisions"}],"predecessor-version":[{"id":703621,"href":"https:\/\/investnews.com.br\/inv-api\/wp\/v2\/posts\/523670\/revisions\/703621"}],"wp:featuredmedia":[{"embeddable":true,"href":"https:\/\/investnews.com.br\/inv-api\/wp\/v2\/media\/523674"}],"wp:attachment":[{"href":"https:\/\/investnews.com.br\/inv-api\/wp\/v2\/media?parent=523670"}],"wp:term":[{"taxonomy":"category","embeddable":true,"href":"https:\/\/investnews.com.br\/inv-api\/wp\/v2\/categories?post=523670"},{"taxonomy":"post_tag","embeddable":true,"href":"https:\/\/investnews.com.br\/inv-api\/wp\/v2\/tags?post=523670"},{"taxonomy":"autor-wsj","embeddable":true,"href":"https:\/\/investnews.com.br\/inv-api\/wp\/v2\/autor-wsj?post=523670"},{"taxonomy":"author","embeddable":true,"href":"https:\/\/investnews.com.br\/inv-api\/wp\/v2\/coauthors?post=523670"}],"curies":[{"name":"wp","href":"https:\/\/api.w.org\/{rel}","templated":true}]}}