{"id":524306,"date":"2023-09-04T21:15:32","date_gmt":"2023-09-05T00:15:32","guid":{"rendered":"https:\/\/investnews.com.br\/?p=524306"},"modified":"2025-08-08T16:25:16","modified_gmt":"2025-08-08T19:25:16","slug":"ficou-sabendo-ford-adia-producao-de-suv-gpa-vende-imovel-americanas","status":"publish","type":"post","link":"https:\/\/investnews.com.br\/negocios\/ficou-sabendo-ford-adia-producao-de-suv-gpa-vende-imovel-americanas\/","title":{"rendered":"Ficou sabendo? Ford adia produ\u00e7\u00e3o de SUV; GPA vende im\u00f3vel; Americanas"},"content":{"rendered":"<h2 class=\"wp-block-heading\">Ford adia produ\u00e7\u00e3o em s\u00e9rie do SUV Explorer na Europa<\/h2><p>A Ford adiar\u00e1 em cerca de seis meses a produ\u00e7\u00e3o em s\u00e9rie de seu t\u00e3o aguardado modelo SUV Explorer em sua unidade na cidade alem\u00e3 de Col\u00f4nia para esperar pela disponibilidade de uma nova gera\u00e7\u00e3o de tecnologia de bateria da Volkswagen, disse o chefe da montadora na Alemanha nesta segunda-feira.<\/p><figure class=\"wp-block-image size-large\"><img loading=\"lazy\" decoding=\"async\" width=\"1024\" height=\"684\" src=\"https:\/\/media.investnews.com.br\/uploads\/2023\/09\/2023-09-04T215448Z_1_LYNXMPEJ830LH_RTROPTP_4_AUTOSHOW-SHANGHAI-1024x684.jpg\" alt=\"Quatro pessoas em frente ao logo da Ford, parede com luzes azuis, todas usando celulares.\" class=\"wp-image-524307\" srcset=\"https:\/\/media.investnews.com.br\/uploads\/2023\/09\/2023-09-04T215448Z_1_LYNXMPEJ830LH_RTROPTP_4_AUTOSHOW-SHANGHAI-1024x684.jpg 1024w, https:\/\/media.investnews.com.br\/uploads\/2023\/09\/2023-09-04T215448Z_1_LYNXMPEJ830LH_RTROPTP_4_AUTOSHOW-SHANGHAI-300x200.jpg 300w, https:\/\/media.investnews.com.br\/uploads\/2023\/09\/2023-09-04T215448Z_1_LYNXMPEJ830LH_RTROPTP_4_AUTOSHOW-SHANGHAI-768x513.jpg 768w, https:\/\/media.investnews.com.br\/uploads\/2023\/09\/2023-09-04T215448Z_1_LYNXMPEJ830LH_RTROPTP_4_AUTOSHOW-SHANGHAI-1536x1025.jpg 1536w, https:\/\/media.investnews.com.br\/uploads\/2023\/09\/2023-09-04T215448Z_1_LYNXMPEJ830LH_RTROPTP_4_AUTOSHOW-SHANGHAI-1256x838.jpg 1256w, https:\/\/media.investnews.com.br\/uploads\/2023\/09\/2023-09-04T215448Z_1_LYNXMPEJ830LH_RTROPTP_4_AUTOSHOW-SHANGHAI-172x115.jpg 172w, https:\/\/media.investnews.com.br\/uploads\/2023\/09\/2023-09-04T215448Z_1_LYNXMPEJ830LH_RTROPTP_4_AUTOSHOW-SHANGHAI-150x100.jpg 150w, https:\/\/media.investnews.com.br\/uploads\/2023\/09\/2023-09-04T215448Z_1_LYNXMPEJ830LH_RTROPTP_4_AUTOSHOW-SHANGHAI.jpg 2048w\" sizes=\"auto, (max-width: 1024px) 100vw, 1024px\" \/><figcaption class=\"wp-element-caption\">Auto show em Xangai, China\n18\/4\/2023 REUTERS\/Aly Song\/Arquivo<\/figcaption><\/figure><p>A produ\u00e7\u00e3o agora come\u00e7ar\u00e1 no ver\u00e3o do pr\u00f3ximo ano no Hemisf\u00e9rio Norte, disse ele em uma entrevista nos bastidores do Sal\u00e3o do Autom\u00f3vel de Munique (IAA), acrescentando que as discuss\u00f5es estavam em andamento sobre o que isso significava para a for\u00e7a de trabalho em Col\u00f4nia.<\/p><p>A montadora norte-americana vende dois SUVs totalmente el\u00e9tricos e uma van e-Transit na Europa, mas sete novos modelos est\u00e3o em prepara\u00e7\u00e3o at\u00e9 2024.<\/p><ul class=\"wp-block-list\">\n<li><strong><em><strong><em>Confira a as a\u00e7\u00f5es da Via Varejo (<a href=\"https:\/\/investnews.com.br\/cotacao\/bhia3-via-varejo\/\" target=\"_blank\" rel=\"noreferrer noopener\">VIIA3<\/a>)<\/em><\/strong><\/em><\/strong><\/li>\n<\/ul><h2 class=\"wp-block-heading\">GPA vende im\u00f3vel onde funcionava Extra no RJ por R$ 247 milh\u00f5es<\/h2><p>O GPA (PCAR3) anunciou nesta segunda-feira que vendeu sua propriedade localizada na Barra da Tijuca, no Estado do Rio de Janeiro, onde antes funcionava um hipermercado Extra, por R$ 247 milh\u00f5es, segundo fato relevante ao mercado.<\/p><p>O pagamento integral da opera\u00e7\u00e3o, que ainda est\u00e1 sujeita ao cumprimento de algumas condi\u00e7\u00f5es previstas em contrato, ocorrer\u00e1 durante o terceiro trimestre de 2023, de acordo com o GPA, que n\u00e3o relevou o comprador.<\/p><p>&#8220;Al\u00e9m da entrada de caixa, proveniente da venda, a aliena\u00e7\u00e3o evitar\u00e1, aproximadamente, 9 milh\u00f5es de reais anuais com despesas de manuten\u00e7\u00e3o atreladas ao im\u00f3vel que se encontra inativo desde outubro de 2022&#8221;, acrescentou a varejista.<\/p><p>O GPA acrescentou que a transa\u00e7\u00e3o est\u00e1 dentro de seu plano para redu\u00e7\u00e3o da d\u00edvida da empresa ao longo de 2023 e 2024.<\/p><h2 class=\"wp-block-heading\">Relator de CPI prop\u00f5e regulamenta\u00e7\u00e3o de mercado ap\u00f3s esc\u00e2ndalo da Americanas<\/h2><p>O deputado Carlos Chiodini (MDB-SC), relator da CPI da Americanas (<a href=\"https:\/\/investnews.com.br\/cotacao\/amer3-americanas\/\">AMER3<\/a>) na C\u00e2mara, decidiu n\u00e3o imputar responsabilidades pela fraude fiscal multibilion\u00e1ria\u00a0da varejista em seu relat\u00f3rio, mas sugere uma s\u00e9rie de medidas para aumentar a responsabiliza\u00e7\u00e3o no <a href=\"https:\/\/investnews.com.br\/guias\/como-funciona-o-mercado-financeiro\/\">mercado financeiro<\/a>.<\/p><figure class=\"wp-block-image size-large\"><img loading=\"lazy\" decoding=\"async\" width=\"1024\" height=\"576\" src=\"https:\/\/media.investnews.com.br\/uploads\/2023\/09\/Amricanas-1024x576.jpg\" alt=\"Loja da Americanas em S\u00e3o Paulo, em setembro de 2023 (Foto: Karina Trevizan\/InvestNews)\" class=\"wp-image-524309\" srcset=\"https:\/\/media.investnews.com.br\/uploads\/2023\/09\/Amricanas-1024x576.jpg 1024w, https:\/\/media.investnews.com.br\/uploads\/2023\/09\/Amricanas-300x169.jpg 300w, https:\/\/media.investnews.com.br\/uploads\/2023\/09\/Amricanas-768x432.jpg 768w, https:\/\/media.investnews.com.br\/uploads\/2023\/09\/Amricanas-172x97.jpg 172w, https:\/\/media.investnews.com.br\/uploads\/2023\/09\/Amricanas-150x84.jpg 150w, https:\/\/media.investnews.com.br\/uploads\/2023\/09\/Amricanas.jpg 1200w\" sizes=\"auto, (max-width: 1024px) 100vw, 1024px\" \/><figcaption class=\"wp-element-caption\">Loja da Americanas em S\u00e3o Paulo, em setembro de 2023 (Foto: Karina Trevizan\/InvestNews)<\/figcaption><\/figure><p>Divulgado nesta segunda-feira, o relat\u00f3rio prop\u00f4s quatro medidas a serem consideradas pelo Congresso com o objetivo de refor\u00e7ar a regula\u00e7\u00e3o\u00a0do mercado.<\/p><ul class=\"wp-block-list\">\n<li>O primeiro projeto sugerido pelo relator prop\u00f5e altera\u00e7\u00f5es na legisla\u00e7\u00e3o para dispor sobre a responsabiliza\u00e7\u00e3o civil de acionistas controladores e administradores das empresas. Tamb\u00e9m prev\u00ea a\u00e7\u00e3o de repara\u00e7\u00e3o contra auditores independentes na hip\u00f3tese de viola\u00e7\u00e3o ao cumprimento de seus deveres.<\/li>\n\n\n\n<li>Uma segunda proposta visa melhorar o acesso das empresas de auditoria independentes \u00e0s informa\u00e7\u00f5es financeiras das empresas que auditam.<\/li>\n\n\n\n<li>O relator prop\u00f5e ainda, no parecer, projeto que tipifica o crime de\u00a0 &#8220;infidelidade patrimonial&#8221;, levando a agentes do mercado financeiro e de capitais o &#8220;senso de responsabilidade&#8221; quanto aos recursos movimentados.\u00a0<\/li>\n\n\n\n<li>A quarta e \u00faltima medida proposta visa aumentar a prote\u00e7\u00e3o do &#8220;informante de boa-f\u00e9&#8221;, figura que, pelo texto, passaria a existir n\u00e3o apenas em crimes contra a administra\u00e7\u00e3o p\u00fablica, mas tamb\u00e9m contra o mercado financeiro nacional ou o mercado de capitais.\u00a0<\/li>\n<\/ul><p>Uma vez aprovado o relat\u00f3rio de Chiodini na CPI, os projetos sugeridos ainda ter\u00e3o de passar por toda a tradicional tramita\u00e7\u00e3o na C\u00e2mara e no Senado.<\/p>\n","protected":false},"excerpt":{"rendered":"<p>Ford adia produ\u00e7\u00e3o em s\u00e9rie do SUV Explorer na Europa.<\/p>\n","protected":false},"author":61,"featured_media":524307,"comment_status":"closed","ping_status":"open","sticky":false,"template":"","format":"standard","meta":{"_acf_changed":false,"inline_featured_image":false,"footnotes":""},"categories":[6],"tags":[187,2321,195],"autor-wsj":[],"coauthors":[2494],"class_list":["post-524306","post","type-post","status-publish","format-standard","has-post-thumbnail","hentry","category-negocios","tag-lojas-americanas","tag-ford","tag-grupo-pao-de-acucar"],"acf":[],"amp_enabled":true,"_links":{"self":[{"href":"https:\/\/investnews.com.br\/inv-api\/wp\/v2\/posts\/524306","targetHints":{"allow":["GET"]}}],"collection":[{"href":"https:\/\/investnews.com.br\/inv-api\/wp\/v2\/posts"}],"about":[{"href":"https:\/\/investnews.com.br\/inv-api\/wp\/v2\/types\/post"}],"author":[{"embeddable":true,"href":"https:\/\/investnews.com.br\/inv-api\/wp\/v2\/users\/61"}],"replies":[{"embeddable":true,"href":"https:\/\/investnews.com.br\/inv-api\/wp\/v2\/comments?post=524306"}],"version-history":[{"count":6,"href":"https:\/\/investnews.com.br\/inv-api\/wp\/v2\/posts\/524306\/revisions"}],"predecessor-version":[{"id":703604,"href":"https:\/\/investnews.com.br\/inv-api\/wp\/v2\/posts\/524306\/revisions\/703604"}],"wp:featuredmedia":[{"embeddable":true,"href":"https:\/\/investnews.com.br\/inv-api\/wp\/v2\/media\/524307"}],"wp:attachment":[{"href":"https:\/\/investnews.com.br\/inv-api\/wp\/v2\/media?parent=524306"}],"wp:term":[{"taxonomy":"category","embeddable":true,"href":"https:\/\/investnews.com.br\/inv-api\/wp\/v2\/categories?post=524306"},{"taxonomy":"post_tag","embeddable":true,"href":"https:\/\/investnews.com.br\/inv-api\/wp\/v2\/tags?post=524306"},{"taxonomy":"autor-wsj","embeddable":true,"href":"https:\/\/investnews.com.br\/inv-api\/wp\/v2\/autor-wsj?post=524306"},{"taxonomy":"author","embeddable":true,"href":"https:\/\/investnews.com.br\/inv-api\/wp\/v2\/coauthors?post=524306"}],"curies":[{"name":"wp","href":"https:\/\/api.w.org\/{rel}","templated":true}]}}