{"id":524664,"date":"2023-09-06T12:18:40","date_gmt":"2023-09-06T15:18:40","guid":{"rendered":"https:\/\/investnews.com.br\/?p=524664"},"modified":"2025-08-08T16:25:05","modified_gmt":"2025-08-08T19:25:05","slug":"acao-da-tenda-sobe-apos-precificacao-de-follow-on-e-recomendacao-de-btg","status":"publish","type":"post","link":"https:\/\/investnews.com.br\/financas\/acao-da-tenda-sobe-apos-precificacao-de-follow-on-e-recomendacao-de-btg\/","title":{"rendered":"A\u00e7\u00e3o da Tenda sobe ap\u00f3s precifica\u00e7\u00e3o de follow-on e recomenda\u00e7\u00e3o de BTG"},"content":{"rendered":"<p>A a\u00e7\u00e3o da Tenda (<a href=\"https:\/\/investnews.com.br\/cotacao\/tend3-tenda\/\">TEND3<\/a>) opera em alta nesta quarta-feira (6), ap\u00f3s precifica\u00e7\u00e3o de <a href=\"https:\/\/investnews.com.br\/guias\/follow-on-saiba-o-que-e-e-como-funciona\/\">follow-on<\/a> e com BTG elevando a recomenda\u00e7\u00e3o de neutra para compra do papel. \u00c0s 12h15, a a\u00e7\u00e3o subia 0,96%, a R$ 12,63.<\/p><figure class=\"wp-block-image size-full\"><img loading=\"lazy\" decoding=\"async\" width=\"1170\" height=\"700\" src=\"https:\/\/media.investnews.com.br\/uploads\/2022\/12\/construcao_civil_2306219897.jpg\" alt=\"Trabalhador de capacete e camisa de seguran\u00e7a carrega telhas de cer\u00e2mica no ombro, em telhado.\" class=\"wp-image-410587\" srcset=\"https:\/\/media.investnews.com.br\/uploads\/2022\/12\/construcao_civil_2306219897.jpg 1170w, https:\/\/media.investnews.com.br\/uploads\/2022\/12\/construcao_civil_2306219897-300x179.jpg 300w, https:\/\/media.investnews.com.br\/uploads\/2022\/12\/construcao_civil_2306219897-1024x613.jpg 1024w, https:\/\/media.investnews.com.br\/uploads\/2022\/12\/construcao_civil_2306219897-768x459.jpg 768w, https:\/\/media.investnews.com.br\/uploads\/2022\/12\/construcao_civil_2306219897-172x103.jpg 172w, https:\/\/media.investnews.com.br\/uploads\/2022\/12\/construcao_civil_2306219897-150x90.jpg 150w\" sizes=\"auto, (max-width: 1170px) 100vw, 1170px\" \/><figcaption class=\"wp-element-caption\">Rio de Janeiro &#8211; Trabalhadores da constru\u00e7\u00e3o civil, oper\u00e1rios reformam telhado de im\u00f3vel em obras no Centro do Rio. (Fernando Fraz\u00e3o\/Ag\u00eancia Brasil)<\/figcaption><\/figure><p>A Tenda homologou na segunda-feira (4) sua oferta subsequente de <a href=\"https:\/\/investnews.com.br\/guias\/acoes-ordinarias-e-preferenciais-entenda\/\">a\u00e7\u00f5es ordin\u00e1rias<\/a> (follow-on), precificadas a R$ 12,50, somando R$ 234,4 milh\u00f5es &#8211; valor que ir\u00e1 reduzir o endividamento da empresa a menos de 10% do <a href=\"https:\/\/investnews.com.br\/guias\/patrimonio-liquido\/\">patrim\u00f4nio l\u00edquido<\/a>.\u00a0<\/p><blockquote class=\"wp-block-quote is-layout-flow wp-block-quote-is-layout-flow\">\n<p>\u201cNeste n\u00edvel de endividamento, a Tenda deve ser tornar mais competitiva dentro do programa Minha Casa Minha Vida, acelerando os lan\u00e7amentos e melhorando seus indicadores ao longo dos pr\u00f3ximos trimestres\u201d<\/p>\n<cite>Ygor Araujo, analista da Genial Investimentos<\/cite><\/blockquote><p><\/p><p>Em relat\u00f3rio divulgado nesta quarta, o BTG elevou o pre\u00e7o-alvo de TEND3 de R$ 6 para R$ 20, com potencial de ganhos de 60%. Em 2023, a a\u00e7\u00e3o da Tenda acumula<strong> alta de 198% at\u00e9 agora. <\/strong><\/p><p>No setor, tamb\u00e9m foram elevados pelo BTG os pre\u00e7os-alvo de MRV (<a href=\"https:\/\/investnews.com.br\/cotacao\/mrve3-mrv\/\">MRVE3<\/a>) e Cury (<a href=\"https:\/\/investnews.com.br\/cotacao\/cury3-cury-s-a\/\">CURY3<\/a>), com recomenda\u00e7\u00e3o de compra. Direcional (<a href=\"https:\/\/investnews.com.br\/cotacao\/dirr3-direcional-engenharia-s-a\/\">DIRR3<\/a>) tamb\u00e9m teve o pre\u00e7o-alvo elevado, mas a recomenda\u00e7\u00e3o dos especialistas \u00e9 neutra.\u00a0<\/p><p>O BTG apontou boas perspectivas para o setor de constru\u00e7\u00e3o, de olho na possibilidade de mais expans\u00f5es do Minha Casa Minha Vida (MCMV) e redu\u00e7\u00e3o dos custos de materiais, elevando as margens.\u00a0<\/p><p>Por\u00e9m, os especialistas tamb\u00e9m apontam riscos no radar, como decis\u00f5es judiciais sobre o Fundo de Garantia do Tempo de Servi\u00e7o (FGTS) que podem atrapalhar os financiamentos imobili\u00e1rios e preocupa\u00e7\u00f5es sobre as contas p\u00fablicas e, consequentemente, o or\u00e7amento do MCMV.\u00a0<\/p>\n","protected":false},"excerpt":{"rendered":"<p>Valor levantado com oferta ir\u00e1 reduzir o endividamento da empresa.<\/p>\n","protected":false},"author":31,"featured_media":410587,"comment_status":"closed","ping_status":"open","sticky":false,"template":"","format":"standard","meta":{"_acf_changed":false,"inline_featured_image":false,"footnotes":""},"categories":[4],"tags":[608],"autor-wsj":[],"coauthors":[1908],"class_list":["post-524664","post","type-post","status-publish","format-standard","has-post-thumbnail","hentry","category-financas","tag-construcao-civil"],"acf":[],"amp_enabled":true,"_links":{"self":[{"href":"https:\/\/investnews.com.br\/inv-api\/wp\/v2\/posts\/524664","targetHints":{"allow":["GET"]}}],"collection":[{"href":"https:\/\/investnews.com.br\/inv-api\/wp\/v2\/posts"}],"about":[{"href":"https:\/\/investnews.com.br\/inv-api\/wp\/v2\/types\/post"}],"author":[{"embeddable":true,"href":"https:\/\/investnews.com.br\/inv-api\/wp\/v2\/users\/31"}],"replies":[{"embeddable":true,"href":"https:\/\/investnews.com.br\/inv-api\/wp\/v2\/comments?post=524664"}],"version-history":[{"count":5,"href":"https:\/\/investnews.com.br\/inv-api\/wp\/v2\/posts\/524664\/revisions"}],"predecessor-version":[{"id":703593,"href":"https:\/\/investnews.com.br\/inv-api\/wp\/v2\/posts\/524664\/revisions\/703593"}],"wp:featuredmedia":[{"embeddable":true,"href":"https:\/\/investnews.com.br\/inv-api\/wp\/v2\/media\/410587"}],"wp:attachment":[{"href":"https:\/\/investnews.com.br\/inv-api\/wp\/v2\/media?parent=524664"}],"wp:term":[{"taxonomy":"category","embeddable":true,"href":"https:\/\/investnews.com.br\/inv-api\/wp\/v2\/categories?post=524664"},{"taxonomy":"post_tag","embeddable":true,"href":"https:\/\/investnews.com.br\/inv-api\/wp\/v2\/tags?post=524664"},{"taxonomy":"autor-wsj","embeddable":true,"href":"https:\/\/investnews.com.br\/inv-api\/wp\/v2\/autor-wsj?post=524664"},{"taxonomy":"author","embeddable":true,"href":"https:\/\/investnews.com.br\/inv-api\/wp\/v2\/coauthors?post=524664"}],"curies":[{"name":"wp","href":"https:\/\/api.w.org\/{rel}","templated":true}]}}