{"id":525139,"date":"2023-09-11T08:04:49","date_gmt":"2023-09-11T11:04:49","guid":{"rendered":"https:\/\/investnews.com.br\/?p=525139"},"modified":"2023-09-11T08:04:52","modified_gmt":"2023-09-11T11:04:52","slug":"brasil-recebe-presidencia-temporaria-do-g20","status":"publish","type":"post","link":"https:\/\/investnews.com.br\/economia\/brasil-recebe-presidencia-temporaria-do-g20\/","title":{"rendered":"Brasil recebe presid\u00eancia tempor\u00e1ria do G20"},"content":{"rendered":"\n<p>O presidente Luiz In\u00e1cio Lula da Silva (PT) recebeu formalmente no domingo (10) a presid\u00eancia tempor\u00e1ria do G20 durante o encerramento da c\u00fapula das maiores economias do mundo realizada neste fim de semana na \u00cdndia, pa\u00eds que atualmente preside o grupo.<\/p>\n\n\n\n<p>Em seu discurso, Lula afirmou que a presid\u00eancia brasileira do G20, que come\u00e7a em 1\u00ba de dezembro de 2023 e se encerra em 30 de novembro de 2024, ter\u00e1 como prioridades o combate \u00e0 fome, pobreza e desigualdade, a transi\u00e7\u00e3o energ\u00e9tica e o desenvolvimento sustent\u00e1vel e uma reforma do sistema de governan\u00e7a internacional.<\/p>\n\n\n\n<p>&#8220;Se quisermos fazer a diferen\u00e7a, temos que colocar a redu\u00e7\u00e3o das desigualdades no centro da agenda internacional&#8221;, disse Lula, ressaltando que ser\u00e3o criadas no mandato brasileiro duas for\u00e7as-tarefas, a Alian\u00e7a Global contra a a Fome e a Pobreza; e a Mobiliza\u00e7\u00e3o Global contra a Mudan\u00e7a do Clima.<\/p>\n\n\n\n<p>J\u00e1 a reforma do sistema de governan\u00e7a internacional visa dar aos pa\u00edses em desenvolvimento mais condi\u00e7\u00f5es de enfrentar a desigualdade, a fome e a mudan\u00e7a clim\u00e1tica e buscar um futuro mais justo para suas popula\u00e7\u00f5es.<\/p>\n\n\n\n<p>&#8220;Queremos maior participa\u00e7\u00e3o dos pa\u00edses emergentes nas decis\u00f5es do Banco Mundial e do Fundo Monet\u00e1rio Internacional. A insustent\u00e1vel d\u00edvida externa dos pa\u00edses mais pobres precisa ser equacionada&#8221;, disse Lula.<\/p>\n\n\n\n<blockquote class=\"wp-block-quote is-layout-flow wp-block-quote-is-layout-flow\">\n<p>&#8220;A OMC tem que ser revitalizada e seu sistema de solu\u00e7\u00e3o de controv\u00e9rsias precisa voltar a funcionar. Para recuperar for\u00e7a pol\u00edtica, o Conselho de Seguran\u00e7a da ONU precisa contar com a presen\u00e7a de novos pa\u00edses em desenvolvimento entre seus membros permanentes e n\u00e3o permanentes&#8221;, acrescentou.<\/p>\n<\/blockquote>\n\n\n\n<p>A agenda do G20 passar\u00e1 a ser decidida e implementada pelo governo brasileiro a partir de dezembro com apoio direto da \u00cdndia, \u00faltima ocupante da presid\u00eancia do grupo, e da \u00c1frica do Sul, pa\u00eds que exercer\u00e1 o mandato em 2025.<\/p>\n","protected":false},"excerpt":{"rendered":"<p>Foco ser\u00e1 no combate a desigualdades, fome e mudan\u00e7as clim\u00e1ticas.<\/p>\n","protected":false},"author":61,"featured_media":525140,"comment_status":"closed","ping_status":"open","sticky":false,"template":"","format":"standard","meta":{"_acf_changed":false,"inline_featured_image":false,"footnotes":""},"categories":[5],"tags":[155,2370,101773],"autor-wsj":[],"coauthors":[2494],"class_list":["post-525139","post","type-post","status-publish","format-standard","has-post-thumbnail","hentry","category-economia","tag-brasil","tag-luiz-inacio-lula-da-silva","tag-mudancas-climaticas"],"acf":[],"amp_enabled":true,"_links":{"self":[{"href":"https:\/\/investnews.com.br\/inv-api\/wp\/v2\/posts\/525139","targetHints":{"allow":["GET"]}}],"collection":[{"href":"https:\/\/investnews.com.br\/inv-api\/wp\/v2\/posts"}],"about":[{"href":"https:\/\/investnews.com.br\/inv-api\/wp\/v2\/types\/post"}],"author":[{"embeddable":true,"href":"https:\/\/investnews.com.br\/inv-api\/wp\/v2\/users\/61"}],"replies":[{"embeddable":true,"href":"https:\/\/investnews.com.br\/inv-api\/wp\/v2\/comments?post=525139"}],"version-history":[{"count":2,"href":"https:\/\/investnews.com.br\/inv-api\/wp\/v2\/posts\/525139\/revisions"}],"predecessor-version":[{"id":525143,"href":"https:\/\/investnews.com.br\/inv-api\/wp\/v2\/posts\/525139\/revisions\/525143"}],"wp:featuredmedia":[{"embeddable":true,"href":"https:\/\/investnews.com.br\/inv-api\/wp\/v2\/media\/525140"}],"wp:attachment":[{"href":"https:\/\/investnews.com.br\/inv-api\/wp\/v2\/media?parent=525139"}],"wp:term":[{"taxonomy":"category","embeddable":true,"href":"https:\/\/investnews.com.br\/inv-api\/wp\/v2\/categories?post=525139"},{"taxonomy":"post_tag","embeddable":true,"href":"https:\/\/investnews.com.br\/inv-api\/wp\/v2\/tags?post=525139"},{"taxonomy":"autor-wsj","embeddable":true,"href":"https:\/\/investnews.com.br\/inv-api\/wp\/v2\/autor-wsj?post=525139"},{"taxonomy":"author","embeddable":true,"href":"https:\/\/investnews.com.br\/inv-api\/wp\/v2\/coauthors?post=525139"}],"curies":[{"name":"wp","href":"https:\/\/api.w.org\/{rel}","templated":true}]}}