{"id":525157,"date":"2023-09-11T09:08:52","date_gmt":"2023-09-11T12:08:52","guid":{"rendered":"https:\/\/investnews.com.br\/?p=525157"},"modified":"2025-08-08T16:24:44","modified_gmt":"2025-08-08T19:24:44","slug":"americanas-refuta-argumentacoes-de-ex-ceo-e-acusa-miguel-gutierrez-por-fraude","status":"publish","type":"post","link":"https:\/\/investnews.com.br\/negocios\/americanas-refuta-argumentacoes-de-ex-ceo-e-acusa-miguel-gutierrez-por-fraude\/","title":{"rendered":"Americanas refuta argumenta\u00e7\u00f5es de ex-CEO e acusa Miguel Gutierrez por fraude"},"content":{"rendered":"<p>A <strong>Americanas<\/strong> (<a href=\"https:\/\/investnews.com.br\/cotacao\/amer3-americanas\/\">AMER3<\/a>) voltou a refutar as argumenta\u00e7\u00f5es do ex-CEO da empresa, Miguel Gutierrez, apresentadas em processo judicial movido pelo <strong>Bradesco<\/strong> (<a href=\"https:\/\/investnews.com.br\/cotacao\/bbdc4-bco-bradesco\/\" target=\"_blank\" rel=\"noreferrer noopener\">BBDC4<\/a>) contra a companhia por <a href=\"https:\/\/investnews.com.br\/negocios\/caso-americanas-completa-6-meses-com-dados-escassos-e-falta-de-clareza\/\">suposta fraude cont\u00e1bil<\/a>.<\/p><p>No documento, protocolado em 10 de setembro, a varejista reiterou que o ex-dirigente\u00a0n\u00e3o apresentou contraprovas, em nenhum momento, para os documentos e fatos apresentados \u00e0 Comiss\u00e3o Parlamentar de Inqu\u00e9rito (CPI) que investiga a fraude cont\u00e1bil anunciada em janeiro deste ano e diz que\u00a0executivo tem responsabilidade direta na fraude nas contas da empresa.<\/p><blockquote class=\"wp-block-quote is-layout-flow wp-block-quote-is-layout-flow\">\n<p>&#8220;A companhia reitera que o ex-dirigente da Americanas n\u00e3o apresentou contraprovas, em nenhum momento, para os documentos e fatos apresentados \u00e0 Comiss\u00e3o Parlamentar de Inqu\u00e9rito (CPI) no dia 13 de junho de 2023, que demonstram a sua participa\u00e7\u00e3o na fraude, evidenciada novamente em mais dados apresentados nesta manifesta\u00e7\u00e3o aos autos do referido processo&#8221;<\/p>\n<cite>Americanas, em nota<\/cite><\/blockquote><p><\/p><p>A varejista diz que um arquivo digitalizado com anota\u00e7\u00f5es de pr\u00f3prio punho de Miguel Gutierrez, localizadas em equipamento eletr\u00f4nico da companhia por ele utilizado, em materiais que apontam a exist\u00eancia de duas vers\u00f5es dos demonstrativos da Americanas, uma de uso interno da antiga diretoria e outra destinada ao conselho de administra\u00e7\u00e3o.<\/p><figure class=\"wp-block-image size-full\"><img loading=\"lazy\" decoding=\"async\" width=\"1170\" height=\"700\" src=\"https:\/\/media.investnews.com.br\/uploads\/2023\/02\/amer.jpg\" alt=\"Entrada de uma loja Americanas com dois seguran\u00e7as em p\u00e9 na frente.\" class=\"wp-image-434366\" srcset=\"https:\/\/media.investnews.com.br\/uploads\/2023\/02\/amer.jpg 1170w, https:\/\/media.investnews.com.br\/uploads\/2023\/02\/amer-300x179.jpg 300w, https:\/\/media.investnews.com.br\/uploads\/2023\/02\/amer-1024x613.jpg 1024w, https:\/\/media.investnews.com.br\/uploads\/2023\/02\/amer-768x459.jpg 768w, https:\/\/media.investnews.com.br\/uploads\/2023\/02\/amer-172x103.jpg 172w, https:\/\/media.investnews.com.br\/uploads\/2023\/02\/amer-150x90.jpg 150w\" sizes=\"auto, (max-width: 1170px) 100vw, 1170px\" \/><figcaption class=\"wp-element-caption\">Fachada de loja das Americanas\nCr\u00e9dito: T\u00e2nia R\u00eago\/Ag\u00eancia Brasil<\/figcaption><\/figure><p>A Americanas afirma a exist\u00eancia de um e-mail enviado por Miguel Gutierrez aos ex-diretores, com orienta\u00e7\u00f5es para que n\u00e3o fossem levadas, em reuni\u00e3o com S\u00e9rgio Rial, respostas a d\u00favidas sens\u00edveis em rela\u00e7\u00e3o ao 4T22 e endividamento da companhia.<\/p><p>E que o e-mail enviado pelo ex-CEO aos ex-diretores envolvidos na fraude, pelo qual Miguel Gutierrez reclama do \u201cmar de coment\u00e1rios\u201d, referindo-se a diligentes questionamentos dos membros do Comit\u00ea de Auditoria, em linha com as boas pr\u00e1ticas de governan\u00e7a recomendadas.<\/p><p>&#8220;Adicionalmente, foram identificadas v\u00e1rias contradi\u00e7\u00f5es e mentiras nas alega\u00e7\u00f5es contidas na carta apresentada por Miguel Gutierrez, tais como: Miguel Gutierrez alega que a companhia passava por situa\u00e7\u00e3o financeira dif\u00edcil no segundo semestre, que precisaria de aporte de capital e que todos os \u00f3rg\u00e3os da administra\u00e7\u00e3o tinham ci\u00eancia desse fato.&#8221;&#8221; <\/p><p>&#8220;Documentos apresentados ao Comit\u00ea Financeiro em 07 de novembro de 2022, arquivados no portal de governan\u00e7a da companhia e j\u00e1 disponibilizados \u00e0 CPI e demais autoridades, mostram de forma inequ\u00edvoca que a antiga diretoria, liderada por Miguel Gutierrez, apresentou aos conselheiros vis\u00e3o de que a Americanas geraria R$ 500 milh\u00f5es de caixa no quarto trimestre de 2022 e continuaria gerando caixa nos anos subsequentes, mantendo \u00edndice de endividamento financeiro saud\u00e1vel&#8221;, afirma.<\/p><ul class=\"wp-block-list\">\n<li><strong><em><strong><em>Confira a as a\u00e7\u00f5es da Via Varejo (<a href=\"https:\/\/investnews.com.br\/cotacao\/bhia3-via-varejo\/\" target=\"_blank\" rel=\"noreferrer noopener\">VIIA3<\/a>)<\/em><\/strong><\/em><\/strong><\/li>\n<\/ul><figure class=\"wp-block-image size-full\"><img loading=\"lazy\" decoding=\"async\" width=\"1024\" height=\"768\" src=\"https:\/\/media.investnews.com.br\/uploads\/2023\/09\/05092023-lula6023-1.jpg\" alt=\"Sess\u00e3o de plen\u00e1rio com deputados e secret\u00e1rios sentados, tela exibindo participantes e timer digital zerado.\" class=\"wp-image-524574\" srcset=\"https:\/\/media.investnews.com.br\/uploads\/2023\/09\/05092023-lula6023-1.jpg 1024w, https:\/\/media.investnews.com.br\/uploads\/2023\/09\/05092023-lula6023-1-300x225.jpg 300w, https:\/\/media.investnews.com.br\/uploads\/2023\/09\/05092023-lula6023-1-768x576.jpg 768w, https:\/\/media.investnews.com.br\/uploads\/2023\/09\/05092023-lula6023-1-172x129.jpg 172w, https:\/\/media.investnews.com.br\/uploads\/2023\/09\/05092023-lula6023-1-150x113.jpg 150w\" sizes=\"auto, (max-width: 1024px) 100vw, 1024px\" \/><figcaption class=\"wp-element-caption\">Bras\u00edlia (DF)05\/09\/2023 Relator da CPI das lojas Americanas deputado, Carlos Chiodini,  ler seu relat\u00f3rio na comiss\u00e3o.  Foto Lula Marques\/ Ag\u00eancia Brasil<\/figcaption><\/figure><p>De acordo com a empresa, outra argumenta\u00e7\u00e3o sem fundamento apresentada \u00e9 a de que os \u00f3rg\u00e3os sociais deliberavam sobre quest\u00f5es estrat\u00e9gicas da Americanas sem conhecimento e participa\u00e7\u00e3o do ex-CEO Miguel Gutierrez. <\/p><p>Em nota, a Americanas reiterou\u00a0que \u201c\u00a0tanto as afirma\u00e7\u00f5es supracitadas quanto as evid\u00eancias que as certificam constam da peti\u00e7\u00e3o protocolada em resposta ao agravo em processo judicial de autoria do Bradesco e lamenta a posi\u00e7\u00e3o da institui\u00e7\u00e3o financeira, n\u00e3o compartilhada pelos demais bancos credores da companhia, que seguem empenhados num consenso ao Plano de <a href=\"https:\/\/investnews.com.br\/guias\/recuperacao-judicial\/\">Recupera\u00e7\u00e3o Judicial<\/a>\u201d.<\/p><p>A Americanas reafirma que &#8220;o relat\u00f3rio preliminar apresentado na Comiss\u00e3o Parlamentar de Inqu\u00e9rito se baseia em documentos levantados pelo Comit\u00ea de Investiga\u00e7\u00e3o Independente, al\u00e9m de documentos complementares identificados pela Administra\u00e7\u00e3o e seus assessores jur\u00eddicos, que formataram os documentos em um relat\u00f3rio que indica que as demonstra\u00e7\u00f5es financeiras da companhia vinham sendo fraudadas pela diretoria anterior da Americanas, capitaneada pelo senhor Miguel Gutierrez&#8221;.<\/p><p>E, por fim, a Americanas refor\u00e7a que \u00e9 a maior interessada no esclarecimento dos fatos e que ir\u00e1 responsabilizar judicialmente todos os envolvidos na fraude.<br>\u00a0<\/p>\n","protected":false},"excerpt":{"rendered":"<p>Varejista \u00e9 investigada por fraude ap\u00f3s apresentar inconsist\u00eancia cont\u00e1bil.<\/p>\n","protected":false},"author":73,"featured_media":524309,"comment_status":"closed","ping_status":"open","sticky":false,"template":"","format":"standard","meta":{"_acf_changed":false,"inline_featured_image":false,"footnotes":""},"categories":[6],"tags":[187,156],"autor-wsj":[],"coauthors":[101284],"class_list":["post-525157","post","type-post","status-publish","format-standard","has-post-thumbnail","hentry","category-negocios","tag-lojas-americanas","tag-bradesco"],"acf":[],"amp_enabled":true,"_links":{"self":[{"href":"https:\/\/investnews.com.br\/inv-api\/wp\/v2\/posts\/525157","targetHints":{"allow":["GET"]}}],"collection":[{"href":"https:\/\/investnews.com.br\/inv-api\/wp\/v2\/posts"}],"about":[{"href":"https:\/\/investnews.com.br\/inv-api\/wp\/v2\/types\/post"}],"author":[{"embeddable":true,"href":"https:\/\/investnews.com.br\/inv-api\/wp\/v2\/users\/73"}],"replies":[{"embeddable":true,"href":"https:\/\/investnews.com.br\/inv-api\/wp\/v2\/comments?post=525157"}],"version-history":[{"count":25,"href":"https:\/\/investnews.com.br\/inv-api\/wp\/v2\/posts\/525157\/revisions"}],"predecessor-version":[{"id":703572,"href":"https:\/\/investnews.com.br\/inv-api\/wp\/v2\/posts\/525157\/revisions\/703572"}],"wp:featuredmedia":[{"embeddable":true,"href":"https:\/\/investnews.com.br\/inv-api\/wp\/v2\/media\/524309"}],"wp:attachment":[{"href":"https:\/\/investnews.com.br\/inv-api\/wp\/v2\/media?parent=525157"}],"wp:term":[{"taxonomy":"category","embeddable":true,"href":"https:\/\/investnews.com.br\/inv-api\/wp\/v2\/categories?post=525157"},{"taxonomy":"post_tag","embeddable":true,"href":"https:\/\/investnews.com.br\/inv-api\/wp\/v2\/tags?post=525157"},{"taxonomy":"autor-wsj","embeddable":true,"href":"https:\/\/investnews.com.br\/inv-api\/wp\/v2\/autor-wsj?post=525157"},{"taxonomy":"author","embeddable":true,"href":"https:\/\/investnews.com.br\/inv-api\/wp\/v2\/coauthors?post=525157"}],"curies":[{"name":"wp","href":"https:\/\/api.w.org\/{rel}","templated":true}]}}