{"id":525556,"date":"2023-09-12T09:03:43","date_gmt":"2023-09-12T12:03:43","guid":{"rendered":"https:\/\/investnews.com.br\/?p=525556"},"modified":"2025-08-08T16:24:37","modified_gmt":"2025-08-08T19:24:37","slug":"ipca-sobe-023-em-agosto-com-aumento-no-preco-da-energia-eletrica","status":"publish","type":"post","link":"https:\/\/investnews.com.br\/economia\/ipca-sobe-023-em-agosto-com-aumento-no-preco-da-energia-eletrica\/","title":{"rendered":"IPCA sobe 0,23% em agosto com aumento no pre\u00e7o da energia el\u00e9trica"},"content":{"rendered":"<p>O\u00a0<strong>\u00cdndice Nacional de Pre\u00e7os ao Consumidor Amplo (<a href=\"https:\/\/investnews.com.br\/guias\/o-que-e-ipca\/\" target=\"_blank\" rel=\"noreferrer noopener\">IPCA<\/a>)<\/strong>, que mede a infla\u00e7\u00e3o oficial do pa\u00eds, teve\u00a0alta de 0,23%, ante<strong> <\/strong><a href=\"https:\/\/investnews.com.br\/economia\/ipca-fica-em-012-em-julho-com-alta-no-preco-da-gasolina\/\">varia\u00e7\u00e3o positiva de 0,12% em julho<\/a>, de acordo com divulga\u00e7\u00e3o do Instituto Brasileiro de Geografia e Estat\u00edstica (IBGE) nesta ter\u00e7a-feira (12).<\/p><p>Apesar da alta, o \u00edndice ficou abaixo do esperado pelo mercado, de 0,28%.<\/p><p>No ano, o <a href=\"https:\/\/investnews.com.br\/guias\/o-que-e-ipca\/\">IPCA<\/a> acumula alta de 3,23% e, nos \u00faltimos 12 meses, de 4,61%, acima dos 3,99% observados nos 12 meses anteriores. O teto da meta da infla\u00e7\u00e3o para este ano \u00e9 de 4,75%. Em agosto de 2022, a varia\u00e7\u00e3o havia sido de -0,36%.\u00a0<\/p><p>Dos nove grupos de produtos e servi\u00e7os pesquisados, seis tiveram alta no m\u00eas de agosto. O maior impacto positivo (0,17 p.p) e a maior varia\u00e7\u00e3o (1,11%) foi do grupo habita\u00e7\u00e3o, com destaque para a energia el\u00e9trica residencial, que teve aumento de 4,59%. <\/p><figure class=\"wp-block-image size-large\"><img loading=\"lazy\" decoding=\"async\" width=\"1024\" height=\"670\" src=\"https:\/\/media.investnews.com.br\/uploads\/2023\/03\/2023-03-02T104035Z_1_LYNXMPEJ210E1_RTROPTP_4_UKRAINE-CRISIS-GERMANY-ENERGY-1024x670.jpg\" alt=\"Eletricista realiza manuten\u00e7\u00e3o em torre de alta tens\u00e3o. Fia\u00e7\u00e3o el\u00e9trica e outras torres sob c\u00e9u azul com nuvens.\" class=\"wp-image-442754\" srcset=\"https:\/\/media.investnews.com.br\/uploads\/2023\/03\/2023-03-02T104035Z_1_LYNXMPEJ210E1_RTROPTP_4_UKRAINE-CRISIS-GERMANY-ENERGY-1024x670.jpg 1024w, https:\/\/media.investnews.com.br\/uploads\/2023\/03\/2023-03-02T104035Z_1_LYNXMPEJ210E1_RTROPTP_4_UKRAINE-CRISIS-GERMANY-ENERGY-300x196.jpg 300w, https:\/\/media.investnews.com.br\/uploads\/2023\/03\/2023-03-02T104035Z_1_LYNXMPEJ210E1_RTROPTP_4_UKRAINE-CRISIS-GERMANY-ENERGY-768x502.jpg 768w, https:\/\/media.investnews.com.br\/uploads\/2023\/03\/2023-03-02T104035Z_1_LYNXMPEJ210E1_RTROPTP_4_UKRAINE-CRISIS-GERMANY-ENERGY-1536x1004.jpg 1536w, https:\/\/media.investnews.com.br\/uploads\/2023\/03\/2023-03-02T104035Z_1_LYNXMPEJ210E1_RTROPTP_4_UKRAINE-CRISIS-GERMANY-ENERGY-1256x821.jpg 1256w, https:\/\/media.investnews.com.br\/uploads\/2023\/03\/2023-03-02T104035Z_1_LYNXMPEJ210E1_RTROPTP_4_UKRAINE-CRISIS-GERMANY-ENERGY-172x112.jpg 172w, https:\/\/media.investnews.com.br\/uploads\/2023\/03\/2023-03-02T104035Z_1_LYNXMPEJ210E1_RTROPTP_4_UKRAINE-CRISIS-GERMANY-ENERGY-191x125.jpg 191w, https:\/\/media.investnews.com.br\/uploads\/2023\/03\/2023-03-02T104035Z_1_LYNXMPEJ210E1_RTROPTP_4_UKRAINE-CRISIS-GERMANY-ENERGY-150x98.jpg 150w, https:\/\/media.investnews.com.br\/uploads\/2023\/03\/2023-03-02T104035Z_1_LYNXMPEJ210E1_RTROPTP_4_UKRAINE-CRISIS-GERMANY-ENERGY.jpg 2048w\" sizes=\"auto, (max-width: 1024px) 100vw, 1024px\" \/><figcaption class=\"wp-element-caption\">Linha de transmiss\u00e3o de energia\n27\/07\/2022\nREUTERS\/Wolfgang Rattay<\/figcaption><\/figure><p>Em nota, o gerente do IPCA\/INPC Andr\u00e9 Almeida, explicou a raz\u00e3o do aumento da conta de energia el\u00e9trica.<\/p><blockquote class=\"wp-block-quote is-layout-flow wp-block-quote-is-layout-flow\">\n<p>\u201cO aumento na energia el\u00e9trica foi influenciado, principalmente, pelo fim da incorpora\u00e7\u00e3o do b\u00f4nus de Itaipu, referente a um saldo positivo na conta de comercializa\u00e7\u00e3o de energia el\u00e9trica de Itaipu em 2022, que foi incorporado nas contas de luz de todos os consumidores do Sistema Interligado Nacional em julho e que n\u00e3o est\u00e1 mais presente em agosto.\u201d<\/p>\n<cite>andr\u00e9 almeida, gerente do IPCA\/INPC<\/cite><\/blockquote><p><\/p><h2 class=\"wp-block-heading\">De olho na Selic<\/h2><p>Com os dados do IPCA divulgados nesta ter\u00e7a-feira, Andre Fernandes, head de <a href=\"https:\/\/investnews.com.br\/guias\/renda-variavel-o-que-e-e-como-investir\/\">renda vari\u00e1vel<\/a> e s\u00f3cio da A7 Capital, j\u00e1 enxerga maior queda da Selic para a reuni\u00e3o do <a href=\"https:\/\/investnews.com.br\/guias\/copom-taxa-selic\/\">Copom<\/a> no m\u00eas de dezembro.<\/p><blockquote class=\"wp-block-quote is-layout-flow wp-block-quote-is-layout-flow\">\n<p>&#8220;O n\u00famero \u00e9 positivo para o mercado. N\u00f3s j\u00e1 estamos visualizando que a curva de juros segue devolvendo pr\u00eamio e est\u00e1 caindo ap\u00f3s a divulga\u00e7\u00e3o do dado. Isso pode refor\u00e7ar as apostas do mercado para um corte de -0,75% para a reuni\u00e3o de dezembro. J\u00e1 para a pr\u00f3xima reuni\u00e3o o cen\u00e1rio segue inalterado para um corte de -0,50% na SELIC, na minha vis\u00e3o.&#8221;<\/p>\n<cite>, Andre Fernandes, head de renda vari\u00e1vel e s\u00f3cio da A7 Capital<\/cite><\/blockquote><p><\/p><p>J\u00e1 o economista \u00c9tore Sanchez, da Ativa Investimentos, concordou que o resultado n\u00e3o vai alterar a previs\u00e3o de corte da taxa b\u00e1sica de juros da pr\u00f3xima reuni\u00e3o.<\/p><p>&#8220;Ainda que os servi\u00e7os tenham se mostrado melhor que o esperado, n\u00e3o apostamos que isso alterar\u00e1 sobremaneira o ritmo do corte de juro, que dever\u00e1 seguir em 50bps por reuni\u00e3o, conforme projetado previamente por n\u00f3s. De maneira an\u00e1loga, seguimos apostando que o IPCA de 2023 dever\u00e1\u00a0atingir\u00a05,1%&#8221;, disse, em nota.<\/p><figure class=\"wp-block-image size-full\"><img loading=\"lazy\" decoding=\"async\" width=\"1600\" height=\"721\" src=\"https:\/\/media.investnews.com.br\/uploads\/2023\/02\/WhatsApp-Image-2023-02-09-at-09.36.28.jpeg\" alt=\"Grande pilha de batatas frescas e outros vegetais. Clientes em um supermercado fazendo compras.\" class=\"wp-image-433501\" srcset=\"https:\/\/media.investnews.com.br\/uploads\/2023\/02\/WhatsApp-Image-2023-02-09-at-09.36.28.jpeg 1600w, https:\/\/media.investnews.com.br\/uploads\/2023\/02\/WhatsApp-Image-2023-02-09-at-09.36.28-300x135.jpeg 300w, https:\/\/media.investnews.com.br\/uploads\/2023\/02\/WhatsApp-Image-2023-02-09-at-09.36.28-1024x461.jpeg 1024w, https:\/\/media.investnews.com.br\/uploads\/2023\/02\/WhatsApp-Image-2023-02-09-at-09.36.28-768x346.jpeg 768w, https:\/\/media.investnews.com.br\/uploads\/2023\/02\/WhatsApp-Image-2023-02-09-at-09.36.28-1536x692.jpeg 1536w, https:\/\/media.investnews.com.br\/uploads\/2023\/02\/WhatsApp-Image-2023-02-09-at-09.36.28-1256x566.jpeg 1256w, https:\/\/media.investnews.com.br\/uploads\/2023\/02\/WhatsApp-Image-2023-02-09-at-09.36.28-172x78.jpeg 172w, https:\/\/media.investnews.com.br\/uploads\/2023\/02\/WhatsApp-Image-2023-02-09-at-09.36.28-150x68.jpeg 150w\" sizes=\"auto, (max-width: 1600px) 100vw, 1600px\" \/><figcaption class=\"wp-element-caption\">Batata inglesa puxou infla\u00e7\u00e3o dos alimentos em janeiro Cr\u00e9dito: Tatiana Santiago\/InvestNews<\/figcaption><\/figure><h2 class=\"wp-block-heading\">Alimenta\u00e7\u00e3o volta a cair<\/h2><p>O grupo alimenta\u00e7\u00e3o e bebidas caiu pelo terceiro m\u00eas consecutivo (-0,85%), principalmente devido ao recuo nos pre\u00e7os da alimenta\u00e7\u00e3o no domic\u00edlio (-1,26%), com destaque para as quedas da batata-inglesa (-12,92%), do feij\u00e3o-carioca (-8,27%), do tomate (-7,91%), do leite longa vida (-3,35%), do frango em peda\u00e7os (-2,57%) e das carnes (-1,90%). <\/p><p>J\u00e1 no lado das altas, o arroz (1,14%) e as frutas (0,49%) subiram de pre\u00e7o, com destaque para o lim\u00e3o (51,11%) e para a banana-d\u2019\u00e1gua (4,90%).<\/p><p>Os resultados dos demais grupos foram:<\/p><ul class=\"wp-block-list\">\n<li>Sa\u00fade e cuidados pessoais: 0,58%<\/li>\n\n\n\n<li>Transportes: 0,34%<\/li>\n\n\n\n<li>Educa\u00e7\u00e3o: 0,69%<\/li>\n\n\n\n<li>Vestu\u00e1rio: 0,54%<\/li>\n\n\n\n<li>Despesas Pessoais: 0,38%<\/li>\n\n\n\n<li>Comunica\u00e7\u00e3o: -0,09%<\/li>\n\n\n\n<li>Artigos de resid\u00eancia: -0,04%<\/li>\n<\/ul>\n","protected":false},"excerpt":{"rendered":"<p>Infla\u00e7\u00e3o fica abaixo do esperado e acumula alta de 3,23% em 2023.<\/p>\n","protected":false},"author":73,"featured_media":322955,"comment_status":"closed","ping_status":"open","sticky":false,"template":"","format":"standard","meta":{"_acf_changed":false,"inline_featured_image":false,"footnotes":""},"categories":[5],"tags":[52,246],"autor-wsj":[],"coauthors":[101284],"class_list":["post-525556","post","type-post","status-publish","format-standard","has-post-thumbnail","hentry","category-economia","tag-inflacao","tag-ipca"],"acf":[],"amp_enabled":true,"_links":{"self":[{"href":"https:\/\/investnews.com.br\/inv-api\/wp\/v2\/posts\/525556","targetHints":{"allow":["GET"]}}],"collection":[{"href":"https:\/\/investnews.com.br\/inv-api\/wp\/v2\/posts"}],"about":[{"href":"https:\/\/investnews.com.br\/inv-api\/wp\/v2\/types\/post"}],"author":[{"embeddable":true,"href":"https:\/\/investnews.com.br\/inv-api\/wp\/v2\/users\/73"}],"replies":[{"embeddable":true,"href":"https:\/\/investnews.com.br\/inv-api\/wp\/v2\/comments?post=525556"}],"version-history":[{"count":34,"href":"https:\/\/investnews.com.br\/inv-api\/wp\/v2\/posts\/525556\/revisions"}],"predecessor-version":[{"id":703565,"href":"https:\/\/investnews.com.br\/inv-api\/wp\/v2\/posts\/525556\/revisions\/703565"}],"wp:featuredmedia":[{"embeddable":true,"href":"https:\/\/investnews.com.br\/inv-api\/wp\/v2\/media\/322955"}],"wp:attachment":[{"href":"https:\/\/investnews.com.br\/inv-api\/wp\/v2\/media?parent=525556"}],"wp:term":[{"taxonomy":"category","embeddable":true,"href":"https:\/\/investnews.com.br\/inv-api\/wp\/v2\/categories?post=525556"},{"taxonomy":"post_tag","embeddable":true,"href":"https:\/\/investnews.com.br\/inv-api\/wp\/v2\/tags?post=525556"},{"taxonomy":"autor-wsj","embeddable":true,"href":"https:\/\/investnews.com.br\/inv-api\/wp\/v2\/autor-wsj?post=525556"},{"taxonomy":"author","embeddable":true,"href":"https:\/\/investnews.com.br\/inv-api\/wp\/v2\/coauthors?post=525556"}],"curies":[{"name":"wp","href":"https:\/\/api.w.org\/{rel}","templated":true}]}}