{"id":525638,"date":"2023-09-12T13:55:25","date_gmt":"2023-09-12T16:55:25","guid":{"rendered":"https:\/\/investnews.com.br\/?p=525638"},"modified":"2023-09-12T13:55:28","modified_gmt":"2023-09-12T16:55:28","slug":"brasil-tera-mandato-para-diesel-verde-de-ate-3-diz-ministro","status":"publish","type":"post","link":"https:\/\/investnews.com.br\/economia\/brasil-tera-mandato-para-diesel-verde-de-ate-3-diz-ministro\/","title":{"rendered":"Brasil ter\u00e1 mandato para diesel verde de at\u00e9 3%, diz ministro"},"content":{"rendered":"\n<p>O governo vai propor um mandato para o diesel verde de 1% a 3% de 2027 a 2037 no projeto &#8220;Combust\u00edvel do Futuro&#8221; que ser\u00e1 enviado pelo governo ao Congresso, disse nesta ter\u00e7a-feira (12) o ministro de Minas e Energia, Alexandre Silveira.<\/p>\n\n\n\n<p>Segundo ele, essa disposi\u00e7\u00e3o para o diesel verde ser\u00e1 combinada com um mandato tamb\u00e9m para o combust\u00edvel sustent\u00e1vel de avia\u00e7\u00e3o (SAF, na sigla em ingl\u00eas), em meio aos planos do Brasil de se projetar como l\u00edder em solu\u00e7\u00f5es de transi\u00e7\u00e3o energ\u00e9tica e descarbonizar seus setores industrial e de transportes.<\/p>\n\n\n\n<p>Silveira n\u00e3o deu um prazo para envio do &#8220;Combust\u00edvel do Futuro&#8221;, que est\u00e1 atualmente com a Casa Civil, ao Congresso.<\/p>\n\n\n\n<p>O ministro afirmou ainda nesta ter\u00e7a-feira que o governo dever\u00e1 enviar nesta semana ao Tribunal de Contas da Uni\u00e3o (TCU) a defini\u00e7\u00e3o das regras para renova\u00e7\u00e3o das concess\u00f5es de 20 distribuidoras de energia el\u00e9trica.<\/p>\n","protected":false},"excerpt":{"rendered":"<p>Ministro de Minas e Energia Alexandre Silveira n\u00e3o deu prazo para o envio do projeto do combust\u00edvel do futuro.<\/p>\n","protected":false},"author":61,"featured_media":525641,"comment_status":"closed","ping_status":"open","sticky":false,"template":"","format":"standard","meta":{"_acf_changed":false,"inline_featured_image":false,"footnotes":""},"categories":[5],"tags":[653,759],"autor-wsj":[],"coauthors":[2494],"class_list":["post-525638","post","type-post","status-publish","format-standard","has-post-thumbnail","hentry","category-economia","tag-combustiveis","tag-diesel"],"acf":[],"amp_enabled":true,"_links":{"self":[{"href":"https:\/\/investnews.com.br\/inv-api\/wp\/v2\/posts\/525638","targetHints":{"allow":["GET"]}}],"collection":[{"href":"https:\/\/investnews.com.br\/inv-api\/wp\/v2\/posts"}],"about":[{"href":"https:\/\/investnews.com.br\/inv-api\/wp\/v2\/types\/post"}],"author":[{"embeddable":true,"href":"https:\/\/investnews.com.br\/inv-api\/wp\/v2\/users\/61"}],"replies":[{"embeddable":true,"href":"https:\/\/investnews.com.br\/inv-api\/wp\/v2\/comments?post=525638"}],"version-history":[{"count":2,"href":"https:\/\/investnews.com.br\/inv-api\/wp\/v2\/posts\/525638\/revisions"}],"predecessor-version":[{"id":525648,"href":"https:\/\/investnews.com.br\/inv-api\/wp\/v2\/posts\/525638\/revisions\/525648"}],"wp:featuredmedia":[{"embeddable":true,"href":"https:\/\/investnews.com.br\/inv-api\/wp\/v2\/media\/525641"}],"wp:attachment":[{"href":"https:\/\/investnews.com.br\/inv-api\/wp\/v2\/media?parent=525638"}],"wp:term":[{"taxonomy":"category","embeddable":true,"href":"https:\/\/investnews.com.br\/inv-api\/wp\/v2\/categories?post=525638"},{"taxonomy":"post_tag","embeddable":true,"href":"https:\/\/investnews.com.br\/inv-api\/wp\/v2\/tags?post=525638"},{"taxonomy":"autor-wsj","embeddable":true,"href":"https:\/\/investnews.com.br\/inv-api\/wp\/v2\/autor-wsj?post=525638"},{"taxonomy":"author","embeddable":true,"href":"https:\/\/investnews.com.br\/inv-api\/wp\/v2\/coauthors?post=525638"}],"curies":[{"name":"wp","href":"https:\/\/api.w.org\/{rel}","templated":true}]}}