{"id":526407,"date":"2023-09-18T05:00:00","date_gmt":"2023-09-18T08:00:00","guid":{"rendered":"https:\/\/investnews.com.br\/?p=526407"},"modified":"2025-08-08T16:24:04","modified_gmt":"2025-08-08T19:24:04","slug":"plano-de-milei-para-dolarizar-argentina-e-quase-impossivel-dizem-analistas","status":"publish","type":"post","link":"https:\/\/investnews.com.br\/economia\/plano-de-milei-para-dolarizar-argentina-e-quase-impossivel-dizem-analistas\/","title":{"rendered":"Plano de Milei para dolarizar Argentina \u00e9 quase imposs\u00edvel, dizem analistas"},"content":{"rendered":"<p>Fechamento do banco central argentino, elimina\u00e7\u00e3o do peso e ado\u00e7\u00e3o do d\u00f3lar como moeda oficial: a <a href=\"https:\/\/investnews.com.br\/economia\/de-cover-dos-stones-a-presidenciavel-na-argentina-quem-e-javier-milei\/\">proposta dr\u00e1stica de Javier Milei, candidato \u00e0 presid\u00eancia na Argentina<\/a>, gera grande repercuss\u00e3o, mas \u00e9 praticamente inexecut\u00e1vel, afirmam especialistas ouvidos pelo <em>InvestNews<\/em>. A <strong>aus\u00eancia de reservas significativas de d\u00f3lares<\/strong> e<strong> <\/strong>a<strong> conjuntura pol\u00edtica e institucional<\/strong> do pa\u00eds impedem a ado\u00e7\u00e3o das medidas nos moldes prometidos pelo candidato.<\/p><p>Milei tem chances reais de vit\u00f3ria na disputa presidencial na Argentina segundo as pesquisas. Mas suas propostas na economia s\u00e3o consideradas vagas por especialistas. &#8220;Para dolarizar a economia, voc\u00ea precisa de um insumo b\u00e1sico: o d\u00f3lar&#8221;, afirma Carla Beni, professora de MBAs da Funda\u00e7\u00e3o Getulio Vargas (FGV). <\/p><figure class=\"wp-block-image size-large\"><img loading=\"lazy\" decoding=\"async\" width=\"1024\" height=\"683\" src=\"https:\/\/media.investnews.com.br\/uploads\/2023\/09\/2023-09-15T142803Z_1_LYNXMPEJ8E0O5_RTROPTP_4_ARGENTINA-ELEICOES-MILEI-1024x683.jpg\" alt=\"Homem levanta nota de US$100 falsa com rosto em protesto animado. Multid\u00e3o celebra com m\u00e3os erguidas.\" class=\"wp-image-526661\" srcset=\"https:\/\/media.investnews.com.br\/uploads\/2023\/09\/2023-09-15T142803Z_1_LYNXMPEJ8E0O5_RTROPTP_4_ARGENTINA-ELEICOES-MILEI-1024x683.jpg 1024w, https:\/\/media.investnews.com.br\/uploads\/2023\/09\/2023-09-15T142803Z_1_LYNXMPEJ8E0O5_RTROPTP_4_ARGENTINA-ELEICOES-MILEI-300x200.jpg 300w, https:\/\/media.investnews.com.br\/uploads\/2023\/09\/2023-09-15T142803Z_1_LYNXMPEJ8E0O5_RTROPTP_4_ARGENTINA-ELEICOES-MILEI-768x512.jpg 768w, https:\/\/media.investnews.com.br\/uploads\/2023\/09\/2023-09-15T142803Z_1_LYNXMPEJ8E0O5_RTROPTP_4_ARGENTINA-ELEICOES-MILEI-1536x1024.jpg 1536w, https:\/\/media.investnews.com.br\/uploads\/2023\/09\/2023-09-15T142803Z_1_LYNXMPEJ8E0O5_RTROPTP_4_ARGENTINA-ELEICOES-MILEI-1256x837.jpg 1256w, https:\/\/media.investnews.com.br\/uploads\/2023\/09\/2023-09-15T142803Z_1_LYNXMPEJ8E0O5_RTROPTP_4_ARGENTINA-ELEICOES-MILEI-172x115.jpg 172w, https:\/\/media.investnews.com.br\/uploads\/2023\/09\/2023-09-15T142803Z_1_LYNXMPEJ8E0O5_RTROPTP_4_ARGENTINA-ELEICOES-MILEI-150x100.jpg 150w, https:\/\/media.investnews.com.br\/uploads\/2023\/09\/2023-09-15T142803Z_1_LYNXMPEJ8E0O5_RTROPTP_4_ARGENTINA-ELEICOES-MILEI.jpg 2048w\" sizes=\"auto, (max-width: 1024px) 100vw, 1024px\" \/><figcaption class=\"wp-element-caption\">REUTERS\/Agustin Marcarian<\/figcaption><\/figure><p>A Argentina vive um cen\u00e1rio de <a href=\"https:\/\/investnews.com.br\/economia\/inflacao-na-argentina-fecha-2022-em-quase-95-entenda-a-crise-do-pais\/\">fuga de d\u00f3lares h\u00e1 anos<\/a>, e o movimento tem se mantido. Somente nos \u00faltimos 12 meses, as reservas em d\u00f3lares do BC argentino diminu\u00edram em mais de US$ 10 bilh\u00f5es. <\/p><p>O professor Jos\u00e9 Luis Oreiro, da Universidade de Bras\u00edlia (UnB), lembra que, como a Argentina n\u00e3o pode emitir d\u00f3lares, o \u00fanico jeito de acumular a moeda \u00e9 atrav\u00e9s de saldo positivo na balan\u00e7a de pagamentos. Assim, exporta\u00e7\u00f5es precisam ser maiores do que importa\u00e7\u00f5es, e entradas de capital devem superar as sa\u00eddas.<\/p><p>Ahmed El Khatib, coordenador do Instituto de Finan\u00e7as da Funda\u00e7\u00e3o Escola de Com\u00e9rcio \u00c1lvares Penteado (FECAP), comenta que o candidato Milei e sua equipe acreditam que a popula\u00e7\u00e3o argentina j\u00e1 possui guardados d\u00f3lares que, uma vez em circula\u00e7\u00e3o, dariam conta de avan\u00e7ar com o processo. Em 16 meses, todos os pesos seriam trocados por d\u00f3lares. &#8220;Me parece absurdo&#8221;, afirma o professor.<\/p><p>Milei est\u00e1 tamb\u00e9m buscando fundos de investimento no exterior dispostos a emprestar moeda estrangeira caso seja eleito ainda este ano. Diana Mondino, uma de suas conselheiras, afirma que ele n\u00e3o buscar\u00e1 o Fundo Monet\u00e1rio Internacional (FMI) pois a d\u00edvida do pa\u00eds com o \u00f3rg\u00e3o j\u00e1 \u00e9 muito grande.<\/p><p>No entanto, dado o hist\u00f3rico de calotes, a <a href=\"https:\/\/www.youtube.com\/watch?v=xbIvVW10N3c\" target=\"_blank\" rel=\"noopener\">desconfian\u00e7a dos mercados internacionais sobre a Argentina <\/a>cresceu &#8211; motivo pelo qual o FMI se tornou o \u00fanico a quem o pa\u00eds pode recorrer em busca de cr\u00e9dito nos \u00faltimos anos.<\/p><h2 class=\"wp-block-heading\">Fim do Banco Central?<\/h2><p>A dolariza\u00e7\u00e3o por\u00e9m \u00e9 apenas &#8220;a ponta do iceberg&#8221; nos problemas das propostas de Milei, segundo Oreiro, pois ele tamb\u00e9m prop\u00f5e o fim do banco central.<\/p><figure class=\"wp-block-image size-full\"><img loading=\"lazy\" decoding=\"async\" width=\"2048\" height=\"1350\" src=\"https:\/\/media.investnews.com.br\/uploads\/2022\/10\/2022-10-07T105138Z_1_LYNXMPEI960KG_RTROPTP_4_ARGENTINA-ECONOMY-INFLATION.jpg\" alt=\"Fachada do Banco Central da Argentina com pedestres em movimento em frente ao edif\u00edcio.\" class=\"wp-image-372086\" srcset=\"https:\/\/media.investnews.com.br\/uploads\/2022\/10\/2022-10-07T105138Z_1_LYNXMPEI960KG_RTROPTP_4_ARGENTINA-ECONOMY-INFLATION.jpg 2048w, https:\/\/media.investnews.com.br\/uploads\/2022\/10\/2022-10-07T105138Z_1_LYNXMPEI960KG_RTROPTP_4_ARGENTINA-ECONOMY-INFLATION-300x198.jpg 300w, https:\/\/media.investnews.com.br\/uploads\/2022\/10\/2022-10-07T105138Z_1_LYNXMPEI960KG_RTROPTP_4_ARGENTINA-ECONOMY-INFLATION-1024x675.jpg 1024w, https:\/\/media.investnews.com.br\/uploads\/2022\/10\/2022-10-07T105138Z_1_LYNXMPEI960KG_RTROPTP_4_ARGENTINA-ECONOMY-INFLATION-768x506.jpg 768w, https:\/\/media.investnews.com.br\/uploads\/2022\/10\/2022-10-07T105138Z_1_LYNXMPEI960KG_RTROPTP_4_ARGENTINA-ECONOMY-INFLATION-1536x1013.jpg 1536w, https:\/\/media.investnews.com.br\/uploads\/2022\/10\/2022-10-07T105138Z_1_LYNXMPEI960KG_RTROPTP_4_ARGENTINA-ECONOMY-INFLATION-1256x828.jpg 1256w, https:\/\/media.investnews.com.br\/uploads\/2022\/10\/2022-10-07T105138Z_1_LYNXMPEI960KG_RTROPTP_4_ARGENTINA-ECONOMY-INFLATION-172x113.jpg 172w, https:\/\/media.investnews.com.br\/uploads\/2022\/10\/2022-10-07T105138Z_1_LYNXMPEI960KG_RTROPTP_4_ARGENTINA-ECONOMY-INFLATION-191x125.jpg 191w, https:\/\/media.investnews.com.br\/uploads\/2022\/10\/2022-10-07T105138Z_1_LYNXMPEI960KG_RTROPTP_4_ARGENTINA-ECONOMY-INFLATION-150x99.jpg 150w\" sizes=\"auto, (max-width: 2048px) 100vw, 2048px\" \/><figcaption class=\"wp-element-caption\">Sede do banco central da Argentina em Buenos Aires\n08\/01\/2018. REUTERS\/Agustin Marcarian<\/figcaption><\/figure><p>Essa proposta tamb\u00e9m \u00e9 considerada de dif\u00edcil execu\u00e7\u00e3o pelos especialistas. A professora Carla Beni explica que, para al\u00e9m de demandar a emiss\u00e3o de pesos pela Casa da Moeda, o Banco Central de la Rep\u00fablica Argentina possui outras <a href=\"https:\/\/investnews.com.br\/colunistas\/claudia-kodja\/para-que-serve-o-banco-central-do-brasil\/\">fun\u00e7\u00f5es definidas por lei<\/a>, como a <strong>regulamenta\u00e7\u00e3o do sistema financeiro<\/strong>. A quest\u00e3o n\u00e3o parece um problema para Javier Milei, que j\u00e1 se autodeclarou <strong>&#8220;anarcocapitalista&#8221;<\/strong>, termo referente a uma defesa da economia de mercado sem regula\u00e7\u00e3o do Estado.<\/p><p>Para Beni, o fechamento da autarquia criaria dificuldades sobretudo para os mais pobres. &#8220;Quando voc\u00ea desregulamenta o sistema financeiro, voc\u00ea imp\u00f5e uma selvageria&#8221;, diz. &#8220;A manuten\u00e7\u00e3o do pr\u00f3prio capitalismo passa pela figura do Estado.&#8221;<\/p><p>Na mesma linha, Oreiro considera que as pol\u00edticas econ\u00f4micas do discurso de Milei poderiam levar a um colapso da economia argentina<\/p><blockquote class=\"wp-block-quote is-layout-flow wp-block-quote-is-layout-flow\">\n<p>&#8220;Se ele fizer metade do que est\u00e1 prometendo, vai ser um caos&#8221;.<\/p>\n<cite>Jos\u00e9 Luis Oreiro, da Universidade de Bras\u00edlia (UnB)<\/cite><\/blockquote><p>Andr\u00e9 Roncaglia, professor de economia da Universidade Federal de S\u00e3o Paulo (Unifesp), destaca que as cr\u00edticas a proposta de Milei partem de diversos economistas do pa\u00eds e do exterior, da imprensa, al\u00e9m de entidades do mercado financeiro.<\/p><p><strong>Arm\u00ednio Fraga<\/strong>, que liderou a autoridade monet\u00e1ria no Brasil entre 1999 e 2003, o ex-governador do banco central mexicano, <strong>Guillermo Ortiz<\/strong>, e o ex-ministro das Finan\u00e7as do Chile, <strong>Andres Velasco<\/strong>, tamb\u00e9m criticaram a proposta de dolariza\u00e7\u00e3o em uma teleconfer\u00eancia na semana passada. Ortiz disse que a medida n\u00e3o conseguiria resolver \u201cproblemas estruturais\u201d, enquanto Fraga disse que \u201cparece uma solu\u00e7\u00e3o m\u00e1gica\u201d.<\/p><figure class=\"wp-block-image size-large\"><img loading=\"lazy\" decoding=\"async\" width=\"1024\" height=\"683\" src=\"https:\/\/media.investnews.com.br\/uploads\/2023\/08\/396479543-1024x683.jpg\" alt=\"Homem de terno e gravata em balc\u00e3o, com bandeira amarela Gadsden e cascavel: \"DON'T TREAD ON ME\".\" class=\"wp-image-518116\" srcset=\"https:\/\/media.investnews.com.br\/uploads\/2023\/08\/396479543-1024x683.jpg 1024w, https:\/\/media.investnews.com.br\/uploads\/2023\/08\/396479543-300x200.jpg 300w, https:\/\/media.investnews.com.br\/uploads\/2023\/08\/396479543-768x512.jpg 768w, https:\/\/media.investnews.com.br\/uploads\/2023\/08\/396479543-1536x1025.jpg 1536w, https:\/\/media.investnews.com.br\/uploads\/2023\/08\/396479543-1256x838.jpg 1256w, https:\/\/media.investnews.com.br\/uploads\/2023\/08\/396479543-172x115.jpg 172w, https:\/\/media.investnews.com.br\/uploads\/2023\/08\/396479543-150x100.jpg 150w, https:\/\/media.investnews.com.br\/uploads\/2023\/08\/396479543.jpg 2048w\" sizes=\"auto, (max-width: 1024px) 100vw, 1024px\" \/><figcaption class=\"wp-element-caption\">Javier Milei, em entrevista ao La Libertad Avanza&#8217;s em Buenos Aires, e, fevereiro de 2023. Cr\u00e9dito: Bloomberg.<\/figcaption><\/figure><p>Roncaglia destaca que a <strong>pol\u00edtica monet\u00e1ria<\/strong> \u00e9 outra fun\u00e7\u00e3o do Banco Central argentino, essencial para enfrentar os problemas econ\u00f4micos. <\/p><blockquote class=\"wp-block-quote is-layout-flow wp-block-quote-is-layout-flow\">\n<p>&#8220;Voc\u00ea abrir m\u00e3o dos instrumentos que te permitem coexistir com essa fragilidade, na minha vis\u00e3o, \u00e9 literalmente antecipar a crise e lev\u00e1-la at\u00e9 o limite do toler\u00e1vel&#8221;.<\/p>\n<cite>Andr\u00e9 Roncaglia, professor de economia da Unifesp<\/cite><\/blockquote><p><\/p><p>A proposta de fechamento do Banco Central teria por\u00e9m entraves pol\u00edticos para implementa\u00e7\u00e3o. Seria necess\u00e1rio aprova\u00e7\u00e3o pelo Congresso que, segundo as pesquisas, ter\u00e1 a maior parte das cadeiras ocupadas por parlamentes da esquerda.<\/p><h2 class=\"wp-block-heading\">Os impactos do d\u00f3lar como moeda oficial<\/h2><p>\u00c9 dif\u00edcil prever quais seriam as consequ\u00eancias caso as propostas mais radicais de Milei fossem implementadas. Carla Beni, da FGV, destaca que, devido \u00e0 dificuldade de execu\u00e7\u00e3o das medidas, a an\u00e1lise dos impactos torna-se um exerc\u00edcio de futurologia do imposs\u00edvel.<\/p><p>\u00c9 poss\u00edvel destacar por\u00e9m que a dolariza\u00e7\u00e3o defendida por Milei <strong>n\u00e3o responde a outros problemas econ\u00f4micos <\/strong>al\u00e9m da infla\u00e7\u00e3o. &#8220;N\u00e3o resolver\u00e1 por si s\u00f3 os principais desequil\u00edbrios fiscais&#8221;, afirma Khatib, da FECAP. &#8220;A d\u00edvida externa vai continuar exatamente do mesmo tamanho&#8221;, concorda Oreiro.<\/p><p>Al\u00e9m disso, a ado\u00e7\u00e3o do d\u00f3lar como moeda oficial deixaria as <strong>exporta\u00e7\u00f5es argentinas desprotegidas <\/strong>diante de choques do mercado internacional. &#8220;Em um contexto em que o d\u00f3lar, por exemplo, se valorizar sobre outras moedas (&#8230;) a competitividade das exporta\u00e7\u00f5es argentinas vai diminuir&#8221;, diz Oreiro.<\/p><figure class=\"wp-block-image size-large\"><img decoding=\"async\" src=\"https:\/\/media.investnews.com.br\/uploads\/2023\/04\/2023-03-22T175702Z_1_LYNXMPEJ2L0RW_RTROPTP_4_ARGENTINA-ECONOMY-BONDS-1024x647.jpg\" alt=\"C\u00e9dula de 100 pesos argentinos sobre notas de 100 d\u00f3lares americanos.\" class=\"wp-image-465199\"><figcaption class=\"wp-element-caption\">Nota de cem pesos da Argentina sobre notas de d\u00f3lares\n17\/10\/2022\nREUTERS\/Agustin Marcarian<\/figcaption><\/figure><p>O professor Andr\u00e9 Roncaglia destaca ainda que a ado\u00e7\u00e3o do d\u00f3lar como moeda oficial desencadearia um processo n\u00e3o linear e arriscado, de dif\u00edcil previsibilidade. Poderia haver disparadas do consumo e remarca\u00e7\u00e3o dos pre\u00e7os em d\u00f3lar com <strong>mais infla\u00e7\u00e3o<\/strong>, al\u00e9m de reajuste dos sal\u00e1rios em d\u00f3lar, tamb\u00e9m contribuindo para a <strong>perda de competitividade da ind\u00fastria<\/strong> argentina. Outro desdobramento poss\u00edvel seria o <strong>crescimento da d\u00edvida em d\u00f3lar<\/strong>.<\/p><p>Ahmed El Khatib destaca ainda consequ\u00eancias do projeto para o <strong>custo do acesso a servi\u00e7os p\u00fablicos<\/strong>. Provavelmente, seria necess\u00e1rio o fim da gratuidade na educa\u00e7\u00e3o e o encarecimento das passagens no transporte.<\/p><p>Quanto a poss\u00edveis impactos para o Brasil, Andr\u00e9 Roncaglia considera que dificilmente haveria repercuss\u00e3o no c\u00e2mbio. Por\u00e9m, poderia haver bloqueios e <strong>dificuldades no com\u00e9rcio<\/strong> entre empresas brasileiras e argentinas. <strong>Crises migrat\u00f3rias <\/strong>tamb\u00e9m s\u00e3o uma possibilidade, por\u00e9m o professor acredita que n\u00e3o chegaria a esse ponto, j\u00e1 que a economia argentina \u00e9 forte, apenas est\u00e1 desarticulada. &#8220;Mas a hist\u00f3ria sempre supera a nossa capacidade de previs\u00e3o&#8221;, reflete.<\/p><h2 class=\"wp-block-heading\">Cr\u00edticas de economistas argentinos<\/h2><p>Em uma carta aberta, economistas argentinos chamaram a proposta de dolariza\u00e7\u00e3o do candidato presidencial Javier Milei de \u201cmiragem\u201d.<\/p><p>Embora a promessa de uma moeda est\u00e1vel gere esperan\u00e7a, \u201ca experi\u00eancia internacional e a situa\u00e7\u00e3o da nossa pr\u00f3pria economia indicam que a proposta em quest\u00e3o est\u00e1 longe de ser uma panaceia e que, pelo contr\u00e1rio, poder\u00e1 gerar m\u00faltiplas dificuldades para o nosso desempenho imediato e futuro\u201d, escreveram.<\/p><p>\u201cN\u00e3o permitamos \u2014 por miopia e desespero \u2014 que a dif\u00edcil situa\u00e7\u00e3o em que nos encontramos nos encoraje a tomar um falso atalho que s\u00f3 levaria a uma frustra\u00e7\u00f5es nova e mais dram\u00e1tica\u201d, acrescentaram.<\/p><h2 class=\"wp-block-heading\">Caminhos alternativos podem ser implementados<\/h2><p>O discurso de Milei n\u00e3o encontra os mesmos ouvidos entre todos. O professor Walter Franco, de Economia no Ibmec SP, considera que as afirma\u00e7\u00f5es sobre fechar o Banco Central e adotar o d\u00f3lar como moeda oficial n\u00e3o s\u00e3o literais. <\/p><blockquote class=\"wp-block-quote is-layout-flow wp-block-quote-is-layout-flow\">\n<p>&#8220;O discurso \u00e9 inflado, mas ele tem na sua ess\u00eancia a necessidade preeminente de reforma do Estado argentino&#8221;<\/p>\n<cite>professor Walter Franco, de Economia no Ibmec SP<\/cite><\/blockquote><p><\/p><p>Para o economista, as falas sobre o fim do banco central na verdade indicam um desejo de diminui\u00e7\u00e3o da m\u00e1quina p\u00fablica. &#8220;Ele pode fazer pol\u00edtica monet\u00e1ria dentro do pr\u00f3prio Estado de outra forma. O Brasil n\u00e3o tinha Banco Central at\u00e9 1964&#8221;, recorda.<\/p><p>Franco tamb\u00e9m considera imposs\u00edvel\u00a0a ado\u00e7\u00e3o do d\u00f3lar como moeda oficial, por\u00e9m acredita que poderia ser institu\u00edda uma forma de dolariza\u00e7\u00e3o semelhante ao Plano Real, <strong>atrelando uma moeda local ao d\u00f3lar<\/strong>. A medida serviria como solu\u00e7\u00e3o emergencial para a infla\u00e7\u00e3o, enquanto se promove reformas mais profundas, com cortes de gastos e organiza\u00e7\u00e3o das contas p\u00fablicas.<\/p><figure class=\"wp-block-image size-large\"><img loading=\"lazy\" decoding=\"async\" width=\"1024\" height=\"683\" src=\"https:\/\/media.investnews.com.br\/uploads\/2023\/09\/Javier-Milei-2-1024x683.jpg\" alt=\"Javier Milei sorri para a c\u00e2mera, vestindo terno e gravata, em evento com fundo desfocado de pessoas.\" class=\"wp-image-526417\" srcset=\"https:\/\/media.investnews.com.br\/uploads\/2023\/09\/Javier-Milei-2-1024x683.jpg 1024w, https:\/\/media.investnews.com.br\/uploads\/2023\/09\/Javier-Milei-2-300x200.jpg 300w, https:\/\/media.investnews.com.br\/uploads\/2023\/09\/Javier-Milei-2-768x512.jpg 768w, https:\/\/media.investnews.com.br\/uploads\/2023\/09\/Javier-Milei-2-1536x1024.jpg 1536w, https:\/\/media.investnews.com.br\/uploads\/2023\/09\/Javier-Milei-2-1256x837.jpg 1256w, https:\/\/media.investnews.com.br\/uploads\/2023\/09\/Javier-Milei-2-172x115.jpg 172w, https:\/\/media.investnews.com.br\/uploads\/2023\/09\/Javier-Milei-2-150x100.jpg 150w, https:\/\/media.investnews.com.br\/uploads\/2023\/09\/Javier-Milei-2.jpg 2048w\" sizes=\"auto, (max-width: 1024px) 100vw, 1024px\" \/><figcaption class=\"wp-element-caption\">Javier Milei, candidato \u00e0 presid\u00eancia da Argentina\n24\/08\/2023\nREUTERS\/Agustin Marcarian<\/figcaption><\/figure><p>Implementado em 1994, o Plano Real atrelou o d\u00f3lar \u00e0s Unidades Reais de Valor (RUVs), uma moeda que ficava assim protegida da infla\u00e7\u00e3o que impactava o cruzeiro. Ap\u00f3s alguns meses, o cruzeiro foi oficialmente encerrado e as RUVs tornaram-se o real como conhecemos hoje.<\/p><p>N\u00e3o seria a primeira vez que a Argentina implementa um modelo semelhante ao Plano Real. O professor lembra que em 1991 o pa\u00eds vizinho j\u00e1 adotou medida similar para estabilizar a moeda durante o governo de Carlos Menem. Todavia, medidas do tipo demandam que o pa\u00eds consiga antes d\u00f3lares para servir de &#8220;colch\u00e3o&#8221;.<\/p><p>Andr\u00e9 Roncaglia tamb\u00e9m considera necess\u00e1rio que a Argentina adote um plano semelhante ao Real, mas sugere que talvez fosse mais vi\u00e1vel <strong>fixar o c\u00e2mbio em outras moedas<\/strong>, como o yuan chin\u00eas ou o pr\u00f3prio real brasileiro. &#8220;Tem gente que acha uma bobagem (&#8230;) s\u00f3 que essas moedas oferecem muito mais flexibilidade para Argentina&#8221;, diz. &#8220;\u00c9 algo para os t\u00e9cnicos do Banco Central da Argentina estudarem profundamente&#8221;.<\/p><p>A professora Daniela Cardoso, da Funda\u00e7\u00e3o Escola de Sociologia e Pol\u00edtica de S\u00e3o Paulo (FESPSP), destaca por\u00e9m que hoje a Argentina n\u00e3o possui reserva suficiente de nenhuma moeda estrangeira. Independente do caminho a seguir, ser\u00e1 necess\u00e1rio antes um empr\u00e9stimo internacional.<\/p><h2 class=\"wp-block-heading\">Como o l\u00edder das pesquisas chegou l\u00e1<\/h2><p>Javier Milei surpreendeu ao conseguir 30% dos votos nas prim\u00e1rias presidenciais argentinas, a frente do bloco conservador de oposi\u00e7\u00e3o de Patricia Bullrich, que ficou em 28%, e da coaliz\u00e3o peronista liderada pelo ministrado da Economia, Sergio Massa, que recebeu 27%.<\/p><figure class=\"wp-block-image size-large\"><img loading=\"lazy\" decoding=\"async\" width=\"1024\" height=\"576\" src=\"https:\/\/media.investnews.com.br\/uploads\/2023\/09\/Patricia-Bullrich-Sergio-Massa-1024x576.jpg\" alt=\"Foto dividida por rasgo: um homem com express\u00e3o s\u00e9ria \u00e0 esquerda e uma mulher com olhar pensativo \u00e0 direita.\" class=\"wp-image-526547\" srcset=\"https:\/\/media.investnews.com.br\/uploads\/2023\/09\/Patricia-Bullrich-Sergio-Massa-1024x576.jpg 1024w, https:\/\/media.investnews.com.br\/uploads\/2023\/09\/Patricia-Bullrich-Sergio-Massa-300x169.jpg 300w, https:\/\/media.investnews.com.br\/uploads\/2023\/09\/Patricia-Bullrich-Sergio-Massa-768x432.jpg 768w, https:\/\/media.investnews.com.br\/uploads\/2023\/09\/Patricia-Bullrich-Sergio-Massa-172x97.jpg 172w, https:\/\/media.investnews.com.br\/uploads\/2023\/09\/Patricia-Bullrich-Sergio-Massa-150x84.jpg 150w, https:\/\/media.investnews.com.br\/uploads\/2023\/09\/Patricia-Bullrich-Sergio-Massa.jpg 1200w\" sizes=\"auto, (max-width: 1024px) 100vw, 1024px\" \/><figcaption class=\"wp-element-caption\">Ministro da Fazenda da Argentina, Sergio Massa\n13\/08\/2023\nREUTERS\/Mariana Nedelcu\ne a Candidata presidencial argentina Patricia Bullrich\n24\/08\/2023 REUTERS\/Agustin Marcarian<\/figcaption><\/figure><p>A popularidade do candidato sustenta-se sobre uma <strong>insatisfa\u00e7\u00e3o generalizada<\/strong> da popula\u00e7\u00e3o com a classe pol\u00edtica. &#8220;O \u00faltimo momento de melhora da economia argentina foi em 2003, com o Nestor Kirchner&#8221;, lembra Cardoso. Desde ent\u00e3o, j\u00e1 houve governos do partido peronista e do conservador. Nenhum conseguiu resolver a quest\u00e3o econ\u00f4mica.<\/p><p>A <strong>infla\u00e7\u00e3o<\/strong> <strong>alta<\/strong> \u00e9 outro ponto central para compreens\u00e3o da popularidade de Milei. Com m\u00faltiplas causas, o problema perdura desde o come\u00e7o da d\u00e9cada de 2010 e agravou-se nos \u00faltimos anos. Em agosto, a escalada dos pre\u00e7os na Argentina chegou a 124% no acumulado de 12 meses. \u00c9 a taxa mais alta desde 1991.<\/p><div class=\"flourish-embed flourish-chart\" data-src=\"visualisation\/15033107?1266799\"><script src=\"https:\/\/public.flourish.studio\/resources\/embed.js\"><\/script><\/div><p>&#8220;A proposta de dolariza\u00e7\u00e3o de Milei ganhou for\u00e7a na Argentina devido \u00e0 esmagadora procura de estabilidade macroecon\u00f4mica&#8221;, diz Ahmed El Khatib, da FECAP.<\/p><p>O professor Jos\u00e9 Luis Oreiro concorda que o cen\u00e1rio de decep\u00e7\u00e3o contribui fortemente para a frustra\u00e7\u00e3o com a classe pol\u00edtica e o apoio a um candidato considerado um <em>outsider<\/em>. <\/p><blockquote class=\"wp-block-quote is-layout-flow wp-block-quote-is-layout-flow\">\n<p>&#8220;Se ele for eleito \u00e9 porque os argentinos votaram com o f\u00edgado, e n\u00e3o com o c\u00e9rebro&#8221;<\/p>\n<cite>Jos\u00e9 Luis Oreiro, da Universidade de Bras\u00edlia (UnB)<\/cite><\/blockquote><p><\/p><p>&#8220;\u00c9 populista em um n\u00edvel elevad\u00edssimo, porque voc\u00ea est\u00e1 entregando uma facilidade para um tema extremamente complexo&#8221;, complementa Beni. Para ela, s\u00e3o grandes as chances de um governo de Milei sequer conseguir se sustentar at\u00e9 o final. &#8220;As propostas populistas atropelam institui\u00e7\u00f5es (&#8230;) e pol\u00edtica econ\u00f4mica, antes de mais nada, \u00e9 uma quest\u00e3o de pol\u00edtica, feita tanto no Executivo como no Legislativo.&#8221;<\/p><p>J\u00e1 para Cardoso, n\u00e3o \u00e9 poss\u00edvel chamar Milei de populista, ou mesmo de direita ou de esquerda, j\u00e1 que suas declara\u00e7\u00f5es n\u00e3o parecem estruturadas sob nenhuma ideologia.<\/p><p>A professora concorda por\u00e9m que o cen\u00e1rio de <strong>desilus\u00e3o da popula\u00e7\u00e3o<\/strong> argentina \u00e9 grande. Segundo ela, nenhum dos outros candidatos sequer discursa sobre pol\u00edtica econ\u00f4mica na campanha por um motivo simples: &#8220;Qualquer pessoa s\u00e9ria que ganhe na Argentina ter\u00e1 que promover um arrocho.&#8221;<\/p><p>A Argentina realizar\u00e1 suas elei\u00e7\u00f5es gerais em 22 de outubro. Se nenhum candidato obtiver 45% dos votos ou pelo menos 40% com uma vantagem de 10 pontos percentuais, haver\u00e1 segundo turno entre os dois mais votados em 19 de novembro.<\/p><p><em>(*com informa\u00e7\u00f5es da Reuters e da Bloomberg)<\/em><\/p>\n","protected":false},"excerpt":{"rendered":"<p>Candidato autodenominado &#8216;anarcocapitalista&#8217; lidera pesquisas com uma proposta econ\u00f4mica vaga e de dif\u00edcil execu\u00e7\u00e3o.<\/p>\n","protected":false},"author":26,"featured_media":526661,"comment_status":"closed","ping_status":"open","sticky":false,"template":"","format":"standard","meta":{"_acf_changed":false,"inline_featured_image":false,"footnotes":""},"categories":[5],"tags":[],"autor-wsj":[],"coauthors":[1873],"class_list":["post-526407","post","type-post","status-publish","format-standard","has-post-thumbnail","hentry","category-economia"],"acf":[],"amp_enabled":true,"_links":{"self":[{"href":"https:\/\/investnews.com.br\/inv-api\/wp\/v2\/posts\/526407","targetHints":{"allow":["GET"]}}],"collection":[{"href":"https:\/\/investnews.com.br\/inv-api\/wp\/v2\/posts"}],"about":[{"href":"https:\/\/investnews.com.br\/inv-api\/wp\/v2\/types\/post"}],"author":[{"embeddable":true,"href":"https:\/\/investnews.com.br\/inv-api\/wp\/v2\/users\/26"}],"replies":[{"embeddable":true,"href":"https:\/\/investnews.com.br\/inv-api\/wp\/v2\/comments?post=526407"}],"version-history":[{"count":114,"href":"https:\/\/investnews.com.br\/inv-api\/wp\/v2\/posts\/526407\/revisions"}],"predecessor-version":[{"id":703534,"href":"https:\/\/investnews.com.br\/inv-api\/wp\/v2\/posts\/526407\/revisions\/703534"}],"wp:featuredmedia":[{"embeddable":true,"href":"https:\/\/investnews.com.br\/inv-api\/wp\/v2\/media\/526661"}],"wp:attachment":[{"href":"https:\/\/investnews.com.br\/inv-api\/wp\/v2\/media?parent=526407"}],"wp:term":[{"taxonomy":"category","embeddable":true,"href":"https:\/\/investnews.com.br\/inv-api\/wp\/v2\/categories?post=526407"},{"taxonomy":"post_tag","embeddable":true,"href":"https:\/\/investnews.com.br\/inv-api\/wp\/v2\/tags?post=526407"},{"taxonomy":"autor-wsj","embeddable":true,"href":"https:\/\/investnews.com.br\/inv-api\/wp\/v2\/autor-wsj?post=526407"},{"taxonomy":"author","embeddable":true,"href":"https:\/\/investnews.com.br\/inv-api\/wp\/v2\/coauthors?post=526407"}],"curies":[{"name":"wp","href":"https:\/\/api.w.org\/{rel}","templated":true}]}}