{"id":527339,"date":"2023-09-19T15:44:22","date_gmt":"2023-09-19T18:44:22","guid":{"rendered":"https:\/\/investnews.com.br\/?p=527339"},"modified":"2025-10-21T09:12:59","modified_gmt":"2025-10-21T12:12:59","slug":"bloomberg-lista-os-mais-influentes-da-america-latina-com-60-ceos-brasileiros","status":"publish","type":"post","link":"https:\/\/investnews.com.br\/economia\/bloomberg-lista-os-mais-influentes-da-america-latina-com-60-ceos-brasileiros\/","title":{"rendered":"Bloomberg lista os mais influentes da Am\u00e9rica Latina com 60 CEOs brasileiros"},"content":{"rendered":"<p>A tecnologia fez a diferen\u00e7a na terceira edi\u00e7\u00e3o da lista 500 mais influentes da Am\u00e9rica Latina, elaborada pelo comit\u00ea editorial da Bloomberg Linea. Entre os nomes listados, est\u00e3o 169 CEOs de empresas da regi\u00e3o, dos quais 60 s\u00e3o brasileiros.<\/p><p>Com 282 novos nomes em rela\u00e7\u00e3o a lista do ano passado, a publica\u00e7\u00e3o destacou a inova\u00e7\u00e3o como diferencial para o crescimento de muitas empresas, mesmo em um cen\u00e1rio de juros mais altos.<\/p><p>Sobre a metodologia, a Bloomberg Linea informa que investigou mais de 20 pa\u00edses em busca de empres\u00e1rios, filantropos, atletas, artistas, ativistas etc. Foram considerados fatores como a cria\u00e7\u00e3o de empregos, os investimentos gerados, a atividade econ\u00f4mica desencadeada e a influ\u00eancia na pr\u00f3pria \u00e1rea de atua\u00e7\u00e3o.<\/p><p>Veja quem s\u00e3o e as respectivas empresas dirigidas por eles. Os nomes aparecem em ordem alfab\u00e9tica e os executivos nascidos no Brasil aparecem em negrito.<\/p><p>1. Aby Lijtszain &#8211; Traxi\u00f3n<\/p><p>2. Adolfo Orive &#8211; Tetra Pak<\/p><p>3. Adri\u00e1n Sada &#8211; Vitro<\/p><p><strong>4. Adriana Barbosa &#8211; PretaHub<\/strong><\/p><figure class=\"wp-block-image size-large\"><img loading=\"lazy\" decoding=\"async\" width=\"1024\" height=\"702\" src=\"https:\/\/media.investnews.com.br\/uploads\/2023\/09\/Captura-de-Tela-2023-09-19-as-14.57.13-1024x702.png\" alt=\"Mulher de cabelo encaracolado sorri e olha para a c\u00e2mera, com batom vermelho, colar e a m\u00e3o no peito.\" class=\"wp-image-527368\" srcset=\"https:\/\/media.investnews.com.br\/uploads\/2023\/09\/Captura-de-Tela-2023-09-19-as-14.57.13-1024x702.png 1024w, https:\/\/media.investnews.com.br\/uploads\/2023\/09\/Captura-de-Tela-2023-09-19-as-14.57.13-300x206.png 300w, https:\/\/media.investnews.com.br\/uploads\/2023\/09\/Captura-de-Tela-2023-09-19-as-14.57.13-768x526.png 768w, https:\/\/media.investnews.com.br\/uploads\/2023\/09\/Captura-de-Tela-2023-09-19-as-14.57.13-172x118.png 172w, https:\/\/media.investnews.com.br\/uploads\/2023\/09\/Captura-de-Tela-2023-09-19-as-14.57.13-150x103.png 150w, https:\/\/media.investnews.com.br\/uploads\/2023\/09\/Captura-de-Tela-2023-09-19-as-14.57.13.png 1182w\" sizes=\"auto, (max-width: 1024px) 100vw, 1024px\" \/><figcaption class=\"wp-element-caption\">Adriana Barbosa, CEO da Preta Hub. Foto: Reprodu\u00e7\u00e3o\/Instagram<\/figcaption><\/figure><p>5. Adriana Macouzet &#8211; PPG<\/p><p>6. Agust\u00edn Carstens &#8211; Banco de Pago Internacionales<\/p><p>7. Agust\u00edn Coppel Luken &#8211; Coppel<\/p><p>8. Alberto de la Fuente Pi\u00f1eirua &#8211; Shell<\/p><p>9. Alejandro Baill\u00e8res Gual &#8211; Grupo Bal<\/p><p>10. Alejandro e Marcos Bulgheroni &#8211; Pan American Energy<\/p><p>11. Alejandro Ram\u00edrez- Cin\u00e9polis<\/p><p><strong>12. Alexandre Birman &#8211; Arezzo<\/strong><\/p><p><strong>13. Alexandre Guerrero &#8211; Eletromidia<\/strong><\/p><p><strong>14. Alexandre Saigh &#8211; P\u00e1tria Investimentos<\/strong><\/p><p>15. Alfredo P\u00e9rez Gubbins &#8211; Alicorp<\/p><p><strong>16. Ana Cabral-Gardner &#8211; Sigma Lithium<\/strong><\/p><p>17. Ana Margarita Albir &#8211; ADL Digital Lab<\/p><p>18. Anasof\u00eda S\u00e1nchez &#8211; Waze Am\u00e9rica Latina<\/p><p><strong>19. Ariel Grunkraut &#8211; Zamp<\/strong><\/p><p><strong>20. Bruno Lasansky &#8211; Localiza<\/strong><\/p><p>21. Carlos Gonz\u00e1lez Zabalegui &#8211; La Comer<\/p><p>22. Carlos Jos\u00e9 Mart\u00ed &#8211; Grupo Mart\u00ed<\/p><p>23. Carlos Lecueder &#8211; WTC Montevideo<\/p><p><strong>24. Carlos Piani &#8211; HPX Capital Partners<\/strong><\/p><p><strong>25. Cedric Burel &#8211; Decathlon<\/strong><\/p><p>26. Claudio De Diego &#8211; Pluspetrol<\/p><p>27. Claudio Rodriguez Huaco &#8211; Grupo Gloria<\/p><p><strong>28. Cristiano Teixeira &#8211; Klabin<\/strong><\/p><p><strong>29. Cristina Betts &#8211; Iguatemi<\/strong><\/p><p>30. Daniel Becker &#8211; Grupo Financiero Mifel<\/p><p><strong>31. Daniel Darahem &#8211; J.P.Morgan Brasil<\/strong><\/p><p>32. Daniel Servitje &#8211; Grupo Bimbo<\/p><p>33. David V\u00e9lez &#8211; Nubank<\/p><p><strong>34. Edgard Corona &#8211; Smart Fit<\/strong><\/p><p><strong>35. Edson Franco &#8211; Zurich Brasil<\/strong><\/p><p><strong>36. Edu Lyra &#8211; Instituto Gerando Falc\u00f5es<\/strong><\/p><p><strong>37. Eduardo Bartolomeo &#8211; Vale<\/strong><\/p><p>38. Eduardo Eurnekian &#8211; Corporaci\u00f3n Am\u00e9rica<\/p><p>39. Eduardo Francisco Costantini &#8211; Consultatio Asset e Consultatio Real Estate<\/p><p>40. Eduardo Guilisasti Gana &#8211; Concha y Toro<\/p><p>41. Eduardo Hochschild Beeck &#8211; Hochschild Mining<\/p><p><strong>42. Eduardo Kaminitz Peres &#8211; Multiplan<\/strong><\/p><p>43. Eduardo Osuna &#8211; BBVA M\u00e9xico<\/p><p>44. Eduardo P\u00e9rez Marchant &#8211; Parque Arauco<\/p><p>45. Eduardo Sergio Elsztain &#8211; IRSA Inversiones<\/p><p><strong>46. Eduardo Simon &#8211; Galeria<\/strong><\/p><p>47. Emilio Cadena &#8211; Prodensa<\/p><p>48. Enrique Beltranena &#8211; Volaris<\/p><p>49. Ernesto Fajardo &#8211; Alpina<\/p><p>50. Ernesto Torres Cant\u00fa &#8211; Citi International<\/p><p><strong>51. Estevan Sartoreli &#8211; Dengo<\/strong><\/p><p>52. Evelyn Vilchez &#8211; Chevron Brasil, Colombia<\/p><p>53. Fabi\u00e1n Kon &#8211; Grupo Financiero Galicia<\/p><p><strong>54. F\u00e1bio Barbosa &#8211; Natura&#038;Co<\/strong><\/p><p><strong>55. Fabio Faccio &#8211; Lojas Renner<\/strong><\/p><p><\/p><p>56. Federico Trucco &#8211; Bioceres<\/p><p>57. Francis Durman &#8211; <a href=\"https:\/\/investnews.com.br\/guias\/holding\/\">Holding<\/a> Grupo Montecristo<\/p><p><strong>58. Francisco Gomes Neto &#8211; Embraer<\/strong><\/p><p><strong>59. Francisco Ivens de S\u00e1 Dias Branco J\u00fanior &#8211; M. Dias Branco<\/strong><\/p><p>60. Frank El\u00edas Rainieri Kuret &#8211; Grupo Puntacana<\/p><p>61. Gast\u00f3n Remy &#8211; Nuqlea<\/p><p>62. Gianfranco Ferrari &#8211; Credicorp Ltd.<\/p><p>63. Guadalupe Phillips &#8211; ICA<\/p><p>64. Guilherme Loureiro &#8211; Walmart M\u00e9xico e Am\u00e9rica Central<\/p><p><strong>65. Gustavo Werneck- Gerdau<\/strong><\/p><p>66. H\u00e9ctor Grisi Checa &#8211; Banco Santander<\/p><p>67. H\u00e9ctor Hern\u00e1ndez-Pons &#8211; Herdez<\/p><p>68. H\u00e9ctor Magnetto &#8211; Grupo Clar\u00edn<\/p><p><strong>69. Henrique Dubugras e Pedro Franceschi &#8211; Brex<\/strong><\/p><figure class=\"wp-block-image size-full\"><img loading=\"lazy\" decoding=\"async\" width=\"913\" height=\"564\" src=\"https:\/\/media.investnews.com.br\/uploads\/2023\/06\/image-57.jpg\" alt=\"Brex\" class=\"wp-image-488118\" srcset=\"https:\/\/media.investnews.com.br\/uploads\/2023\/06\/image-57.jpg 913w, https:\/\/media.investnews.com.br\/uploads\/2023\/06\/image-57-300x185.jpg 300w, https:\/\/media.investnews.com.br\/uploads\/2023\/06\/image-57-768x474.jpg 768w, https:\/\/media.investnews.com.br\/uploads\/2023\/06\/image-57-172x106.jpg 172w, https:\/\/media.investnews.com.br\/uploads\/2023\/06\/image-57-150x93.jpg 150w\" sizes=\"auto, (max-width: 913px) 100vw, 913px\" \/><figcaption class=\"wp-element-caption\">Henrique Dubugras (\u00e0 esq.) e Pedro Franceschi, co-fundadores e co-CEOs da Brex (Cr\u00e9dito: Divulga\u00e7\u00e3o)<\/figcaption><\/figure><p>70. Hugo Eurnekian &#8211; CGC<\/p><p>71. Ignacio Cueto &#8211; Latam Airlines<\/p><p>72. Isela Costantini &#8211; Grupo Financiero ST<\/p><p>73. Ivana Dip &#8211; BMW Argentina<\/p><p>74. Janine Belmont &#8211; Yanbal<\/p><p>75. Javier Go\u00f1i &#8211; Ledesma<\/p><p><strong>76. Jean-Paul Prates &#8211; Petrobras<\/strong><\/p><figure class=\"wp-block-image size-large\"><img loading=\"lazy\" decoding=\"async\" width=\"1024\" height=\"683\" src=\"https:\/\/media.investnews.com.br\/uploads\/2023\/08\/2023-08-16T122634Z_1_LYNXMPEJ7F0GS_RTROPTP_4_ENERGIA-PETROBRAS-PRATES-1024x683.jpg\" alt=\"Homem de barba branca e terno escuro fala gesticulando com as m\u00e3os juntas.\" class=\"wp-image-518907\" srcset=\"https:\/\/media.investnews.com.br\/uploads\/2023\/08\/2023-08-16T122634Z_1_LYNXMPEJ7F0GS_RTROPTP_4_ENERGIA-PETROBRAS-PRATES-1024x683.jpg 1024w, https:\/\/media.investnews.com.br\/uploads\/2023\/08\/2023-08-16T122634Z_1_LYNXMPEJ7F0GS_RTROPTP_4_ENERGIA-PETROBRAS-PRATES-300x200.jpg 300w, https:\/\/media.investnews.com.br\/uploads\/2023\/08\/2023-08-16T122634Z_1_LYNXMPEJ7F0GS_RTROPTP_4_ENERGIA-PETROBRAS-PRATES-768x512.jpg 768w, https:\/\/media.investnews.com.br\/uploads\/2023\/08\/2023-08-16T122634Z_1_LYNXMPEJ7F0GS_RTROPTP_4_ENERGIA-PETROBRAS-PRATES-1536x1024.jpg 1536w, https:\/\/media.investnews.com.br\/uploads\/2023\/08\/2023-08-16T122634Z_1_LYNXMPEJ7F0GS_RTROPTP_4_ENERGIA-PETROBRAS-PRATES-1256x837.jpg 1256w, https:\/\/media.investnews.com.br\/uploads\/2023\/08\/2023-08-16T122634Z_1_LYNXMPEJ7F0GS_RTROPTP_4_ENERGIA-PETROBRAS-PRATES-172x115.jpg 172w, https:\/\/media.investnews.com.br\/uploads\/2023\/08\/2023-08-16T122634Z_1_LYNXMPEJ7F0GS_RTROPTP_4_ENERGIA-PETROBRAS-PRATES-150x100.jpg 150w, https:\/\/media.investnews.com.br\/uploads\/2023\/08\/2023-08-16T122634Z_1_LYNXMPEJ7F0GS_RTROPTP_4_ENERGIA-PETROBRAS-PRATES.jpg 2048w\" sizes=\"auto, (max-width: 1024px) 100vw, 1024px\" \/><figcaption class=\"wp-element-caption\">Presidente-executivo da Petrobras, Jean Paul Prates, durante entrevista \u00e0 Reuters no Rio de Janeiro\n17\/07\/2023 REUTERS\/Ricardo Moraes<\/figcaption><\/figure><p><strong>77. Jeane Tsutsui &#8211; Fleury<\/strong><\/p><p><strong>78. Jo\u00e3o Adibe Marques &#8211; Cimed<\/strong><\/p><p><strong>79. Jo\u00e3o Marques da Cruz &#8211; EDP Brasil<\/strong><\/p><p><strong>80. Jo\u00e3o Roberto Marinho &#8211; Grupo Globo<\/strong><\/p><p><strong>81. John Rodgerson &#8211; Azul<\/strong><\/p><p><strong>82. Jorge Moll Filho &#8211; Rede D\u2019Or<\/strong><\/p><p>83. Jorge Salas &#8211; Bladex<\/p><p>84. Jos\u00e9 Antonio Fern\u00e1ndez Carbajal &#8211; FEMSA<\/p><p>85. Jos\u00e9 Francisco P\u00e9rez Mackenna &#8211; Qui\u00f1enco<\/p><p>86. Jos\u00e9 Ignacio Escobar &#8211; Colb\u00fan<\/p><p>87. Josefina Mois\u00e9s Oliver &#8211; Amefibra<\/p><p>88. Juan Jos\u00e9 Chac\u00f3n-Quir\u00f3s &#8211; Establishment Labs Holding<\/p><p>89. Juan Jos\u00e9 Guti\u00e9rrez &#8211; CMI Alimentos e CMI Capital<\/p><p>90. Juan Ricardo Ortega- Grupo Energ\u00eda Bogot\u00e1<\/p><p><strong>91. Karen Santos &#8211; UX para Minas Pretas<\/strong><\/p><figure class=\"wp-block-image size-large\"><img loading=\"lazy\" decoding=\"async\" width=\"1024\" height=\"682\" src=\"https:\/\/media.investnews.com.br\/uploads\/2023\/09\/Captura-de-Tela-2023-09-19-as-15.34.56-1024x682.jpg\" alt='Mulher negra de tran\u00e7as sorri usando um smartphone. Na mesa, uma caixa colorida com \"UX minas pretas\".' class=\"wp-image-527392\" srcset=\"https:\/\/media.investnews.com.br\/uploads\/2023\/09\/Captura-de-Tela-2023-09-19-as-15.34.56-1024x682.jpg 1024w, https:\/\/media.investnews.com.br\/uploads\/2023\/09\/Captura-de-Tela-2023-09-19-as-15.34.56-300x200.jpg 300w, https:\/\/media.investnews.com.br\/uploads\/2023\/09\/Captura-de-Tela-2023-09-19-as-15.34.56-768x511.jpg 768w, https:\/\/media.investnews.com.br\/uploads\/2023\/09\/Captura-de-Tela-2023-09-19-as-15.34.56-172x114.jpg 172w, https:\/\/media.investnews.com.br\/uploads\/2023\/09\/Captura-de-Tela-2023-09-19-as-15.34.56-150x100.jpg 150w, https:\/\/media.investnews.com.br\/uploads\/2023\/09\/Captura-de-Tela-2023-09-19-as-15.34.56.jpg 1250w\" sizes=\"auto, (max-width: 1024px) 100vw, 1024px\" \/><figcaption class=\"wp-element-caption\">Karen Santos, CEO e co-fundadora da UX para Minas Pretas. Cr\u00e9dito: Reprodu\u00e7\u00e3o\/Instagram<\/figcaption><\/figure><p>92. Le\u00f3n Falic &#8211; Ueta Inc.<\/p><p><strong>93. Lidiane Jones &#8211; Slack<\/strong><\/p><p>94. Liliana Reyes &#8211; Amexcap<\/p><p>95. Luis Carlos Sarmiento Guti\u00e9rrez &#8211; Grupo Aval<\/p><p><strong>96. Luis Justo &#8211; Rock in Rio<\/strong><\/p><p>97. Luis Merch\u00e1n &#8211; Flora Growth<\/p><p>98. Carlos Enrique Mata &#8211; CBC<\/p><p><strong>99. Luis Stuhlberger &#8211; Verde Asset<\/strong><\/p><p>100. Luis Von Ahn &#8211; Duolingo<\/p><p>101. Luz Elena del Castillo &#8211; Ford M\u00e9xico, Porto Rico, Am\u00e9rica Central e Caribe<\/p><p><strong>102. Manoela Mitchell &#8211; Pipo Sa\u00fade<\/strong><\/p><p><strong>103. Marcela Ceribelli &#8211; Obvious<\/strong><\/p><p>104. Marcelo Claure &#8211; Claure Group e Bicycle Capital<\/p><p><strong>105. Marcelo Kalim &#8211; C6 Bank<\/strong><\/p><p>106. Marcelo Secco &#8211; Marfrig Cone Sul<\/p><p>107. Marcos Galperin &#8211; Mercado Livre<\/p><p><strong>108. Marcos Lutz &#8211; Ultrapar<\/strong><\/p><p>109. Margarita Henao &#8211; Daviplata<\/p><p>110.Mar\u00eda del Rosario Paz Guti\u00e9rrez &#8211; Farmacias Corporativas<\/p><p>111. Mar\u00eda Elena Gallego &#8211; Collectron<\/p><p>112. Mariela Garcia Figari de Fabbri &#8211; Ferreycorp<\/p><p><strong>113. M\u00e1rio Araripe &#8211; Casa dos Ventos<\/strong><\/p><p><strong>114. Mario Le\u00e3o &#8211; Santander Brasil<\/strong><\/p><p>115. Mario Sim\u00e1n &#8211; Unicomer<\/p><p>116. Marliz Mej\u00eda &#8211; Deutsche Securities M\u00e9xico<\/p><p>117. Mart\u00edn Migoya &#8211; CEO Globant<\/p><p>118. Mart\u00edn P\u00e9rez de Solay &#8211; Allkem Limited<\/p><p>119. Mat\u00edas Muchnick &#8211; NotCo<\/p><p>120. Mauricio Ramos &#8211; CEO Millicom<\/p><p><strong>121. Maur\u00edcio Russomanno &#8211; Unipar<\/strong><\/p><p>122. Miguel Cort\u00e9s &#8211; Grupo Bol\u00edvar<\/p><p>123. Miguel Galuccio &#8211; Vista Energy<\/p><p><strong>124. Miguel Setas &#8211; CCR<\/strong><\/p><p><strong>125. Milton Maluhy Filho &#8211; Ita\u00fa Unibanco<\/strong><\/p><p>126. M\u00f3nica Aspe &#8211; AT&#038;T M\u00e9xico<\/p><p><strong>127. Murilo Parada &#8211; Louis Dreyfus Commoditie<\/strong><\/p><p><strong>128. Octavio de Lazari Junior &#8211; Bradesco<\/strong><\/p><figure class=\"wp-block-image size-full\"><img loading=\"lazy\" decoding=\"async\" width=\"2048\" height=\"1366\" src=\"https:\/\/media.investnews.com.br\/uploads\/2022\/11\/393487690.jpg\" alt=\"Homem de terno cinza e gravata vermelha, sentado, falando em ambiente iluminado com bokeh.\" class=\"wp-image-383799\" srcset=\"https:\/\/media.investnews.com.br\/uploads\/2022\/11\/393487690.jpg 2048w, https:\/\/media.investnews.com.br\/uploads\/2022\/11\/393487690-300x200.jpg 300w, https:\/\/media.investnews.com.br\/uploads\/2022\/11\/393487690-1024x683.jpg 1024w, https:\/\/media.investnews.com.br\/uploads\/2022\/11\/393487690-768x512.jpg 768w, https:\/\/media.investnews.com.br\/uploads\/2022\/11\/393487690-1536x1025.jpg 1536w, https:\/\/media.investnews.com.br\/uploads\/2022\/11\/393487690-1256x838.jpg 1256w, https:\/\/media.investnews.com.br\/uploads\/2022\/11\/393487690-172x115.jpg 172w, https:\/\/media.investnews.com.br\/uploads\/2022\/11\/393487690-150x100.jpg 150w\" sizes=\"auto, (max-width: 2048px) 100vw, 2048px\" \/><figcaption class=\"wp-element-caption\">Octavio de Lazari (Cr\u00e9dito: Bloomberg)<\/figcaption><\/figure><p>129. Oscar Sardi &#8211; Transportadora de Gas del Sur<\/p><p>130. Pablo Di Si &#8211; Volkswagen Am\u00e9rica Latina<\/p><p>131. Pablo Iuliano &#8211; YPF<\/p><p>132. Pablo Legorreta &#8211; Royalty Pharma<\/p><p>133. Pablo Vargas &#8211; Grupo Arribada<\/p><p>134. Paolo Rocca &#8211; Grupo Techint<\/p><p>135. Paula Santilli &#8211; PepsiCo Latin America<\/p><p>136. Paz Austin &#8211; Conselho Mexicano Vitivin\u00edcola<\/p><p>137. Pedro de Garay &#8211; GBM<\/p><p><strong>138. Pedro de Godoy Bueno &#8211; Grupo Dasa<\/strong><\/p><p>139. Pedro Heilbr\u00f3n &#8211; Copa Airlines<\/p><p><strong>140. Pedro Thompson &#8211; Grupo Allian\u00e7a<\/strong><\/p><p>141. Piero Coen &#8211; Coen Group<\/p><p>142. Ram\u00f3n Mendiola &#8211; Florida Ice &#038; Company<\/p><p><strong>143. Regina Ferreira &#8211; Hutu Casting<\/strong><\/p><p>144. Renata Milanese &#8211; BASF Argentina, Bol\u00edvia, Paraguai e Uruguai<\/p><p><strong>145. Renato Franklin &#8211; Grupo Casas Bahia<\/strong><\/p><p>146. Ricardo Due\u00f1as &#8211; OMA<\/p><p>147. Ricardo Martin Bringas &#8211; Organizaci\u00f3n Soriana<\/p><p>148. Ricardo Mussa &#8211; Ra\u00edze<\/p><p>149. Ricardo Ramos &#8211; SQM<\/p><p>150. Ricardo Weder &#8211; J\u00fcsto Supermercados<\/p><p><strong>151. Roberto Monteiro &#8211; PRIO<\/strong><\/p><p>152. Roberto Murchinson &#8211; Murchinson Group<\/p><p>153. Roberto Nobile &#8211; Telecom Argentina<\/p><p><strong>154. Roberto Sallouti &#8211; BTG Pactual<\/strong><\/p><figure class=\"wp-block-image size-full\"><img loading=\"lazy\" decoding=\"async\" width=\"1024\" height=\"576\" src=\"https:\/\/media.investnews.com.br\/uploads\/2022\/09\/din1123-btg2.jpg\" alt=\"Homem de terno sorrindo para a c\u00e2mera, com pr\u00e9dios desfocados ao fundo.\" class=\"wp-image-364780\" srcset=\"https:\/\/media.investnews.com.br\/uploads\/2022\/09\/din1123-btg2.jpg 1024w, https:\/\/media.investnews.com.br\/uploads\/2022\/09\/din1123-btg2-300x169.jpg 300w, https:\/\/media.investnews.com.br\/uploads\/2022\/09\/din1123-btg2-768x432.jpg 768w, https:\/\/media.investnews.com.br\/uploads\/2022\/09\/din1123-btg2-172x97.jpg 172w, https:\/\/media.investnews.com.br\/uploads\/2022\/09\/din1123-btg2-150x84.jpg 150w\" sizes=\"auto, (max-width: 1024px) 100vw, 1024px\" \/><figcaption class=\"wp-element-caption\">Roberto Sallouti, CEO do BTG Pactual\/Divulga\u00e7\u00e3o <\/figcaption><\/figure><p>155. Roberto Urqu\u00eda &#8211; Aceitera General Deheza<\/p><p><strong>156. Roberto Val\u00e9rio &#8211; Cogna<\/strong><\/p><p>157. Ronald Wright Dur\u00e1n Ball\u00e9n &#8211; Corporaci\u00f3n Favorita<\/p><p>158. Rub\u00e9n Minski &#8211; Procaps<\/p><p>159. Santiago Peralta &#8211; Paccari<\/p><p>160. Sergio D\u00edaz-Granados &#8211; CAF<\/p><p>161. Sergio M\u00e9ndez &#8211; BlackRock M\u00e9xico<\/p><p><strong>162. Sergio Zimerman &#8211; Petz<\/strong><\/p><p>163. Sof\u00eda Vago &#8211; Accenture Argentina<\/p><p><strong>164. St\u00e9phane Maquaire &#8211; Carrefour Brasil<\/strong><\/p><p><strong>165. Sylvia Coutinho &#8211; UBS Brasil<\/strong><\/p><p><strong>166. Tereza Santos &#8211; Sympla<\/strong><\/p><p><strong>167. Thiago Hering &#8211; Cia Hering<\/strong><\/p><p>168. Victor Gobitz &#8211; Antamina<\/p><p><strong>169. Wesley Batista Filho &#8211; JBS USA<\/strong><\/p><figure class=\"wp-block-image size-full\"><img loading=\"lazy\" decoding=\"async\" width=\"933\" height=\"816\" src=\"https:\/\/media.investnews.com.br\/uploads\/2022\/07\/WESLEY-BATISTA-FILHO-JBS-1.jpg\" alt=\"Homem de terno e camisa branca, sorrindo levemente para a c\u00e2mera. Fundo corporativo.\" class=\"wp-image-348104\" srcset=\"https:\/\/media.investnews.com.br\/uploads\/2022\/07\/WESLEY-BATISTA-FILHO-JBS-1.jpg 933w, https:\/\/media.investnews.com.br\/uploads\/2022\/07\/WESLEY-BATISTA-FILHO-JBS-1-300x262.jpg 300w, https:\/\/media.investnews.com.br\/uploads\/2022\/07\/WESLEY-BATISTA-FILHO-JBS-1-768x672.jpg 768w, https:\/\/media.investnews.com.br\/uploads\/2022\/07\/WESLEY-BATISTA-FILHO-JBS-1-172x150.jpg 172w, https:\/\/media.investnews.com.br\/uploads\/2022\/07\/WESLEY-BATISTA-FILHO-JBS-1-150x131.jpg 150w\" sizes=\"auto, (max-width: 933px) 100vw, 933px\" \/><\/figure><p><\/p>\n","protected":false},"excerpt":{"rendered":"<p>Lista avaliou impacto econ\u00f4mico e influ\u00eancia sobre a pr\u00f3pria \u00e1rea de cada nome listado.<\/p>\n","protected":false},"author":26,"featured_media":527356,"comment_status":"closed","ping_status":"open","sticky":false,"template":"","format":"standard","meta":{"_acf_changed":false,"inline_featured_image":false,"footnotes":""},"categories":[5],"tags":[112829],"autor-wsj":[],"coauthors":[1873],"class_list":["post-527339","post","type-post","status-publish","format-standard","has-post-thumbnail","hentry","category-economia","tag-america-latina"],"acf":[],"amp_enabled":true,"_links":{"self":[{"href":"https:\/\/investnews.com.br\/inv-api\/wp\/v2\/posts\/527339","targetHints":{"allow":["GET"]}}],"collection":[{"href":"https:\/\/investnews.com.br\/inv-api\/wp\/v2\/posts"}],"about":[{"href":"https:\/\/investnews.com.br\/inv-api\/wp\/v2\/types\/post"}],"author":[{"embeddable":true,"href":"https:\/\/investnews.com.br\/inv-api\/wp\/v2\/users\/26"}],"replies":[{"embeddable":true,"href":"https:\/\/investnews.com.br\/inv-api\/wp\/v2\/comments?post=527339"}],"version-history":[{"count":12,"href":"https:\/\/investnews.com.br\/inv-api\/wp\/v2\/posts\/527339\/revisions"}],"predecessor-version":[{"id":703520,"href":"https:\/\/investnews.com.br\/inv-api\/wp\/v2\/posts\/527339\/revisions\/703520"}],"wp:featuredmedia":[{"embeddable":true,"href":"https:\/\/investnews.com.br\/inv-api\/wp\/v2\/media\/527356"}],"wp:attachment":[{"href":"https:\/\/investnews.com.br\/inv-api\/wp\/v2\/media?parent=527339"}],"wp:term":[{"taxonomy":"category","embeddable":true,"href":"https:\/\/investnews.com.br\/inv-api\/wp\/v2\/categories?post=527339"},{"taxonomy":"post_tag","embeddable":true,"href":"https:\/\/investnews.com.br\/inv-api\/wp\/v2\/tags?post=527339"},{"taxonomy":"autor-wsj","embeddable":true,"href":"https:\/\/investnews.com.br\/inv-api\/wp\/v2\/autor-wsj?post=527339"},{"taxonomy":"author","embeddable":true,"href":"https:\/\/investnews.com.br\/inv-api\/wp\/v2\/coauthors?post=527339"}],"curies":[{"name":"wp","href":"https:\/\/api.w.org\/{rel}","templated":true}]}}