{"id":529096,"date":"2023-09-22T21:55:35","date_gmt":"2023-09-23T00:55:35","guid":{"rendered":"https:\/\/investnews.com.br\/?p=529096"},"modified":"2025-12-18T08:45:03","modified_gmt":"2025-12-18T11:45:03","slug":"cinco-assuntos-quentes-para-o-brasil-na-proxima-semana-3","status":"publish","type":"post","link":"https:\/\/investnews.com.br\/economia\/cinco-assuntos-quentes-para-o-brasil-na-proxima-semana-3\/","title":{"rendered":"Cinco assuntos quentes para o Brasil na pr\u00f3xima semana"},"content":{"rendered":"<p>Os juros reagem \u00e0 ata do Copom, relat\u00f3rio trimestral de infla\u00e7\u00e3o, fala de Roberto Campos Neto e IPCA-15 &#8211; que tem estimativa de acelera\u00e7\u00e3o -, ap\u00f3s comunicado duro do Banco Central. C\u00e2mbio tem <a href=\"https:\/\/investnews.com.br\/guias\/dolar-ptax-o-que-e\/\">Ptax<\/a>. No exterior, PCE nos EUA e PMIs da China podem gerar volatilidade. Veja destaques:<\/p><h2 class=\"wp-block-heading\">Ata, RTI e Campos Neto<\/h2><p>Juros futuros devem reagir nesta ter\u00e7a-feira \u00e0 ata do Copom, ap\u00f3s comunicado da reuni\u00e3o visto como cauteloso. O BC sinalizou a manuten\u00e7\u00e3o do ritmo de afrouxamento nas \u201cpr\u00f3ximas reuni\u00f5es\u201d e voltou a fazer men\u00e7\u00e3o ao controle das contas p\u00fablicas, devido \u00e0 \u201cimport\u00e2ncia da execu\u00e7\u00e3o das metas fiscais\u201d. <\/p><figure class=\"wp-block-image size-large\"><img loading=\"lazy\" decoding=\"async\" width=\"1024\" height=\"683\" src=\"https:\/\/media.investnews.com.br\/uploads\/2023\/04\/2023-04-12T160448Z_1_LYNXMPEJ3B0ND_RTROPTP_4_BRAZIL-ECONOMY-CENTRALBANK-1024x683.jpg\" alt=\"Homem de \u00f3culos e terno azul falando em microfones com fundo escuro.\" class=\"wp-image-463983\" srcset=\"https:\/\/media.investnews.com.br\/uploads\/2023\/04\/2023-04-12T160448Z_1_LYNXMPEJ3B0ND_RTROPTP_4_BRAZIL-ECONOMY-CENTRALBANK-1024x683.jpg 1024w, https:\/\/media.investnews.com.br\/uploads\/2023\/04\/2023-04-12T160448Z_1_LYNXMPEJ3B0ND_RTROPTP_4_BRAZIL-ECONOMY-CENTRALBANK-300x200.jpg 300w, https:\/\/media.investnews.com.br\/uploads\/2023\/04\/2023-04-12T160448Z_1_LYNXMPEJ3B0ND_RTROPTP_4_BRAZIL-ECONOMY-CENTRALBANK-768x512.jpg 768w, https:\/\/media.investnews.com.br\/uploads\/2023\/04\/2023-04-12T160448Z_1_LYNXMPEJ3B0ND_RTROPTP_4_BRAZIL-ECONOMY-CENTRALBANK-1536x1025.jpg 1536w, https:\/\/media.investnews.com.br\/uploads\/2023\/04\/2023-04-12T160448Z_1_LYNXMPEJ3B0ND_RTROPTP_4_BRAZIL-ECONOMY-CENTRALBANK-1256x838.jpg 1256w, https:\/\/media.investnews.com.br\/uploads\/2023\/04\/2023-04-12T160448Z_1_LYNXMPEJ3B0ND_RTROPTP_4_BRAZIL-ECONOMY-CENTRALBANK-172x115.jpg 172w, https:\/\/media.investnews.com.br\/uploads\/2023\/04\/2023-04-12T160448Z_1_LYNXMPEJ3B0ND_RTROPTP_4_BRAZIL-ECONOMY-CENTRALBANK-150x100.jpg 150w, https:\/\/media.investnews.com.br\/uploads\/2023\/04\/2023-04-12T160448Z_1_LYNXMPEJ3B0ND_RTROPTP_4_BRAZIL-ECONOMY-CENTRALBANK.jpg 2048w\" sizes=\"auto, (max-width: 1024px) 100vw, 1024px\" \/><figcaption class=\"wp-element-caption\">Roberto\u00a0Campos\u00a0Neto, presidente do Banco Central, em Bras\u00edlia, Brasil\n15\/02\/2023\nREUTERS\/Adriano Machado<\/figcaption><\/figure><p>A ata dar\u00e1 ao BC oportunidade para fazer um ajuste fino no tom do comunicado e esclarecer o alerta sobre o fiscal, diz Adriana Dupita, da Bloomberg Economics. Dois dias depois, a autoridade monet\u00e1ria faz a divulga\u00e7\u00e3o do Relat\u00f3rio Trimestral de Infla\u00e7\u00e3o, seguida de falas do presidente Roberto Campos Neto e do diretor Diogo Guillen.<\/p><h2 class=\"wp-block-heading\">IPCA-15, Focus, fiscal<\/h2><p>No mesmo dia da divulga\u00e7\u00e3o da ata, o sentimento sobre a infla\u00e7\u00e3o e os juros ser\u00e1 influenciado tamb\u00e9m pelo IPCA-15 de setembro. O indicador tem estimativa de acelera\u00e7\u00e3o para 0,37% na compara\u00e7\u00e3o mensal, de 0,28% no per\u00edodo anterior, e para 5,02% em doze meses, de 4,24% em agosto. A pesquisa Focus, nesta segunda-feira, pode eventualmente refletir o cen\u00e1rio tra\u00e7ado pelo Copom, que elevou proje\u00e7\u00f5es de infla\u00e7\u00e3o. Agenda carregada ainda tem resultados do governo central e prim\u00e1rio consolidado, taxa de desemprego, contas externas e dados de cr\u00e9dito.<\/p><h2 class=\"wp-block-heading\">Ptax e Tesouro<\/h2><p>O <a href=\"https:\/\/investnews.com.br\/guias\/como-funciona-o-mercado-financeiro\/\">mercado de c\u00e2mbio<\/a> define a Ptax que servir\u00e1 de refer\u00eancia para os vencimentos dos futuros de d\u00f3lar no dia 29. A moeda americana teve a 3\u00aa alta semanal em quatro semanas com a vis\u00e3o de carry menor &#8211; diante da perspectiva de juros mais altos e por mais tempo nos EUA, em contraponto \u00e0 continuidade da queda da Selic no Brasil. O mercado de juros acompanha ainda os leil\u00f5es de t\u00edtulos do Tesouro, que tem reduzido as ofertas de papeis em dias com altas acentuadas de taxas.<\/p><h2 class=\"wp-block-heading\">PCE nos EUA<\/h2><p>As perspectivas sobre os juros do Fed devem ser influenciadas por agenda importante nos EUA, que inclui o deflator PCE, tido como dado preferido do Fed. Estimativa mediana \u00e9 de alta de 0,5% em agosto, ante 0,2% em julho. No entanto, segundo a Bloomberg Economics, tanto a medida de n\u00facleo quanto a do \u201csupern\u00facleo\u201d do \u00edndice devem ficar em n\u00edvel mais moderado, de 0,2%. Esses dados, quando anualizados, est\u00e3o perto da meta do Fed, diz a BE. Na zona do euro, CPI pode mostrar desacelera\u00e7\u00e3o em termos anuais. Na China, PMIs devem mostrar efeito de est\u00edmulos.<\/p><p>Leia mais: Dirigente do Fed sugere mais de uma nova alta de juros nos EUA<\/p><h2 class=\"wp-block-heading\">Empresas<\/h2><p>Aegea Saneamento e Participa\u00e7\u00f5es contratou bancos para organizar uma s\u00e9rie de reuni\u00f5es virtuais com investidores de <a href=\"https:\/\/investnews.com.br\/guias\/renda-fixa-o-que-e\/\">renda fixa<\/a> a partir desta sexta-feira, segundo pessoa familiarizada com o assunto que pediu para n\u00e3o ser identificada por n\u00e3o ter autoriza\u00e7\u00e3o para falar publicamente. A Isa Cteep promove encontro anual com analistas e investidores na ter\u00e7a-feira, enquanto a Gerdau promove Stakeholder Day com visitas \u00e0s f\u00e1bricas do Brasil e dos Estados Unidos na quinta.<\/p>\n","protected":false},"excerpt":{"rendered":"<p>No exterior, PCE nos EUA e PMIs da China podem gerar volatilidade.<\/p>\n","protected":false},"author":76,"featured_media":357866,"comment_status":"closed","ping_status":"open","sticky":false,"template":"","format":"standard","meta":{"_acf_changed":false,"inline_featured_image":false,"footnotes":""},"categories":[5],"tags":[639,499],"autor-wsj":[],"coauthors":[101325],"class_list":["post-529096","post","type-post","status-publish","format-standard","has-post-thumbnail","hentry","category-economia","tag-copom","tag-economia"],"acf":[],"amp_enabled":true,"_links":{"self":[{"href":"https:\/\/investnews.com.br\/inv-api\/wp\/v2\/posts\/529096","targetHints":{"allow":["GET"]}}],"collection":[{"href":"https:\/\/investnews.com.br\/inv-api\/wp\/v2\/posts"}],"about":[{"href":"https:\/\/investnews.com.br\/inv-api\/wp\/v2\/types\/post"}],"author":[{"embeddable":true,"href":"https:\/\/investnews.com.br\/inv-api\/wp\/v2\/users\/76"}],"replies":[{"embeddable":true,"href":"https:\/\/investnews.com.br\/inv-api\/wp\/v2\/comments?post=529096"}],"version-history":[{"count":8,"href":"https:\/\/investnews.com.br\/inv-api\/wp\/v2\/posts\/529096\/revisions"}],"predecessor-version":[{"id":743126,"href":"https:\/\/investnews.com.br\/inv-api\/wp\/v2\/posts\/529096\/revisions\/743126"}],"wp:featuredmedia":[{"embeddable":true,"href":"https:\/\/investnews.com.br\/inv-api\/wp\/v2\/media\/357866"}],"wp:attachment":[{"href":"https:\/\/investnews.com.br\/inv-api\/wp\/v2\/media?parent=529096"}],"wp:term":[{"taxonomy":"category","embeddable":true,"href":"https:\/\/investnews.com.br\/inv-api\/wp\/v2\/categories?post=529096"},{"taxonomy":"post_tag","embeddable":true,"href":"https:\/\/investnews.com.br\/inv-api\/wp\/v2\/tags?post=529096"},{"taxonomy":"autor-wsj","embeddable":true,"href":"https:\/\/investnews.com.br\/inv-api\/wp\/v2\/autor-wsj?post=529096"},{"taxonomy":"author","embeddable":true,"href":"https:\/\/investnews.com.br\/inv-api\/wp\/v2\/coauthors?post=529096"}],"curies":[{"name":"wp","href":"https:\/\/api.w.org\/{rel}","templated":true}]}}