{"id":529397,"date":"2023-09-25T19:02:30","date_gmt":"2023-09-25T22:02:30","guid":{"rendered":"https:\/\/investnews.com.br\/?p=529397"},"modified":"2025-08-08T16:23:14","modified_gmt":"2025-08-08T19:23:14","slug":"ficou-sabendo-compra-da-etraveli-pela-booking-vetada-espera-por-iphone-15","status":"publish","type":"post","link":"https:\/\/investnews.com.br\/economia\/ficou-sabendo-compra-da-etraveli-pela-booking-vetada-espera-por-iphone-15\/","title":{"rendered":"Ficou sabendo? Compra da ETraveli pela Booking vetada; espera por iPhone 15"},"content":{"rendered":"<h2 class=\"wp-block-heading\">UE veta compra da ETraveli pela Booking<\/h2><p>\u00a0A compra pela<strong>\u00a0Booking\u00a0Holdings<\/strong> do <strong>grupo sueco ETraveli<\/strong> por 1,63 bilh\u00e3o de euros foi vetada por autoridades de concorr\u00eancia da Uni\u00e3o Europeia (UE) nesta segunda-feira, ap\u00f3s a empresa n\u00e3o conseguir contornar as preocupa\u00e7\u00f5es em rela\u00e7\u00e3o ao dom\u00ednio no mercado de reservas de hot\u00e9is online.<\/p><p>A Comiss\u00e3o Europeia, que atua como fiscalizadora da concorr\u00eancia nos 27 pa\u00edses da UE, disse que as solu\u00e7\u00f5es da\u00a0Booking\u00a0n\u00e3o foram suficientes para resolver as preocupa\u00e7\u00f5es do bloco.<\/p><p>O veto sugere que os reguladores da UE podem estar adotando uma postura mais dura em rela\u00e7\u00e3o \u00e0s fus\u00f5es no setor online.<\/p><h2 class=\"wp-block-heading\">iPhone 15 mais avan\u00e7ado tem espera recorde<\/h2><p>O modelo b\u00e1sico do <strong>iPhone 15<\/strong> da <a href=\"https:\/\/investnews.com.br\/negocios\/historia-da-apple\/\">Apple<\/a> est\u00e1 demorando quase o dobro do tempo para ser entregue do que seu antecessor, e a espera pelo topo de linha atingiu um recorde, um sinal de demanda forte pelos aparelhos mais recentes da empresa.<\/p><figure class=\"wp-block-image size-large\"><img loading=\"lazy\" decoding=\"async\" width=\"1024\" height=\"683\" src=\"https:\/\/media.investnews.com.br\/uploads\/2023\/09\/iphone-1024x683.jpg\" alt=\"Dois iPhones, um exibindo videochamada com mulher de cabelo vermelho e Dynamic Island.\" class=\"wp-image-529416\" srcset=\"https:\/\/media.investnews.com.br\/uploads\/2023\/09\/iphone-1024x683.jpg 1024w, https:\/\/media.investnews.com.br\/uploads\/2023\/09\/iphone-300x200.jpg 300w, https:\/\/media.investnews.com.br\/uploads\/2023\/09\/iphone-768x512.jpg 768w, https:\/\/media.investnews.com.br\/uploads\/2023\/09\/iphone-1536x1024.jpg 1536w, https:\/\/media.investnews.com.br\/uploads\/2023\/09\/iphone-1256x837.jpg 1256w, https:\/\/media.investnews.com.br\/uploads\/2023\/09\/iphone-172x115.jpg 172w, https:\/\/media.investnews.com.br\/uploads\/2023\/09\/iphone-150x100.jpg 150w, https:\/\/media.investnews.com.br\/uploads\/2023\/09\/iphone.jpg 2048w\" sizes=\"auto, (max-width: 1024px) 100vw, 1024px\" \/><figcaption class=\"wp-element-caption\">Smartphone iPhone 15 Pro apresentado durante evento da Apple em Cupertino, Calif\u00f3rnia\n12\/9\/2023 REUTERS\/Loren Elliott<\/figcaption><\/figure><p>Os consumidores nos EUA precisam esperar 10 dias para receber o modelo b\u00e1sico, comparado a seis dias para o aparelho da gera\u00e7\u00e3o anterior lan\u00e7ado no ano passado, segundo dados da Counterpoint Research. No caso do iPhone 15 Pro Max, a espera atingiu 48 dias, a maior j\u00e1 registrada.\u00a0<\/p><h2 class=\"wp-block-heading\">Sabesp v\u00ea janela para oferta de a\u00e7\u00f5es de maio a agosto de 2024<\/h2><p>Maior concession\u00e1ria de \u00e1gua e esgoto da Am\u00e9rica Latina, a <strong>Sabesp<\/strong>\u00a0(<a href=\"https:\/\/investnews.com.br\/cotacao\/sbsp3-sabesp\/\" target=\"_blank\" rel=\"noreferrer noopener\">SBSP3<\/a>) se prepara para uma venda p\u00fablica de a\u00e7\u00f5es na qual o estado de S\u00e3o Paulo abrir\u00e1 m\u00e3o de seu controle, prevista para um per\u00edodo entre maio e agosto do pr\u00f3ximo ano, segundo o presidente da concession\u00e1ria.<\/p><p>A empresa embarcou em uma agenda de corte de custos, incluindo a redu\u00e7\u00e3o de seu quadro de funcion\u00e1rios em cerca de 15% e a redu\u00e7\u00e3o de despesas com energia, e est\u00e1 se movendo para reverter o aumento p\u00f3s-pandemia nas taxas de inadimpl\u00eancia, disse Andr\u00e9 Salcedo que assumiu a presid\u00eancia da Sabesp em janeiro a convite do governador Tarc\u00edsio de Freitas. \u00a0<\/p><p>H\u00e1 uma \u201cjanela potencial\u201d para a oferta de a\u00e7\u00f5es a partir de meados de maio, quando a Sabesp publica seus resultados financeiros do primeiro trimestre, disse Salcedo em entrevista no escrit\u00f3rio da Bloomberg em S\u00e3o Paulo. \u201cEnt\u00e3o at\u00e9 meados de agosto \u00e9 poss\u00edvel realizar a transa\u00e7\u00e3o.\u201d<\/p><p><em>(*Com informa\u00e7\u00f5es de Reuters e Bloomberg.)<\/em><\/p>\n","protected":false},"excerpt":{"rendered":"<p>E mais: Sabesp v\u00ea janela para oferta de a\u00e7\u00f5es de maio a agosto de 2024.<\/p>\n","protected":false},"author":7,"featured_media":529416,"comment_status":"closed","ping_status":"open","sticky":false,"template":"","format":"standard","meta":{"_acf_changed":false,"inline_featured_image":false,"footnotes":""},"categories":[5],"tags":[201],"autor-wsj":[],"coauthors":[1494],"class_list":["post-529397","post","type-post","status-publish","format-standard","has-post-thumbnail","hentry","category-economia","tag-sabesp"],"acf":[],"amp_enabled":true,"_links":{"self":[{"href":"https:\/\/investnews.com.br\/inv-api\/wp\/v2\/posts\/529397","targetHints":{"allow":["GET"]}}],"collection":[{"href":"https:\/\/investnews.com.br\/inv-api\/wp\/v2\/posts"}],"about":[{"href":"https:\/\/investnews.com.br\/inv-api\/wp\/v2\/types\/post"}],"author":[{"embeddable":true,"href":"https:\/\/investnews.com.br\/inv-api\/wp\/v2\/users\/7"}],"replies":[{"embeddable":true,"href":"https:\/\/investnews.com.br\/inv-api\/wp\/v2\/comments?post=529397"}],"version-history":[{"count":28,"href":"https:\/\/investnews.com.br\/inv-api\/wp\/v2\/posts\/529397\/revisions"}],"predecessor-version":[{"id":703484,"href":"https:\/\/investnews.com.br\/inv-api\/wp\/v2\/posts\/529397\/revisions\/703484"}],"wp:featuredmedia":[{"embeddable":true,"href":"https:\/\/investnews.com.br\/inv-api\/wp\/v2\/media\/529416"}],"wp:attachment":[{"href":"https:\/\/investnews.com.br\/inv-api\/wp\/v2\/media?parent=529397"}],"wp:term":[{"taxonomy":"category","embeddable":true,"href":"https:\/\/investnews.com.br\/inv-api\/wp\/v2\/categories?post=529397"},{"taxonomy":"post_tag","embeddable":true,"href":"https:\/\/investnews.com.br\/inv-api\/wp\/v2\/tags?post=529397"},{"taxonomy":"autor-wsj","embeddable":true,"href":"https:\/\/investnews.com.br\/inv-api\/wp\/v2\/autor-wsj?post=529397"},{"taxonomy":"author","embeddable":true,"href":"https:\/\/investnews.com.br\/inv-api\/wp\/v2\/coauthors?post=529397"}],"curies":[{"name":"wp","href":"https:\/\/api.w.org\/{rel}","templated":true}]}}