{"id":529562,"date":"2023-09-26T10:51:46","date_gmt":"2023-09-26T13:51:46","guid":{"rendered":"https:\/\/investnews.com.br\/?p=529562"},"modified":"2023-09-26T11:07:17","modified_gmt":"2023-09-26T14:07:17","slug":"marisa-divulga-projecoes-para-2024-e-estima-receita-bruta-de-ate-r-25-bi","status":"publish","type":"post","link":"https:\/\/investnews.com.br\/negocios\/marisa-divulga-projecoes-para-2024-e-estima-receita-bruta-de-ate-r-25-bi\/","title":{"rendered":"Marisa divulga proje\u00e7\u00f5es para 2024 e estima receita bruta de at\u00e9 R$ 2,5 bi"},"content":{"rendered":"\n<p>A <strong>Marisa<\/strong> <strong>Lojas<\/strong>&nbsp;(<a href=\"https:\/\/investnews.com.br\/cotacao\/amar3-marisa-lojas\/\" target=\"_blank\" rel=\"noreferrer noopener\">AMAR3<\/a>) divulgou em fato relevante nesta ter\u00e7a-feira (26) <strong>proje\u00e7\u00f5es referentes ao exerc\u00edcio social de 2024<\/strong>.<\/p>\n\n\n\n<p>Para o pr\u00f3ximo ano, a varejista estima <strong>receita bruta<\/strong> de R$ 2,3 bilh\u00f5es a R$ 2,5 bilh\u00f5es, com proje\u00e7\u00e3o baseada no reabastecimento de lojas, adequa\u00e7\u00e3o de sortimento entre canais f\u00edsico e digital, recupera\u00e7\u00e3o de receita mesmas lojas pr\u00f3ximas ao patamar do ano de<br>2022 e manuten\u00e7\u00e3o da \u00e1rea de venda.<\/p>\n\n\n\n<p>A varejista estima <strong>margem bruta<\/strong> de 50% a 52%, baseada em maior giro de estoque, maior assertividade na oferta de produtos entre canais, pol\u00edticas de descontos diferenciadas e a adequa\u00e7\u00e3o de sortimento.<\/p>\n\n\n\n<figure class=\"wp-block-image size-large\"><img loading=\"lazy\" decoding=\"async\" width=\"1024\" height=\"576\" src=\"https:\/\/media.investnews.com.br\/uploads\/2023\/09\/marisa-1024x576.jpg\" alt=\"Lojas Marisa (Adobe)\" class=\"wp-image-527105\" srcset=\"https:\/\/media.investnews.com.br\/uploads\/2023\/09\/marisa-1024x576.jpg 1024w, https:\/\/media.investnews.com.br\/uploads\/2023\/09\/marisa-300x169.jpg 300w, https:\/\/media.investnews.com.br\/uploads\/2023\/09\/marisa-768x432.jpg 768w, https:\/\/media.investnews.com.br\/uploads\/2023\/09\/marisa-172x97.jpg 172w, https:\/\/media.investnews.com.br\/uploads\/2023\/09\/marisa-150x84.jpg 150w, https:\/\/media.investnews.com.br\/uploads\/2023\/09\/marisa.jpg 1200w\" sizes=\"auto, (max-width: 1024px) 100vw, 1024px\" \/><figcaption class=\"wp-element-caption\">Lojas Marisa (Adobe)<\/figcaption><\/figure>\n\n\n\n<p>J\u00e1 o lucro antes de juros, impostos, deprecia\u00e7\u00e3o e <a href=\"https:\/\/investnews.com.br\/guias\/amortizacao-o-que-e\/\">amortiza\u00e7\u00e3o<\/a> (<a href=\"https:\/\/investnews.com.br\/guias\/ebitda-o-que-e-como-calcular\/\">Ebitda<\/a>, na sigla em ingl\u00eas) da empresa deve ficar entre R$ 100 milh\u00f5es a R$ 130 milh\u00f5es no ano que vem, baseado no encerramento de lojas deficit\u00e1rias (2023) que deve se traduzir em incremento de <a href=\"https:\/\/investnews.com.br\/guias\/ebitda-o-que-e-como-calcular\/\">Ebitda<\/a> potencial; Ebitda positivo das lojas ativas com base em 2022, redu\u00e7\u00e3o de despesas operacionais implementadas em 2023 e 2024.<\/p>\n\n\n\n<h2 class=\"wp-block-heading\">D\u00edvida<\/h2>\n\n\n\n<p>J\u00e1 o<strong> perfil da d\u00edvida<\/strong> est\u00e1 projetado em 10% a curto prazo e os demais 90% a longo prazo, considerando a otimiza\u00e7\u00e3o da estrutura de capital com foco em d\u00edvidas estruturantes de longo<br>prazo.<\/p>\n\n\n\n<p>Com rela\u00e7\u00e3o a <strong><a href=\"https:\/\/investnews.com.br\/guias\/alavancagem-financeira-o-que-e\/\">alavancagem financeira<\/a><\/strong> (D\u00edvida L\u00edquida\/ Ebitda), a empresa estima o indicador entre 0,9 vez a 1,2 vez.<\/p>\n\n\n\n<p>\u201cRessaltamos as proje\u00e7\u00f5es e estimativas apresentadas acima refletem as expectativas da administra\u00e7\u00e3o em rela\u00e7\u00e3o ao futuro da companhia, sujeitas a riscos e incertezas, sendo dados estimativos e indicativos que n\u00e3o constituem promessa de desempenho. Embora a companhia acredite que estas estimativas e proje\u00e7\u00f5es encontram-se baseadas em premissas razo\u00e1veis, estas estimativas e proje\u00e7\u00f5es est\u00e3o naturalmente sujeitas a riscos fora do controle da companhia\u201d, informou a varejista em fato relevante.<\/p>\n","protected":false},"excerpt":{"rendered":"<p>Para o ano que vem, a varejista estima que o Ebitda deve ficar entre R$ 100 milh\u00f5es a R$ 130 milh\u00f5es.<\/p>\n","protected":false},"author":36,"featured_media":527105,"comment_status":"closed","ping_status":"open","sticky":false,"template":"","format":"standard","meta":{"_acf_changed":false,"inline_featured_image":false,"footnotes":""},"categories":[6],"tags":[1231,376],"autor-wsj":[],"coauthors":[2269],"class_list":["post-529562","post","type-post","status-publish","format-standard","has-post-thumbnail","hentry","category-negocios","tag-amar3","tag-varejo"],"acf":[],"amp_enabled":true,"_links":{"self":[{"href":"https:\/\/investnews.com.br\/inv-api\/wp\/v2\/posts\/529562","targetHints":{"allow":["GET"]}}],"collection":[{"href":"https:\/\/investnews.com.br\/inv-api\/wp\/v2\/posts"}],"about":[{"href":"https:\/\/investnews.com.br\/inv-api\/wp\/v2\/types\/post"}],"author":[{"embeddable":true,"href":"https:\/\/investnews.com.br\/inv-api\/wp\/v2\/users\/36"}],"replies":[{"embeddable":true,"href":"https:\/\/investnews.com.br\/inv-api\/wp\/v2\/comments?post=529562"}],"version-history":[{"count":31,"href":"https:\/\/investnews.com.br\/inv-api\/wp\/v2\/posts\/529562\/revisions"}],"predecessor-version":[{"id":529649,"href":"https:\/\/investnews.com.br\/inv-api\/wp\/v2\/posts\/529562\/revisions\/529649"}],"wp:featuredmedia":[{"embeddable":true,"href":"https:\/\/investnews.com.br\/inv-api\/wp\/v2\/media\/527105"}],"wp:attachment":[{"href":"https:\/\/investnews.com.br\/inv-api\/wp\/v2\/media?parent=529562"}],"wp:term":[{"taxonomy":"category","embeddable":true,"href":"https:\/\/investnews.com.br\/inv-api\/wp\/v2\/categories?post=529562"},{"taxonomy":"post_tag","embeddable":true,"href":"https:\/\/investnews.com.br\/inv-api\/wp\/v2\/tags?post=529562"},{"taxonomy":"autor-wsj","embeddable":true,"href":"https:\/\/investnews.com.br\/inv-api\/wp\/v2\/autor-wsj?post=529562"},{"taxonomy":"author","embeddable":true,"href":"https:\/\/investnews.com.br\/inv-api\/wp\/v2\/coauthors?post=529562"}],"curies":[{"name":"wp","href":"https:\/\/api.w.org\/{rel}","templated":true}]}}