{"id":530151,"date":"2023-09-27T17:05:34","date_gmt":"2023-09-27T20:05:34","guid":{"rendered":"https:\/\/investnews.com.br\/?p=530151"},"modified":"2023-09-28T15:14:23","modified_gmt":"2023-09-28T18:14:23","slug":"shein-inaugura-encomendas-da-remessa-conforme-em-meio-a-crise-das-varejistas","status":"publish","type":"post","link":"https:\/\/investnews.com.br\/negocios\/shein-inaugura-encomendas-da-remessa-conforme-em-meio-a-crise-das-varejistas\/","title":{"rendered":"Shein inaugura encomendas da Remessa Conforme, em meio \u00e0 crise das varejistas"},"content":{"rendered":"\n<p>A varejista chinesa Shein recebeu as primeiras cargas por meio do Programa Remessa Conforme. Foram mais de 200 toneladas em mercadorias, as primeiras do programa a chegar no Brasil. O Remessa Conforme possibilita que as taxas de <strong>compras de at\u00e9 US$ 50<\/strong> n\u00e3o caiam sobre os consumidores brasileiros que fa\u00e7am compras no exterior pela internet.<\/p>\n\n\n\n<figure class=\"wp-block-image size-large\"><img loading=\"lazy\" decoding=\"async\" width=\"1024\" height=\"772\" src=\"https:\/\/media.investnews.com.br\/uploads\/2023\/09\/Image-1-1-1024x772.jpg\" alt=\"Shein envia produtos por Sedex, servi\u00e7o dos Correios, ap\u00f3s ades\u00e3o ao Remessa Conforme (Foto: Divulga\u00e7\u00e3o)\" class=\"wp-image-530159\" srcset=\"https:\/\/media.investnews.com.br\/uploads\/2023\/09\/Image-1-1-1024x772.jpg 1024w, https:\/\/media.investnews.com.br\/uploads\/2023\/09\/Image-1-1-300x226.jpg 300w, https:\/\/media.investnews.com.br\/uploads\/2023\/09\/Image-1-1-768x579.jpg 768w, https:\/\/media.investnews.com.br\/uploads\/2023\/09\/Image-1-1-172x130.jpg 172w, https:\/\/media.investnews.com.br\/uploads\/2023\/09\/Image-1-1-150x113.jpg 150w, https:\/\/media.investnews.com.br\/uploads\/2023\/09\/Image-1-1.jpg 1183w\" sizes=\"auto, (max-width: 1024px) 100vw, 1024px\" \/><figcaption class=\"wp-element-caption\">Shein recebe produtos por Sedex, servi\u00e7o dos Correios, ap\u00f3s ades\u00e3o ao Remessa Conforme (Foto: Divulga\u00e7\u00e3o)<\/figcaption><\/figure>\n\n\n\n<p>Como com o programa o pagamento de impostos \u00e9 feito de forma antecipada, a Shein espera que as compras cheguem mais rapidamente ao consumidor. &#8220;A expectativa \u00e9 que grande parte da carga da Shein passe a ser fiscalizada em S\u00e3o Paulo, sem necessidade de transporte at\u00e9 Curitiba&#8221;, informou a empresa em nota. Curitiba \u00e9 a localiza\u00e7\u00e3o de um dos maiores terminais alfandeg\u00e1rios da Receita Federal.<\/p>\n\n\n\n<p>Para Hulisses Dias, analista CNPI e mestre em finan\u00e7as pessoais pela Sorbonne, a dianteira da Shein no programa \u00e9 <strong>&#8220;devastadora&#8221; para empresas nacionais<\/strong>. Segundo Dias, as varejistas brasileiras ter\u00e3o agora de <strong>brigar em desigualdade<\/strong> com as chinesas.<\/p>\n\n\n\n<p>&#8220;O conceito de propriedade intelectual das empresas chinesas \u00e9 muito diferente das empresas do Ocidente&#8221;, justifica Dias. &#8220;Outro ponto \u00e9 que o Partido Comunista Chin\u00eas apoia fortemente as empresas que est\u00e3o se expandindo para o resto do mundo.&#8221; Assim, as brasileiras estariam brigando &#8220;diretamente com o governo Chin\u00eas&#8221;.<\/p>\n\n\n\n<p>Gustavo Cruz, estrategista chefe da RB Investimentos, destaca que a sensa\u00e7\u00e3o de um jogo desigual \u00e9 comum entre as varejistas neste momento. &#8220;Elas est\u00e3o e v\u00e3o continuar reclamando bastante da competi\u00e7\u00e3o desses outros ve\u00edculos que vem da \u00c1sia principalmente.&#8221;<\/p>\n\n\n\n<h2 class=\"wp-block-heading\">A concorr\u00eancia da Shein \u00e9 desleal?<\/h2>\n\n\n\n<p>Especialistas ouvidos pelo<em> InvestNews<\/em> acreditam que \u00e9 o momento de as empresas brasileiras direcionarem a aten\u00e7\u00e3o de suas equipes jur\u00eddicas para se proteger e saber se, de fato, h\u00e1 pr\u00e1ticas ilegais ou anti\u00e9ticas na concorr\u00eancia imposta pelas varejistas estrangeiras \u00e0s brasileiras.<\/p>\n\n\n\n<p>Entre as medidas precaucionais indicadas por Mozar Carvalho, s\u00f3cio fundador do Machado de Carvalho Advocacia, est\u00e1 a reavalia\u00e7\u00e3o das pr\u00e1ticas de <strong>propriedade intelectual<\/strong>, como registros de marcas e designs, para proteger seus direitos. Caso apare\u00e7am evid\u00eancias, as empresas locais afetadas podem buscar medidas legais para proteger seus direitos, afirma ele.<\/p>\n\n\n\n<figure class=\"wp-block-image size-large\"><img loading=\"lazy\" decoding=\"async\" width=\"1024\" height=\"682\" src=\"https:\/\/media.investnews.com.br\/uploads\/2023\/09\/ecommerce-2607114_1280-1024x682.jpg\" alt=\"Cart\u00e3o de cr\u00e9dito, compra online, e-comerce (Imagem de StockSnap por Pixabay)\" class=\"wp-image-524426\" srcset=\"https:\/\/media.investnews.com.br\/uploads\/2023\/09\/ecommerce-2607114_1280-1024x682.jpg 1024w, https:\/\/media.investnews.com.br\/uploads\/2023\/09\/ecommerce-2607114_1280-300x200.jpg 300w, https:\/\/media.investnews.com.br\/uploads\/2023\/09\/ecommerce-2607114_1280-768x512.jpg 768w, https:\/\/media.investnews.com.br\/uploads\/2023\/09\/ecommerce-2607114_1280-1256x837.jpg 1256w, https:\/\/media.investnews.com.br\/uploads\/2023\/09\/ecommerce-2607114_1280-172x115.jpg 172w, https:\/\/media.investnews.com.br\/uploads\/2023\/09\/ecommerce-2607114_1280-150x100.jpg 150w, https:\/\/media.investnews.com.br\/uploads\/2023\/09\/ecommerce-2607114_1280.jpg 1280w\" sizes=\"auto, (max-width: 1024px) 100vw, 1024px\" \/><figcaption class=\"wp-element-caption\">Cart\u00e3o de cr\u00e9dito, compra online, e-comerce (Imagem de StockSnap por Pixabay)<\/figcaption><\/figure>\n\n\n\n<p>&#8220;As empresas locais devem estar atentas \u00e0s normas de importa\u00e7\u00e3o, tributa\u00e7\u00e3o e pr\u00e1ticas comerciais do Brasil&#8221;, concorda Carla Tredici Christiano, associada s\u00eanior do FCR Law. A advogada destaca que \u00e9 necess\u00e1ria uma fiscaliza\u00e7\u00e3o efetiva.<\/p>\n\n\n\n<p>Outras potenciais pr\u00e1ticas ilegais apontadas por Christiano s\u00e3o a venda de produtos falsificados, a propaganda enganosa e o dumping \u2013 pr\u00e1tica de uma empresa exportadora que vende um produto a um pre\u00e7o inferior ao praticado no mercado interno.<\/p>\n\n\n\n<h2 class=\"wp-block-heading\">Varejistas brasileiras enfrentam problemas<\/h2>\n\n\n\n<p>O CEO das Lojas Marisa (AMAR3), Jo\u00e3o Pinheiro Nogueira Batista, manifestou sua insatisfa\u00e7\u00e3o com a situa\u00e7\u00e3o. Na semana passada, o executivo respondeu a uma declara\u00e7\u00e3o de Marcelo Claure, CEO da Shein, no LinkedIn. <a href=\"https:\/\/investnews.com.br\/negocios\/cara-de-pau-polemica-entre-marisa-e-shein-realca-dificuldades-do-varejo\/\">\u201cCara de pau!\u201d, afirmou no coment\u00e1rio<\/a> depois apagado.<\/p>\n\n\n\n<p>A Lojas Marisa est\u00e1 entre as varejistas brasileiras em dificuldade, em um cen\u00e1rio atribu\u00eddo, entre outros fatores, \u00e0 concorr\u00eancia com as asi\u00e1ticas. A empresa teve no 2\u00ba trimestre de 2023 o s\u00e9timo per\u00edodo seguido no vermelho, com preju\u00edzo de R$ 63 milh\u00f5es. Segundo analistas, a empresa tem <a href=\"https:\/\/investnews.com.br\/financas\/parceria-na-area-de-credito-nao-atinge-areas-problematicas-da-marisa\/\">grandes dificuldades de caixa <\/a>para resolver, al\u00e9m de endividamento em n\u00edvel preocupante.<\/p>\n\n\n\n<p>A empresa <a href=\"https:\/\/investnews.com.br\/cafeina\/varejo-por-que-o-mercado-ainda-nao-esta-otimista\/\">n\u00e3o \u00e9 a \u00fanica varejista em situa\u00e7\u00e3o complicada.<\/a> A Casas Bahia (<a href=\"https:\/\/investnews.com.br\/cotacao\/bhia3-via-varejo\/\">BHIA3<\/a>), ex-Via, tamb\u00e9m se encontra em dificuldades financeiras, com alto endividamento e semestres seguidos reportando preju\u00edzo. Recentemente, a ag\u00eancia de classifica\u00e7\u00e3o de risco S&amp;P Global anunciou ainda um <a href=\"https:\/\/investnews.com.br\/negocios\/endividada-e-com-prejuizo-crescendo-via-e-rebaixada-pela-sp\/\">corte da nota de cr\u00e9dito da empresa <\/a>de brAA- para brA- com perspectiva negativa.<\/p>\n","protected":false},"excerpt":{"rendered":"<p>Empresas brasileiras do setor do varejo enfrentam um ano dif\u00edcil, com preju\u00edzos e endividamento<\/p>\n","protected":false},"author":26,"featured_media":530159,"comment_status":"closed","ping_status":"open","sticky":false,"template":"","format":"standard","meta":{"_acf_changed":false,"inline_featured_image":false,"footnotes":""},"categories":[6],"tags":[376],"autor-wsj":[],"coauthors":[1873],"class_list":["post-530151","post","type-post","status-publish","format-standard","has-post-thumbnail","hentry","category-negocios","tag-varejo"],"acf":[],"amp_enabled":true,"_links":{"self":[{"href":"https:\/\/investnews.com.br\/inv-api\/wp\/v2\/posts\/530151","targetHints":{"allow":["GET"]}}],"collection":[{"href":"https:\/\/investnews.com.br\/inv-api\/wp\/v2\/posts"}],"about":[{"href":"https:\/\/investnews.com.br\/inv-api\/wp\/v2\/types\/post"}],"author":[{"embeddable":true,"href":"https:\/\/investnews.com.br\/inv-api\/wp\/v2\/users\/26"}],"replies":[{"embeddable":true,"href":"https:\/\/investnews.com.br\/inv-api\/wp\/v2\/comments?post=530151"}],"version-history":[{"count":13,"href":"https:\/\/investnews.com.br\/inv-api\/wp\/v2\/posts\/530151\/revisions"}],"predecessor-version":[{"id":530486,"href":"https:\/\/investnews.com.br\/inv-api\/wp\/v2\/posts\/530151\/revisions\/530486"}],"wp:featuredmedia":[{"embeddable":true,"href":"https:\/\/investnews.com.br\/inv-api\/wp\/v2\/media\/530159"}],"wp:attachment":[{"href":"https:\/\/investnews.com.br\/inv-api\/wp\/v2\/media?parent=530151"}],"wp:term":[{"taxonomy":"category","embeddable":true,"href":"https:\/\/investnews.com.br\/inv-api\/wp\/v2\/categories?post=530151"},{"taxonomy":"post_tag","embeddable":true,"href":"https:\/\/investnews.com.br\/inv-api\/wp\/v2\/tags?post=530151"},{"taxonomy":"autor-wsj","embeddable":true,"href":"https:\/\/investnews.com.br\/inv-api\/wp\/v2\/autor-wsj?post=530151"},{"taxonomy":"author","embeddable":true,"href":"https:\/\/investnews.com.br\/inv-api\/wp\/v2\/coauthors?post=530151"}],"curies":[{"name":"wp","href":"https:\/\/api.w.org\/{rel}","templated":true}]}}