{"id":530261,"date":"2023-09-28T08:53:20","date_gmt":"2023-09-28T11:53:20","guid":{"rendered":"https:\/\/investnews.com.br\/?p=530261"},"modified":"2023-09-28T08:53:23","modified_gmt":"2023-09-28T11:53:23","slug":"irb-aprova-criacao-de-filial-em-brasilia","status":"publish","type":"post","link":"https:\/\/investnews.com.br\/negocios\/irb-aprova-criacao-de-filial-em-brasilia\/","title":{"rendered":"IRB aprova cria\u00e7\u00e3o de filial em Bras\u00edlia"},"content":{"rendered":"\n<p>O conselho de administra\u00e7\u00e3o da empresa de resseguros\u00a0<strong>IRB Brasil<\/strong>\u00a0(<a href=\"https:\/\/investnews.com.br\/cotacao\/irbr3-irb-brasil\/\" target=\"_blank\" rel=\"noreferrer noopener\">IRBR3<\/a>) aprovou a proposta de cria\u00e7\u00e3o de uma filial da companhia em Bras\u00edlia (DF).<\/p>\n\n\n\n<p>De acordo com a IRB, o objetivo de apoiar as iniciativas da companhia naquela localidade, bem como a celebra\u00e7\u00e3o de novos neg\u00f3cios com os \u00f3rg\u00e3os p\u00fablicos, nas esferas federal, estadual e municipal.<\/p>\n\n\n\n<figure class=\"wp-block-image size-full\"><img loading=\"lazy\" decoding=\"async\" width=\"916\" height=\"515\" src=\"https:\/\/media.investnews.com.br\/uploads\/2023\/05\/WhatsApp-Image-2023-04-28-at-16.19.06-1.jpeg\" alt=\"Resseguradora IRB Brasil (Foto: Divulga\u00e7\u00e3o)\" class=\"wp-image-472406\" srcset=\"https:\/\/media.investnews.com.br\/uploads\/2023\/05\/WhatsApp-Image-2023-04-28-at-16.19.06-1.jpeg 916w, https:\/\/media.investnews.com.br\/uploads\/2023\/05\/WhatsApp-Image-2023-04-28-at-16.19.06-1-300x169.jpeg 300w, https:\/\/media.investnews.com.br\/uploads\/2023\/05\/WhatsApp-Image-2023-04-28-at-16.19.06-1-768x432.jpeg 768w, https:\/\/media.investnews.com.br\/uploads\/2023\/05\/WhatsApp-Image-2023-04-28-at-16.19.06-1-172x97.jpeg 172w, https:\/\/media.investnews.com.br\/uploads\/2023\/05\/WhatsApp-Image-2023-04-28-at-16.19.06-1-150x84.jpeg 150w\" sizes=\"auto, (max-width: 916px) 100vw, 916px\" \/><figcaption class=\"wp-element-caption\">Resseguradora IRB Brasil (Foto: Divulga\u00e7\u00e3o)<\/figcaption><\/figure>\n\n\n\n<p>A unidade ficar\u00e1 localizada na SCN Quadra 01, Bloco C, Edif\u00edcio Bras\u00edlia Trade Center, sala 1004, Asa Norte.<\/p>\n\n\n\n<p>A diretoria de pessoas, respons\u00e1vel tamb\u00e9m pela ger\u00eancia de facilities, foi quem apresentou proposta de cria\u00e7\u00e3o de uma filial na capital federal.\u00a0<\/p>\n","protected":false},"excerpt":{"rendered":"<p>Objetivo \u00e9 fazer novos neg\u00f3cios com \u00f3rg\u00e3os p\u00fablicos na capital federal.<\/p>\n","protected":false},"author":73,"featured_media":359500,"comment_status":"closed","ping_status":"open","sticky":false,"template":"","format":"standard","meta":{"_acf_changed":false,"inline_featured_image":false,"footnotes":""},"categories":[6],"tags":[182],"autor-wsj":[],"coauthors":[101284],"class_list":["post-530261","post","type-post","status-publish","format-standard","has-post-thumbnail","hentry","category-negocios","tag-irb"],"acf":[],"amp_enabled":true,"_links":{"self":[{"href":"https:\/\/investnews.com.br\/inv-api\/wp\/v2\/posts\/530261","targetHints":{"allow":["GET"]}}],"collection":[{"href":"https:\/\/investnews.com.br\/inv-api\/wp\/v2\/posts"}],"about":[{"href":"https:\/\/investnews.com.br\/inv-api\/wp\/v2\/types\/post"}],"author":[{"embeddable":true,"href":"https:\/\/investnews.com.br\/inv-api\/wp\/v2\/users\/73"}],"replies":[{"embeddable":true,"href":"https:\/\/investnews.com.br\/inv-api\/wp\/v2\/comments?post=530261"}],"version-history":[{"count":6,"href":"https:\/\/investnews.com.br\/inv-api\/wp\/v2\/posts\/530261\/revisions"}],"predecessor-version":[{"id":530267,"href":"https:\/\/investnews.com.br\/inv-api\/wp\/v2\/posts\/530261\/revisions\/530267"}],"wp:featuredmedia":[{"embeddable":true,"href":"https:\/\/investnews.com.br\/inv-api\/wp\/v2\/media\/359500"}],"wp:attachment":[{"href":"https:\/\/investnews.com.br\/inv-api\/wp\/v2\/media?parent=530261"}],"wp:term":[{"taxonomy":"category","embeddable":true,"href":"https:\/\/investnews.com.br\/inv-api\/wp\/v2\/categories?post=530261"},{"taxonomy":"post_tag","embeddable":true,"href":"https:\/\/investnews.com.br\/inv-api\/wp\/v2\/tags?post=530261"},{"taxonomy":"autor-wsj","embeddable":true,"href":"https:\/\/investnews.com.br\/inv-api\/wp\/v2\/autor-wsj?post=530261"},{"taxonomy":"author","embeddable":true,"href":"https:\/\/investnews.com.br\/inv-api\/wp\/v2\/coauthors?post=530261"}],"curies":[{"name":"wp","href":"https:\/\/api.w.org\/{rel}","templated":true}]}}