{"id":530556,"date":"2023-09-29T05:00:00","date_gmt":"2023-09-29T08:00:00","guid":{"rendered":"https:\/\/investnews.com.br\/?p=530556"},"modified":"2025-08-08T16:22:50","modified_gmt":"2025-08-08T19:22:50","slug":"alta-do-petroleo-divide-economistas-sobre-impactos-no-ipca-e-no-corte-da-selic","status":"publish","type":"post","link":"https:\/\/investnews.com.br\/economia\/alta-do-petroleo-divide-economistas-sobre-impactos-no-ipca-e-no-corte-da-selic\/","title":{"rendered":"Alta do petr\u00f3leo divide economistas sobre impactos no IPCA e no corte da Selic"},"content":{"rendered":"<p>Os<strong> pre\u00e7os do barril de petr\u00f3leo<\/strong> no mercado internacional <a href=\"https:\/\/investnews.com.br\/economia\/petroleo-na-maxima-do-ano-afasta-temor-com-china-mas-pressiona-petrobras\/\">v\u00eam ganhando for\u00e7a, se aproximando dos US$ 100<\/a>. Embora\u00a0o avan\u00e7o da <a href=\"https:\/\/investnews.com.br\/guias\/commodities-o-que-sao\/\">commodity<\/a> se reflita, teoricamente, no crescimento em cadeia dos pre\u00e7os de diversos produtos e servi\u00e7os, podendo impulsionar a<strong> infla\u00e7\u00e3o<\/strong>, economistas consultados pelo <em>InvestNews<\/em> t\u00eam opini\u00f5es distintas sobre o impacto desse movimento na infla\u00e7\u00e3o do Brasil e na magnitude do ritmo de corte da <a href=\"https:\/\/investnews.com.br\/guias\/taxa-selic\/\">taxa Selic<\/a>.<\/p><p>Na quinta-feira (28), os futuros do Brent terminaram o dia em US$ 93,10 por barril. Veja cota\u00e7\u00e3o di\u00e1ria ao longo de 2023:<\/p><div class=\"flourish-embed flourish-chart\" data-src=\"visualisation\/15181106?1266799\"><script src=\"https:\/\/public.flourish.studio\/resources\/embed.js\"><\/script><\/div><p>No mesmo dia, a<strong> R\u00fassia<\/strong>, um dos maiores produtores de petr\u00f3leo do mundo e a principal fornecedora externa de diesel ao Brasil, informou que n\u00e3o discutiu com a Opep+, grupo dos principais produtores de petr\u00f3leo, um poss\u00edvel aumento no fornecimento de petr\u00f3leo bruto para compensar a proibi\u00e7\u00e3o de suas exporta\u00e7\u00f5es de combust\u00edvel.<\/p><p>Diante desse cen\u00e1rio, as aten\u00e7\u00f5es se voltam para a Petrobras, com expectativas de aumento sobre os pre\u00e7os dos combust\u00edveis e o consequente impacto sobre o \u00cdndice de Pre\u00e7os ao Consumidor Amplo (<a href=\"https:\/\/investnews.com.br\/guias\/o-que-e-ipca\/\">IPCA<\/a>). <\/p><figure class=\"wp-block-image size-full\"><img loading=\"lazy\" decoding=\"async\" width=\"2048\" height=\"1365\" src=\"https:\/\/media.investnews.com.br\/uploads\/2023\/01\/2023-01-01T225554Z_1_LYNXMPEJ000H0_RTROPTP_4_BRAZIL-PETROBRAS-BOLSONARO.jpg\" alt=\"Frentista abastecendo carro preto em posto de gasolina ao entardecer.\" class=\"wp-image-412571\" srcset=\"https:\/\/media.investnews.com.br\/uploads\/2023\/01\/2023-01-01T225554Z_1_LYNXMPEJ000H0_RTROPTP_4_BRAZIL-PETROBRAS-BOLSONARO.jpg 2048w, https:\/\/media.investnews.com.br\/uploads\/2023\/01\/2023-01-01T225554Z_1_LYNXMPEJ000H0_RTROPTP_4_BRAZIL-PETROBRAS-BOLSONARO-300x200.jpg 300w, https:\/\/media.investnews.com.br\/uploads\/2023\/01\/2023-01-01T225554Z_1_LYNXMPEJ000H0_RTROPTP_4_BRAZIL-PETROBRAS-BOLSONARO-1024x683.jpg 1024w, https:\/\/media.investnews.com.br\/uploads\/2023\/01\/2023-01-01T225554Z_1_LYNXMPEJ000H0_RTROPTP_4_BRAZIL-PETROBRAS-BOLSONARO-768x512.jpg 768w, https:\/\/media.investnews.com.br\/uploads\/2023\/01\/2023-01-01T225554Z_1_LYNXMPEJ000H0_RTROPTP_4_BRAZIL-PETROBRAS-BOLSONARO-1536x1024.jpg 1536w, https:\/\/media.investnews.com.br\/uploads\/2023\/01\/2023-01-01T225554Z_1_LYNXMPEJ000H0_RTROPTP_4_BRAZIL-PETROBRAS-BOLSONARO-1256x837.jpg 1256w, https:\/\/media.investnews.com.br\/uploads\/2023\/01\/2023-01-01T225554Z_1_LYNXMPEJ000H0_RTROPTP_4_BRAZIL-PETROBRAS-BOLSONARO-172x115.jpg 172w, https:\/\/media.investnews.com.br\/uploads\/2023\/01\/2023-01-01T225554Z_1_LYNXMPEJ000H0_RTROPTP_4_BRAZIL-PETROBRAS-BOLSONARO-150x100.jpg 150w\" sizes=\"auto, (max-width: 2048px) 100vw, 2048px\" \/><figcaption class=\"wp-element-caption\">Frentista abastece carro em posto de gasolina em Bras\u00edlia\n07\/03\/2022\nREUTERS\/Adriano Machado<\/figcaption><\/figure><p>Para Luciano Costa, s\u00f3cio e economista-chefe da Monte Bravo, a alta dos combust\u00edveis, por si s\u00f3, teria um efeito limitado sobre o IPCA. Ele destaca que, quando se olha a defasagem entre o pre\u00e7o do combust\u00edvel no exterior e do Brasil, ela est\u00e1 ficando mais no diesel (entre 16% a 18%) do que na gasolina (entre entre 6% e 8%).\u00a0<\/p><p>\u201cNo caso do <a href=\"https:\/\/investnews.com.br\/guias\/o-que-e-ipca\/\">IPCA<\/a>, especificamente, o peso da gasolina \u00e9 menor em rela\u00e7\u00e3o ao diesel. O diesel pesa em torno de 0,20% no IPCA, e a gasolina, 5%. Ent\u00e3o, com o n\u00edvel de defasagem da gasolina em torno de 6% a 8%, provavelmente, a Petrobras n\u00e3o vai alterar o pre\u00e7o da gasolina. Talvez, possa ter algum realinhamento do pre\u00e7o do diesel, mas <strong>o impacto \u00e9 pequeno no IPCA<\/strong>. At\u00e9 porque a Petrobras fez um realinhamento de pre\u00e7os recentemente, os pre\u00e7os n\u00e3o est\u00e3o t\u00e3o desalinhados em rela\u00e7\u00e3o ao exterior\u201d, avalia Costa.<\/p><p>Mas Marcos Piellusch, professor da FIA Business School, diz que a alta do petr\u00f3leo e, consequentemente, do custo dos combust\u00edveis, pode automaticamente afetar o pre\u00e7o de diversos produtos e servi\u00e7os, pesando sobre a infla\u00e7\u00e3o.<\/p><p>\u201cO pre\u00e7o do petr\u00f3leo fica maior, <strong>elevando, automaticamente, o pre\u00e7o dos combust\u00edveis<\/strong>. No Brasil, por mais que a Petrobras evite repassar essa alta, fica muito dif\u00edcil conter o movimento de alta no pre\u00e7o do barril de petr\u00f3leo, pois parte dos combust\u00edveis vendidos internamente, como gasolina (aproximadamente 13% do total) e \u00f3leo diesel (aproximadamente 26% do total) s\u00e3o importados de outros pa\u00edses\u201d, destaca Piellusch.\u00a0<\/p><h2 class=\"wp-block-heading\">Movimento da cota\u00e7\u00e3o do petr\u00f3leo<\/h2><p>A <strong>diminui\u00e7\u00e3o da produ\u00e7\u00e3o<\/strong> pelos integrantes da Organiza\u00e7\u00e3o dos Pa\u00edses Exportadores de Petr\u00f3leo (Opep) e o<strong> crescimento da demanda<\/strong> est\u00e3o entre os motivos que favoreceram o aumento do pre\u00e7o do barril de petr\u00f3leo.<\/p><p>A\u00a0 Ag\u00eancia Internacional de Energia apontou que os cortes na produ\u00e7\u00e3o de petr\u00f3leo que a Ar\u00e1bia Saudita e a R\u00fassia estenderam at\u00e9 o final de 2023 significar\u00e3o um d\u00e9ficit substancial no mercado at\u00e9 o quarto trimestre.<\/p><p>A Opep e seus aliados, conhecidos como Opep+, come\u00e7aram a limitar os suprimentos em 2022 para refor\u00e7ar o mercado. Este m\u00eas, o petr\u00f3leo Brent de refer\u00eancia ultrapassou US$ 90 por barril pela primeira vez este ano, depois que os l\u00edderes da Opep+, Ar\u00e1bia Saudita e R\u00fassia, estenderam seus cortes combinados de 1,3 milh\u00e3o de barris por dia (bpd) at\u00e9 o final de 2023.<\/p><figure class=\"wp-block-image size-large\"><img loading=\"lazy\" decoding=\"async\" width=\"1024\" height=\"652\" src=\"https:\/\/media.investnews.com.br\/uploads\/2023\/09\/russia-1024x652.jpg\" alt=\"Muitos caminh\u00f5es-tanque parados em p\u00e1tio de combust\u00edvel com tanques de armazenamento industriais ao fundo.\" class=\"wp-image-530597\" srcset=\"https:\/\/media.investnews.com.br\/uploads\/2023\/09\/russia-1024x652.jpg 1024w, https:\/\/media.investnews.com.br\/uploads\/2023\/09\/russia-300x191.jpg 300w, https:\/\/media.investnews.com.br\/uploads\/2023\/09\/russia-768x489.jpg 768w, https:\/\/media.investnews.com.br\/uploads\/2023\/09\/russia-1536x978.jpg 1536w, https:\/\/media.investnews.com.br\/uploads\/2023\/09\/russia-1256x800.jpg 1256w, https:\/\/media.investnews.com.br\/uploads\/2023\/09\/russia-172x110.jpg 172w, https:\/\/media.investnews.com.br\/uploads\/2023\/09\/russia-150x96.jpg 150w, https:\/\/media.investnews.com.br\/uploads\/2023\/09\/russia.jpg 2048w\" sizes=\"auto, (max-width: 1024px) 100vw, 1024px\" \/><figcaption class=\"wp-element-caption\">Tanques de petr\u00f3leo aguardam abastecimento em Moscou. REUTERS\/Alexander Natruskin\/File photo<\/figcaption><\/figure><p>Gustavo Cruz, estrategista chefe da RB Investimentos, entende que existe uma busca dos produtores para tentar esse lucro agora, pois est\u00e1 bem claro para eles que o pr\u00f3ximo vai ser de<strong> <a href=\"https:\/\/investnews.com.br\/economia\/petroleo-na-maxima-do-ano-afasta-temor-com-china-mas-pressiona-petrobras\/\">demanda mais fraca<\/a><\/strong>, puxando para baixo os pre\u00e7os do petr\u00f3leo, como aconteceu ao longo do primeiro semestre.\u00a0<\/p><p>\u201cA tend\u00eancia \u00e9 essa, de enfraquecimento das grandes economias. Ent\u00e3o, isso impacta, sim, as infla\u00e7\u00f5es pelo mundo. Estamos vendo em todas as aberturas algum impulso j\u00e1 por causa de pre\u00e7os de combust\u00edveis, mas tem que ver tamb\u00e9m, claro, a interfer\u00eancia do governo aqui no Brasil\u201d, afirma Cruz.\u00a0<\/p><p>Na mesma linha, Hulisses Dias, analista e mestre em finan\u00e7as pela Sorbonne, defende que h\u00e1 uma amea\u00e7a no front vindo do petr\u00f3leo, que \u00e9 mat\u00e9ria-prima tanto para produ\u00e7\u00e3o como para distribui\u00e7\u00e3o log\u00edstica, o que afeta toda a cadeia global com maiores custos e diminui\u00e7\u00e3o das margens das empresas, gerando desacelera\u00e7\u00e3o econ\u00f4mica.<\/p><p>Piellusch acrescenta que a alta do petr\u00f3leo tem alguns impactos imediatos na infla\u00e7\u00e3o, mas que outros v\u00e3o ocorrendo com o tempo, conforme os custos v\u00e3o sendo repassados para as etapas seguintes das cadeias produtivas.\u00a0 <\/p><p>O professor da FIA Business School alerta, por\u00e9m, que \u00e9 necess\u00e1rio avaliar se esse movimento de alta no petr\u00f3leo vai permanecer, j\u00e1 que n\u00e3o depende apenas da demanda, mas, tamb\u00e9m, das decis\u00f5es da Opep, que determinam a produ\u00e7\u00e3o e oferta de petr\u00f3leo.<\/p><ul class=\"wp-block-list\">\n<li><strong><em><strong><em>Confira a\u00e7\u00f5es da Petrobras (<a href=\"https:\/\/investnews.com.br\/cotacao\/petr4-petroleo-brasileiro-petrobras\/\" target=\"_blank\" rel=\"noreferrer noopener\">PETR4<\/a>)<\/em><\/strong><\/em><\/strong><\/li>\n<\/ul><h2 class=\"wp-block-heading\">Mudan\u00e7a de pre\u00e7os pela Petrobras<\/h2><p>A alta dos pre\u00e7os do petr\u00f3leo eleva a defasagem dos pre\u00e7os praticados pela<strong> Petrobras<\/strong> (<a href=\"https:\/\/investnews.com.br\/cotacao\/petr4-petroleo-brasileiro-petrobras\/\" target=\"_blank\" rel=\"noreferrer noopener\">PETR4<\/a>) nas refinarias ante os valores praticados no exterior.<\/p><p>O \u00faltimo reajuste em pre\u00e7os de gasolina e diesel feito pela companhia ocorreu em agosto, quando a estatal elevou o pre\u00e7o do diesel para distribuidoras em 25,8% e o da gasolina em 16,3%.<\/p><p>Apesar da escalada das cota\u00e7\u00f5es internacionais do\u00a0petr\u00f3leo, o CEO da Petrobras, <a href=\"https:\/\/investnews.com.br\/economia\/comite-da-petrobras-aprova-jean-paul-prates-para-presidencia\/\">Jean Paul Prates,<\/a> afirmou na quinta-feira (28)\u00a0que a estatal tem, por enquanto, condi\u00e7\u00f5es de manter os pre\u00e7os dos combust\u00edveis no patamar atual por mais um tempo, sem riscos para a <a href=\"https:\/\/investnews.com.br\/guias\/rentabilidade\/\">rentabilidade<\/a>.<\/p><figure class=\"wp-block-image size-large\"><img loading=\"lazy\" decoding=\"async\" width=\"1024\" height=\"683\" src=\"https:\/\/media.investnews.com.br\/uploads\/2023\/09\/prates-1024x683.jpg\" alt=\"Homem grisalho e barbudo fala ao microfone, com o dedo indicador levantado.\" class=\"wp-image-530677\" srcset=\"https:\/\/media.investnews.com.br\/uploads\/2023\/09\/prates-1024x683.jpg 1024w, https:\/\/media.investnews.com.br\/uploads\/2023\/09\/prates-300x200.jpg 300w, https:\/\/media.investnews.com.br\/uploads\/2023\/09\/prates-768x512.jpg 768w, https:\/\/media.investnews.com.br\/uploads\/2023\/09\/prates-1536x1024.jpg 1536w, https:\/\/media.investnews.com.br\/uploads\/2023\/09\/prates-1256x837.jpg 1256w, https:\/\/media.investnews.com.br\/uploads\/2023\/09\/prates-172x115.jpg 172w, https:\/\/media.investnews.com.br\/uploads\/2023\/09\/prates-150x100.jpg 150w, https:\/\/media.investnews.com.br\/uploads\/2023\/09\/prates.jpg 2048w\" sizes=\"auto, (max-width: 1024px) 100vw, 1024px\" \/><figcaption class=\"wp-element-caption\">Jean Paul Prates, CEO da Petrobras\n2\/03\/2023\nREUTERS\/Pilar Olivares<\/figcaption><\/figure><p>Marcos Piellusch, professor da FIA, defende que, no Brasil, por mais que a Petrobras evite repassar essa alta, fica muito dif\u00edcil conter o movimento altista no pre\u00e7o do barril de petr\u00f3leo, pois parte dos combust\u00edveis vendidos internamente, como gasolina (aproximadamente 13% do total) e \u00f3leo diesel (aproximadamente 26% do total) s\u00e3o importados de outros pa\u00edses.\u00a0<\/p><p>J\u00e1 Gustavo Cruz, da RB Investimentos, diz que o Brasil est\u00e1 vivendo um momento diferente dos \u00faltimos anos, quando acompanhava friamente os pre\u00e7os internacionais.\u00a0\u201cEstamos mais pr\u00f3ximos dos come\u00e7os dos anos 2000, quando a parte de pre\u00e7os de combust\u00edveis era praticamente horizontal em meio \u00e0 oscila\u00e7\u00e3o de pre\u00e7os internacionais\u201d, diz.\u00a0<\/p><h2 class=\"wp-block-heading\">Sinais da infla\u00e7\u00e3o brasileira<\/h2><p>Nesta<strong> <\/strong>semana, dados divulgados da infla\u00e7\u00e3o brasileira apontam para um cen\u00e1rio relativamente controlado.\u00a0<\/p><p>Na ter\u00e7a-feira (26), o Instituto Brasileiro de Geografia e Estat\u00edstica (IBGE), informou que o <strong>\u00cdndice Nacional de Pre\u00e7os ao Consumidor Amplo-15<\/strong> (IPCA-15) avan\u00e7ou 0,35% em setembro depois de alta de 0,28% em agosto. O resultado do indicador, considerado pr\u00e9via da infla\u00e7\u00e3o oficial, ficou um pouco abaixo da expectativa em pesquisa da Reuters, de avan\u00e7o de 0,38%.<\/p><figure class=\"wp-block-image size-full\"><img loading=\"lazy\" decoding=\"async\" width=\"2048\" height=\"1242\" src=\"https:\/\/media.investnews.com.br\/uploads\/2022\/11\/2022-11-10T120449Z_1_LYNXMPEIA90IE_RTROPTP_4_MACRO-BRASIL-IPCA.jpg\" alt=\"Pessoas passam em frente a barracas de verduras em mercado no Rio de Janeiro\" class=\"wp-image-382234\" srcset=\"https:\/\/media.investnews.com.br\/uploads\/2022\/11\/2022-11-10T120449Z_1_LYNXMPEIA90IE_RTROPTP_4_MACRO-BRASIL-IPCA.jpg 2048w, https:\/\/media.investnews.com.br\/uploads\/2022\/11\/2022-11-10T120449Z_1_LYNXMPEIA90IE_RTROPTP_4_MACRO-BRASIL-IPCA-300x182.jpg 300w, https:\/\/media.investnews.com.br\/uploads\/2022\/11\/2022-11-10T120449Z_1_LYNXMPEIA90IE_RTROPTP_4_MACRO-BRASIL-IPCA-1024x621.jpg 1024w, https:\/\/media.investnews.com.br\/uploads\/2022\/11\/2022-11-10T120449Z_1_LYNXMPEIA90IE_RTROPTP_4_MACRO-BRASIL-IPCA-768x466.jpg 768w, https:\/\/media.investnews.com.br\/uploads\/2022\/11\/2022-11-10T120449Z_1_LYNXMPEIA90IE_RTROPTP_4_MACRO-BRASIL-IPCA-1536x932.jpg 1536w, https:\/\/media.investnews.com.br\/uploads\/2022\/11\/2022-11-10T120449Z_1_LYNXMPEIA90IE_RTROPTP_4_MACRO-BRASIL-IPCA-1256x762.jpg 1256w, https:\/\/media.investnews.com.br\/uploads\/2022\/11\/2022-11-10T120449Z_1_LYNXMPEIA90IE_RTROPTP_4_MACRO-BRASIL-IPCA-172x104.jpg 172w, https:\/\/media.investnews.com.br\/uploads\/2022\/11\/2022-11-10T120449Z_1_LYNXMPEIA90IE_RTROPTP_4_MACRO-BRASIL-IPCA-150x91.jpg 150w\" sizes=\"auto, (max-width: 2048px) 100vw, 2048px\" \/><figcaption class=\"wp-element-caption\">Pessoas passam em frente a barracas de verduras em mercado no Rio de Janeiro\n08\/04\/2022\nREUTERS\/Ricardo Moraes<\/figcaption><\/figure><p>Na quinta-feira (27),\u00a0a Funda\u00e7\u00e3o Getulio Vargas (FGV) informou que o <strong>\u00cdndice Geral de Pre\u00e7os-Mercado<\/strong> (<a href=\"https:\/\/investnews.com.br\/guias\/igp-m\/\">IGP-M<\/a>) registrou alta de 0,37% em setembro. A expectativa em pesquisa da Reuters com analistas era de um avan\u00e7o de 0,4%.<\/p><p>J\u00e1 o <strong>Relat\u00f3rio Trimestral de Infla\u00e7\u00e3o<\/strong> (RTI), tamb\u00e9m divulgado na quinta-feira, trouxe as estimativas do Banco Central para a infla\u00e7\u00e3o em 2023 (5%), 2024 (3,5%) e 2025 (3,1%). Para 2023, o centro da meta de infla\u00e7\u00e3o \u00e9 de 3,25%, com piso de 1,75% e teto de 4,75%. De 2024 em diante, o alvo central \u00e9 de 3% com bandas de 1,50% a 4,50%.<\/p><h2 class=\"wp-block-heading\">Os pre\u00e7os e a taxa Selic<\/h2><p>No \u00faltimo dia 20, o Comit\u00ea de Pol\u00edtica Monet\u00e1ria (Copom) do Banco Central <a href=\"https:\/\/investnews.com.br\/economia\/copom-reduz-a-selic-a-1275-ao-ano-em-linha-com-o-esperado\/\">reduziu a Selic em 0,5 ponto percentual<\/a>, fazendo a taxa b\u00e1sica de juros passar de 13,25% para 12,75% ao ano.\u00a0<\/p><p>O Copom ainda sinalizou mais cortes de 0,5 p.p. nas pr\u00f3ximas reuni\u00f5es, se confirmado o cen\u00e1rio esperado, e disse antever redu\u00e7\u00e3o de mesma magnitude nas pr\u00f3ximas reuni\u00f5es para manter a pol\u00edtica monet\u00e1ria contracionista necess\u00e1ria para o processo desinflacion\u00e1rio.<\/p><p>O BC tamb\u00e9m voltou a informar que seguir\u00e1 acompanhando os pr\u00f3ximos dados de infla\u00e7\u00e3o e atividade econ\u00f4mica para definir os pr\u00f3ximos passos de pol\u00edtica monet\u00e1ria.<\/p><p>Na ata da reuni\u00e3o, o Copom mencionou que, que embora haja uma evolu\u00e7\u00e3o benigna dos pre\u00e7os correntes, as expectativas de infla\u00e7\u00e3o seguem acima da meta e s\u00e3o fator de preocupa\u00e7\u00e3o.<\/p><figure class=\"wp-block-image size-large\"><img loading=\"lazy\" decoding=\"async\" width=\"1024\" height=\"683\" src=\"https:\/\/media.investnews.com.br\/uploads\/2023\/07\/2023-07-11T142353Z_1_LYNXMPEJ6A0HY_RTROPTP_4_BACEN-ATA-1024x683.jpg\" alt=\"Edif\u00edcio alto com quatro blocos de vidro escuro e n\u00facleo de concreto exposto, bandeira do Brasil na base.\" class=\"wp-image-503184\" srcset=\"https:\/\/media.investnews.com.br\/uploads\/2023\/07\/2023-07-11T142353Z_1_LYNXMPEJ6A0HY_RTROPTP_4_BACEN-ATA-1024x683.jpg 1024w, https:\/\/media.investnews.com.br\/uploads\/2023\/07\/2023-07-11T142353Z_1_LYNXMPEJ6A0HY_RTROPTP_4_BACEN-ATA-300x200.jpg 300w, https:\/\/media.investnews.com.br\/uploads\/2023\/07\/2023-07-11T142353Z_1_LYNXMPEJ6A0HY_RTROPTP_4_BACEN-ATA-768x512.jpg 768w, https:\/\/media.investnews.com.br\/uploads\/2023\/07\/2023-07-11T142353Z_1_LYNXMPEJ6A0HY_RTROPTP_4_BACEN-ATA-1536x1024.jpg 1536w, https:\/\/media.investnews.com.br\/uploads\/2023\/07\/2023-07-11T142353Z_1_LYNXMPEJ6A0HY_RTROPTP_4_BACEN-ATA-1256x837.jpg 1256w, https:\/\/media.investnews.com.br\/uploads\/2023\/07\/2023-07-11T142353Z_1_LYNXMPEJ6A0HY_RTROPTP_4_BACEN-ATA-172x115.jpg 172w, https:\/\/media.investnews.com.br\/uploads\/2023\/07\/2023-07-11T142353Z_1_LYNXMPEJ6A0HY_RTROPTP_4_BACEN-ATA-150x100.jpg 150w, https:\/\/media.investnews.com.br\/uploads\/2023\/07\/2023-07-11T142353Z_1_LYNXMPEJ6A0HY_RTROPTP_4_BACEN-ATA.jpg 2048w\" sizes=\"auto, (max-width: 1024px) 100vw, 1024px\" \/><figcaption class=\"wp-element-caption\">Pr\u00e9dio do Banco Central em Bras\u00edlia\n29\/10\/2019\nREUTERS\/Adriano Machado<\/figcaption><\/figure><p>Costa, da Monte Bravo, avalia que a alta do petr\u00f3leo n\u00e3o impacta o ciclo de queda da Selic, pois o reflexo do avan\u00e7o do pre\u00e7o da commodity \u00e9 menor no caso da gasolina do que no diesel.<\/p><p>Ele comenta ainda que, mesmo que haja um reajuste no pre\u00e7o da gasolina, o Banco Central n\u00e3o deve reagir com mudan\u00e7a brusca na pol\u00edtica monet\u00e1ria pois, no choque prim\u00e1rio, a autoridade monet\u00e1ria n\u00e3o tem muito a fazer, j\u00e1 que o pre\u00e7o vai subir na bomba independente de qual for a decis\u00e3o sobre os juros b\u00e1sicos.<\/p><p>Assim, segundo o economista, o Banco Central vai se importar mais com os efeitos secund\u00e1rios dessa alta de pre\u00e7os, como contamina\u00e7\u00e3o das expectativas.\u00a0<\/p><blockquote class=\"wp-block-quote is-layout-flow wp-block-quote-is-layout-flow\">\n<p>\u201cComo, provavelmente, n\u00e3o tem nenhuma altera\u00e7\u00e3o de pre\u00e7o de gasolina, ent\u00e3o, o BC n\u00e3o deveria mudar o ciclo de queda da Selic. Ele j\u00e1 est\u00e1 fazendo um ciclo cauteloso. O pre\u00e7o do petr\u00f3leo n\u00e3o altera, por enquanto, esse cen\u00e1rio. A n\u00e3o ser que tivesse um choque adicional\u201d.<\/p>\n<cite>Luciano Costa, s\u00f3cio e economista-chefe da Monte Bravo.<\/cite><\/blockquote><p><\/p><p>Na mesma linha, Cristiane Quartaroli, economista do Banco Ourinvest, avalia que ainda \u00e9 cedo para dizer se a alta do petr\u00f3leo pode impactar a infla\u00e7\u00e3o brasileira, pois n\u00e3o se pode olhar os dados de curto prazo como base. Por isso, a expectativa \u00e9 de continuidade no ciclo de queda da Selic para os pr\u00f3ximos meses.<\/p><p>\u201cClaro que o pre\u00e7o do petr\u00f3leo se mantiver elevado por muito mais tempo, isso tende a ter impacto altista na infla\u00e7\u00e3o futura, sim. Mas h\u00e1 uma defasagem e o impacto n\u00e3o se d\u00e1 de forma direta. Por enquanto o cen\u00e1rio n\u00e3o se altera\u201d, defende Quartaroli.\u00a0<\/p>\n","protected":false},"excerpt":{"rendered":"<p>Pre\u00e7os do barril da commodity no mercado internacional v\u00eam ganhando for\u00e7a, se aproximando dos US$ 100.<\/p>\n","protected":false},"author":36,"featured_media":311925,"comment_status":"closed","ping_status":"open","sticky":false,"template":"","format":"standard","meta":{"_acf_changed":false,"inline_featured_image":false,"footnotes":""},"categories":[5],"tags":[52,221],"autor-wsj":[],"coauthors":[2269],"class_list":["post-530556","post","type-post","status-publish","format-standard","has-post-thumbnail","hentry","category-economia","tag-inflacao","tag-petroleo"],"acf":[],"amp_enabled":true,"_links":{"self":[{"href":"https:\/\/investnews.com.br\/inv-api\/wp\/v2\/posts\/530556","targetHints":{"allow":["GET"]}}],"collection":[{"href":"https:\/\/investnews.com.br\/inv-api\/wp\/v2\/posts"}],"about":[{"href":"https:\/\/investnews.com.br\/inv-api\/wp\/v2\/types\/post"}],"author":[{"embeddable":true,"href":"https:\/\/investnews.com.br\/inv-api\/wp\/v2\/users\/36"}],"replies":[{"embeddable":true,"href":"https:\/\/investnews.com.br\/inv-api\/wp\/v2\/comments?post=530556"}],"version-history":[{"count":160,"href":"https:\/\/investnews.com.br\/inv-api\/wp\/v2\/posts\/530556\/revisions"}],"predecessor-version":[{"id":703460,"href":"https:\/\/investnews.com.br\/inv-api\/wp\/v2\/posts\/530556\/revisions\/703460"}],"wp:featuredmedia":[{"embeddable":true,"href":"https:\/\/investnews.com.br\/inv-api\/wp\/v2\/media\/311925"}],"wp:attachment":[{"href":"https:\/\/investnews.com.br\/inv-api\/wp\/v2\/media?parent=530556"}],"wp:term":[{"taxonomy":"category","embeddable":true,"href":"https:\/\/investnews.com.br\/inv-api\/wp\/v2\/categories?post=530556"},{"taxonomy":"post_tag","embeddable":true,"href":"https:\/\/investnews.com.br\/inv-api\/wp\/v2\/tags?post=530556"},{"taxonomy":"autor-wsj","embeddable":true,"href":"https:\/\/investnews.com.br\/inv-api\/wp\/v2\/autor-wsj?post=530556"},{"taxonomy":"author","embeddable":true,"href":"https:\/\/investnews.com.br\/inv-api\/wp\/v2\/coauthors?post=530556"}],"curies":[{"name":"wp","href":"https:\/\/api.w.org\/{rel}","templated":true}]}}