{"id":530850,"date":"2023-09-29T08:18:51","date_gmt":"2023-09-29T11:18:51","guid":{"rendered":"https:\/\/investnews.com.br\/?p=530850"},"modified":"2025-08-08T16:22:47","modified_gmt":"2025-08-08T19:22:47","slug":"petroleo-a-us-100-e-uma-barreira-psicologica-importante-diz-prates","status":"publish","type":"post","link":"https:\/\/investnews.com.br\/economia\/petroleo-a-us-100-e-uma-barreira-psicologica-importante-diz-prates\/","title":{"rendered":"&#8216;Petr\u00f3leo a US$ 100 \u00e9 uma barreira psicol\u00f3gica importante&#8217;, diz Prates"},"content":{"rendered":"<p>A <strong>Petrobras<\/strong> (<a href=\"https:\/\/investnews.com.br\/cotacao\/petr4-petroleo-brasileiro-petrobras\/\" target=\"_blank\" rel=\"noreferrer noopener\">PETR4<\/a>) n\u00e3o deve mexer nos pre\u00e7os dos combust\u00edveis no momento, mas avalia de perto o movimento do mercado para n\u00e3o perder a <a href=\"https:\/\/investnews.com.br\/guias\/rentabilidade\/\">rentabilidade<\/a>. De acordo com o presidente da estatal, Jean Paul Prates, os reajustes vir\u00e3o se o patamar de pre\u00e7o do petr\u00f3leo for consolidado, como ocorreu no \u00faltimo aumento de 16 de agosto. Para ele, se a commodity atingir US$ 100, como est\u00e1 sendo previsto para outubro, &#8220;ser\u00e1 uma barreira psicol\u00f3gica importante&#8221;.<\/p><p>&#8220;Os modelos por enquanto est\u00e3o indicando que \u00e9 poss\u00edvel manter (o pre\u00e7o dos combust\u00edveis) no mesmo patamar, sem haver absolutamente nenhum risco para a rentabilidade da empresa&#8221;, disse Prates, ap\u00f3s evento com atletas ol\u00edmpicos patrocinados pela estatal.<\/p><figure class=\"wp-block-image size-large\"><img loading=\"lazy\" decoding=\"async\" width=\"1024\" height=\"632\" src=\"https:\/\/media.investnews.com.br\/uploads\/2023\/04\/2023-04-20T111801Z_1_LYNXMPEJ3J0GA_RTROPTP_4_PETROBRAS-BRAZIL-TENDER-1024x632.jpg\" alt=\"Plataforma de petr\u00f3leo flutuante com guindastes, jorrando \u00e1gua, em estaleiro com montanhas e c\u00e9u azul.\" class=\"wp-image-468151\" srcset=\"https:\/\/media.investnews.com.br\/uploads\/2023\/04\/2023-04-20T111801Z_1_LYNXMPEJ3J0GA_RTROPTP_4_PETROBRAS-BRAZIL-TENDER-1024x632.jpg 1024w, https:\/\/media.investnews.com.br\/uploads\/2023\/04\/2023-04-20T111801Z_1_LYNXMPEJ3J0GA_RTROPTP_4_PETROBRAS-BRAZIL-TENDER-300x185.jpg 300w, https:\/\/media.investnews.com.br\/uploads\/2023\/04\/2023-04-20T111801Z_1_LYNXMPEJ3J0GA_RTROPTP_4_PETROBRAS-BRAZIL-TENDER-768x474.jpg 768w, https:\/\/media.investnews.com.br\/uploads\/2023\/04\/2023-04-20T111801Z_1_LYNXMPEJ3J0GA_RTROPTP_4_PETROBRAS-BRAZIL-TENDER-1536x948.jpg 1536w, https:\/\/media.investnews.com.br\/uploads\/2023\/04\/2023-04-20T111801Z_1_LYNXMPEJ3J0GA_RTROPTP_4_PETROBRAS-BRAZIL-TENDER-1256x775.jpg 1256w, https:\/\/media.investnews.com.br\/uploads\/2023\/04\/2023-04-20T111801Z_1_LYNXMPEJ3J0GA_RTROPTP_4_PETROBRAS-BRAZIL-TENDER-172x106.jpg 172w, https:\/\/media.investnews.com.br\/uploads\/2023\/04\/2023-04-20T111801Z_1_LYNXMPEJ3J0GA_RTROPTP_4_PETROBRAS-BRAZIL-TENDER-150x93.jpg 150w, https:\/\/media.investnews.com.br\/uploads\/2023\/04\/2023-04-20T111801Z_1_LYNXMPEJ3J0GA_RTROPTP_4_PETROBRAS-BRAZIL-TENDER.jpg 2048w\" sizes=\"auto, (max-width: 1024px) 100vw, 1024px\" \/><figcaption class=\"wp-element-caption\">Constru\u00e7\u00e3o de plataforma de petr\u00f3leo, em Angra dos Reis\n24\/02\/2011\nREUTERS\/Sergio Moraes<\/figcaption><\/figure><p>Prates afirmou que em momento nenhum o presidente Luiz In\u00e1cio Lula da Silva, com quem se reuniu na \u00faltima segunda-feira, 25, pediu para segurar os pre\u00e7os, e refor\u00e7ou que o objetivo continua sendo abrasileirar os pre\u00e7os.<\/p><blockquote class=\"wp-block-quote is-layout-flow wp-block-quote-is-layout-flow\">\n<p>&#8220;Abrasileirar os pre\u00e7os n\u00e3o \u00e9 uma coisa de campanha [presidencial]. A gente mudou o modelo e vai ajustar quando o novo patamar estiver consolidado&#8221;, afirmou, destacando que as refinarias da empresa est\u00e3o operando com fator de utiliza\u00e7\u00e3o de 94%, bem acima do que operavam no ano passado. &#8220;Isso porque a Regap (MG) vai entrar em manuten\u00e7\u00e3o&#8221;, disse o executivo.<\/p>\n<\/blockquote><h2 class=\"wp-block-heading\"><strong>Braskem<\/strong><\/h2><p>Prates informou ainda que a negocia\u00e7\u00e3o para a venda da participa\u00e7\u00e3o da <strong>Novonor<\/strong> na <strong>Braskem<\/strong> (<a href=\"https:\/\/investnews.com.br\/cotacao\/brkm5-braskem\/\" target=\"_blank\" rel=\"noreferrer noopener\">BRKM5<\/a>)\u00a0&#8220;est\u00e1 evoluindo&#8221;, e que a estatal, como s\u00f3cia, tem o direito de prefer\u00eancia para adquirir o ativo. A decis\u00e3o, por\u00e9m, ainda n\u00e3o foi tomada, segundo o executivo.<\/p><blockquote class=\"wp-block-quote is-layout-flow wp-block-quote-is-layout-flow\">\n<p>&#8220;Braskem est\u00e1 evoluindo. A gente est\u00e1 come\u00e7ando a receber as informa\u00e7\u00f5es e dando um foco nisso a\u00ed. A gente est\u00e1 l\u00e1 dentro, tem direito de prefer\u00eancia j\u00e1 sendo s\u00f3cia da Braskem, mas n\u00e3o est\u00e1 comprando participa\u00e7\u00e3o nova na Braskem. Vamos analisar se vale a pena ou n\u00e3o&#8221;, explicou.<\/p>\n<\/blockquote><p>A Petrobras tem uma participa\u00e7\u00e3o minorit\u00e1ria, mas relevante na Braskem. Segundo fontes, a participa\u00e7\u00e3o da estatal ser\u00e1 decisiva para o fechamento do neg\u00f3cio.<\/p>\n","protected":false},"excerpt":{"rendered":"<p>Presidente da Petrobras diz que os reajustes vir\u00e3o se o pre\u00e7o do petr\u00f3leo for consolidado.<\/p>\n","protected":false},"author":62,"featured_media":417814,"comment_status":"closed","ping_status":"open","sticky":false,"template":"","format":"standard","meta":{"_acf_changed":false,"inline_featured_image":false,"footnotes":""},"categories":[5],"tags":[],"autor-wsj":[],"coauthors":[2499],"class_list":["post-530850","post","type-post","status-publish","format-standard","has-post-thumbnail","hentry","category-economia"],"acf":[],"amp_enabled":true,"_links":{"self":[{"href":"https:\/\/investnews.com.br\/inv-api\/wp\/v2\/posts\/530850","targetHints":{"allow":["GET"]}}],"collection":[{"href":"https:\/\/investnews.com.br\/inv-api\/wp\/v2\/posts"}],"about":[{"href":"https:\/\/investnews.com.br\/inv-api\/wp\/v2\/types\/post"}],"author":[{"embeddable":true,"href":"https:\/\/investnews.com.br\/inv-api\/wp\/v2\/users\/62"}],"replies":[{"embeddable":true,"href":"https:\/\/investnews.com.br\/inv-api\/wp\/v2\/comments?post=530850"}],"version-history":[{"count":5,"href":"https:\/\/investnews.com.br\/inv-api\/wp\/v2\/posts\/530850\/revisions"}],"predecessor-version":[{"id":703457,"href":"https:\/\/investnews.com.br\/inv-api\/wp\/v2\/posts\/530850\/revisions\/703457"}],"wp:featuredmedia":[{"embeddable":true,"href":"https:\/\/investnews.com.br\/inv-api\/wp\/v2\/media\/417814"}],"wp:attachment":[{"href":"https:\/\/investnews.com.br\/inv-api\/wp\/v2\/media?parent=530850"}],"wp:term":[{"taxonomy":"category","embeddable":true,"href":"https:\/\/investnews.com.br\/inv-api\/wp\/v2\/categories?post=530850"},{"taxonomy":"post_tag","embeddable":true,"href":"https:\/\/investnews.com.br\/inv-api\/wp\/v2\/tags?post=530850"},{"taxonomy":"autor-wsj","embeddable":true,"href":"https:\/\/investnews.com.br\/inv-api\/wp\/v2\/autor-wsj?post=530850"},{"taxonomy":"author","embeddable":true,"href":"https:\/\/investnews.com.br\/inv-api\/wp\/v2\/coauthors?post=530850"}],"curies":[{"name":"wp","href":"https:\/\/api.w.org\/{rel}","templated":true}]}}