{"id":530879,"date":"2023-09-29T10:17:53","date_gmt":"2023-09-29T13:17:53","guid":{"rendered":"https:\/\/investnews.com.br\/?p=530879"},"modified":"2023-09-29T10:17:57","modified_gmt":"2023-09-29T13:17:57","slug":"taxa-de-desemprego-no-brasil-cai-ao-menor-nivel-desde-inicio-de-2015-diz-ibge","status":"publish","type":"post","link":"https:\/\/investnews.com.br\/economia\/taxa-de-desemprego-no-brasil-cai-ao-menor-nivel-desde-inicio-de-2015-diz-ibge\/","title":{"rendered":"Taxa de desemprego no Brasil cai ao menor n\u00edvel desde in\u00edcio de 2015, diz IBGE"},"content":{"rendered":"\n<p>A taxa de desemprego do Brasil voltou a cair no trimestre encerrado em agosto e chegou ao n\u00edvel mais baixo em oito anos e meio, mostrando que o mercado de trabalho segue resiliente com queda no n\u00famero de desempregados para o menor n\u00edvel desde 2015.<\/p>\n\n\n\n<p>A taxa de desemprego atingiu 7,8% nos tr\u00eas meses encerrados em agosto, a mais baixa desde o trimestre at\u00e9 fevereiro de 2015, quando foi de 7,5%. Nos tr\u00eas meses imediatamente anteriores, at\u00e9 maio deste ano, a taxa havia ficado em 8,3%.<\/p>\n\n\n\n<p>O dado divulgado nesta sexta-feira (29) pelo Instituto Brasileiro de Geografia e Estat\u00edstica (IBGE) ainda mostrou forte queda ante a taxa de 8,9% vista no mesmo per\u00edodo do ano anterior.<\/p>\n\n\n\n<figure class=\"wp-block-image size-full\"><img loading=\"lazy\" decoding=\"async\" width=\"2048\" height=\"1366\" src=\"https:\/\/media.investnews.com.br\/uploads\/2022\/03\/desemprego-scaled.jpg\" alt=\"Mulher coloca curr\u00edculo em caixa no centro de S\u00e3o Paulo\" class=\"wp-image-313674\" srcset=\"https:\/\/media.investnews.com.br\/uploads\/2022\/03\/desemprego-scaled.jpg 2048w, https:\/\/media.investnews.com.br\/uploads\/2022\/03\/desemprego-scaled-300x200.jpg 300w, https:\/\/media.investnews.com.br\/uploads\/2022\/03\/desemprego-scaled-1024x683.jpg 1024w, https:\/\/media.investnews.com.br\/uploads\/2022\/03\/desemprego-scaled-768x512.jpg 768w, https:\/\/media.investnews.com.br\/uploads\/2022\/03\/desemprego-scaled-1536x1025.jpg 1536w, https:\/\/media.investnews.com.br\/uploads\/2022\/03\/desemprego-scaled-1256x838.jpg 1256w, https:\/\/media.investnews.com.br\/uploads\/2022\/03\/desemprego-scaled-172x115.jpg 172w, https:\/\/media.investnews.com.br\/uploads\/2022\/03\/desemprego-scaled-150x100.jpg 150w\" sizes=\"auto, (max-width: 2048px) 100vw, 2048px\" \/><figcaption class=\"wp-element-caption\">Mulher coloca curr\u00edculo em caixa no centro de S\u00e3o Paulo\n06\/10\/2020 REUTERS\/Amanda Perobelli<\/figcaption><\/figure>\n\n\n\n<p>O resultado da Pesquisa Nacional por Amostra de Domic\u00edlios (Pnad) ficou em linha com a expectativa em pesquisa da Reuters.<\/p>\n\n\n\n<p>O mercado de trabalho no Brasil vem se mostrando aquecido e a taxa de desemprego deve se manter em patamares baixos, mas pode perder algum f\u00f4lego de forma lenta diante da esperada desacelera\u00e7\u00e3o da atividade econ\u00f4mica, em meio aos efeitos defasados da pol\u00edtica monet\u00e1ria restritiva.<\/p>\n\n\n\n<p>No trimestre at\u00e9 agosto, o n\u00famero de desempregados caiu 5,9% na compara\u00e7\u00e3o com os tr\u00eas meses at\u00e9 abril, chegando a 8,416 milh\u00f5es de pessoas, o que representa ainda um recuo de 13,2% na compara\u00e7\u00e3o anual.<\/p>\n\n\n\n<p>Esse \u00e9 o menor contingente desde o trimestre m\u00f3vel encerrado em junho de 2015, o que segundo Adriana Beringuy, coordenadora de Pesquisas por Amostra de Domic\u00edlio, est\u00e1 diretamente relacionada \u00e0 alta no n\u00famero de pessoas trabalhando.<\/p>\n\n\n\n<p>O total de ocupados avan\u00e7ou 1,3% em rela\u00e7\u00e3o ao trimestre imediatamente anterior, alcan\u00e7ando 99,653 milh\u00f5es de pessoas. Em rela\u00e7\u00e3o ao trimestre at\u00e9 agosto de 2022, houve alta de 0,6%.<\/p>\n\n\n\n<blockquote class=\"wp-block-quote is-layout-flow wp-block-quote-is-layout-flow\">\n<p>\u201cEsse quadro favor\u00e1vel pelo lado da ocupa\u00e7\u00e3o \u00e9 o que permite a redu\u00e7\u00e3o do n\u00famero de pessoas que procuram trabalho\u201d, explicou Beringuy.<\/p>\n<\/blockquote>\n\n\n\n<p>Os trabalhadores com carteira assinada no setor privado subiram 1,1% nos tr\u00eas meses at\u00e9 agosto sobre o trimestre imediatamente anterior, atingindo 37,248 milh\u00f5es, o maior contingente desde fevereiro de 2015.<\/p>\n\n\n\n<p>Os que n\u00e3o tinham carteira aumentaram 2,1%, passando para 13,199 milh\u00f5es.<\/p>\n\n\n\n<p>Tr\u00eas grupamentos de atividades foram respons\u00e1veis pelo desempenho do mercado de trabalho no trimestre terminado em agosto sobre o anterior, A maior varia\u00e7\u00e3o foi de Servi\u00e7os dom\u00e9sticos, que teve alta de 2,9%.<\/p>\n\n\n\n<p>Em seguida, o grupo de Administra\u00e7\u00e3o p\u00fablica, defesa, seguridade social, educa\u00e7\u00e3o, sa\u00fade humana e servi\u00e7os sociais mostrou aumento de 2,4%, enquanto o grupo de Informa\u00e7\u00e3o, Comunica\u00e7\u00e3o e Atividades Financeiras, Imobili\u00e1rias, Profissionais e Administrativas registrou expans\u00e3o de 2,3%.<\/p>\n\n\n\n<p>No per\u00edodo, o rendimento real habitual do trimestre encerrado em agosto foi de R$ 2.947, contra R$ 2.914 nos tr\u00eas meses at\u00e9 maio e R$ 2.818 no mesmo per\u00edodo de 2022.<\/p>\n","protected":false},"excerpt":{"rendered":"<p>\u00cdndice atingiu 7,8% nos tr\u00eas meses encerrados em agosto.<\/p>\n","protected":false},"author":61,"featured_media":530880,"comment_status":"closed","ping_status":"open","sticky":false,"template":"","format":"standard","meta":{"_acf_changed":false,"inline_featured_image":false,"footnotes":""},"categories":[5],"tags":[374,54],"autor-wsj":[],"coauthors":[2494],"class_list":["post-530879","post","type-post","status-publish","format-standard","has-post-thumbnail","hentry","category-economia","tag-desemprego","tag-ibge"],"acf":[],"amp_enabled":true,"_links":{"self":[{"href":"https:\/\/investnews.com.br\/inv-api\/wp\/v2\/posts\/530879","targetHints":{"allow":["GET"]}}],"collection":[{"href":"https:\/\/investnews.com.br\/inv-api\/wp\/v2\/posts"}],"about":[{"href":"https:\/\/investnews.com.br\/inv-api\/wp\/v2\/types\/post"}],"author":[{"embeddable":true,"href":"https:\/\/investnews.com.br\/inv-api\/wp\/v2\/users\/61"}],"replies":[{"embeddable":true,"href":"https:\/\/investnews.com.br\/inv-api\/wp\/v2\/comments?post=530879"}],"version-history":[{"count":4,"href":"https:\/\/investnews.com.br\/inv-api\/wp\/v2\/posts\/530879\/revisions"}],"predecessor-version":[{"id":530885,"href":"https:\/\/investnews.com.br\/inv-api\/wp\/v2\/posts\/530879\/revisions\/530885"}],"wp:featuredmedia":[{"embeddable":true,"href":"https:\/\/investnews.com.br\/inv-api\/wp\/v2\/media\/530880"}],"wp:attachment":[{"href":"https:\/\/investnews.com.br\/inv-api\/wp\/v2\/media?parent=530879"}],"wp:term":[{"taxonomy":"category","embeddable":true,"href":"https:\/\/investnews.com.br\/inv-api\/wp\/v2\/categories?post=530879"},{"taxonomy":"post_tag","embeddable":true,"href":"https:\/\/investnews.com.br\/inv-api\/wp\/v2\/tags?post=530879"},{"taxonomy":"autor-wsj","embeddable":true,"href":"https:\/\/investnews.com.br\/inv-api\/wp\/v2\/autor-wsj?post=530879"},{"taxonomy":"author","embeddable":true,"href":"https:\/\/investnews.com.br\/inv-api\/wp\/v2\/coauthors?post=530879"}],"curies":[{"name":"wp","href":"https:\/\/api.w.org\/{rel}","templated":true}]}}