{"id":532855,"date":"2023-10-05T10:15:31","date_gmt":"2023-10-05T13:15:31","guid":{"rendered":"https:\/\/investnews.com.br\/?p=532855"},"modified":"2025-08-08T16:22:03","modified_gmt":"2025-08-08T19:22:03","slug":"quase-10-mil-consumidores-preparam-adesao-ao-mercado-livre-em-2024-diz-aneel","status":"publish","type":"post","link":"https:\/\/investnews.com.br\/economia\/quase-10-mil-consumidores-preparam-adesao-ao-mercado-livre-em-2024-diz-aneel\/","title":{"rendered":"10 mil consumidores preparam ades\u00e3o ao mercado livre em 2024, diz Aneel"},"content":{"rendered":"<p>Quase 10 mil consumidores de energia el\u00e9trica j\u00e1 iniciaram o processo para migrar ao ambiente de contrata\u00e7\u00e3o livre em 2024, quando as regras de ades\u00e3o ser\u00e3o flexibilizadas para permitir uma abertura de mercado, disse o diretor da ag\u00eancia reguladora Aneel Ricardo Tili .<\/p><figure class=\"wp-block-image size-large\"><img loading=\"lazy\" decoding=\"async\" width=\"1024\" height=\"682\" src=\"https:\/\/media.investnews.com.br\/uploads\/2023\/10\/2023-10-05T125801Z_1_LYNXMPEJ940JI_RTROPTP_4_ENERGIA-MERCADO-LIVRE-CCEE-1024x682.jpg\" alt=\"Silhuetas de turbinas e\u00f3licas contra um p\u00f4r do sol vermelho intenso com o sol amarelo no horizonte e linhas de energia.\" class=\"wp-image-532856\" srcset=\"https:\/\/media.investnews.com.br\/uploads\/2023\/10\/2023-10-05T125801Z_1_LYNXMPEJ940JI_RTROPTP_4_ENERGIA-MERCADO-LIVRE-CCEE-1024x682.jpg 1024w, https:\/\/media.investnews.com.br\/uploads\/2023\/10\/2023-10-05T125801Z_1_LYNXMPEJ940JI_RTROPTP_4_ENERGIA-MERCADO-LIVRE-CCEE-300x200.jpg 300w, https:\/\/media.investnews.com.br\/uploads\/2023\/10\/2023-10-05T125801Z_1_LYNXMPEJ940JI_RTROPTP_4_ENERGIA-MERCADO-LIVRE-CCEE-768x512.jpg 768w, https:\/\/media.investnews.com.br\/uploads\/2023\/10\/2023-10-05T125801Z_1_LYNXMPEJ940JI_RTROPTP_4_ENERGIA-MERCADO-LIVRE-CCEE-1536x1023.jpg 1536w, https:\/\/media.investnews.com.br\/uploads\/2023\/10\/2023-10-05T125801Z_1_LYNXMPEJ940JI_RTROPTP_4_ENERGIA-MERCADO-LIVRE-CCEE-1256x837.jpg 1256w, https:\/\/media.investnews.com.br\/uploads\/2023\/10\/2023-10-05T125801Z_1_LYNXMPEJ940JI_RTROPTP_4_ENERGIA-MERCADO-LIVRE-CCEE-172x115.jpg 172w, https:\/\/media.investnews.com.br\/uploads\/2023\/10\/2023-10-05T125801Z_1_LYNXMPEJ940JI_RTROPTP_4_ENERGIA-MERCADO-LIVRE-CCEE-150x100.jpg 150w, https:\/\/media.investnews.com.br\/uploads\/2023\/10\/2023-10-05T125801Z_1_LYNXMPEJ940JI_RTROPTP_4_ENERGIA-MERCADO-LIVRE-CCEE.jpg 2048w\" sizes=\"auto, (max-width: 1024px) 100vw, 1024px\" \/><figcaption class=\"wp-element-caption\">REUTERS\/Pascal Rossignol<\/figcaption><\/figure><p>Em evento da C\u00e2mara de Comercializa\u00e7\u00e3o de Energia El\u00e9trica (CCEE) nesta quinta-feira (5), Tili afirmou que esses consumidores j\u00e1 pediram a ren\u00fancia de seus contratos com as distribuidoras de energia, uma etapa para se desvincular das exporta\u00e7\u00f5es do mercado regulado e poder contratar energia diretamente com comercializadoras ou geradoras no pr\u00f3ximo ano.<\/p><blockquote class=\"wp-block-quote is-layout-flow wp-block-quote-is-layout-flow\">\n<p>\u201cJ\u00e1 observamos um forte movimento de migra\u00e7\u00e3o para 2024&#8230; Esse interesse dos consumidores, aliado ao atual momento de n\u00edvel de pre\u00e7os baixos (da energia), faz com que a demanda por migra\u00e7\u00e3o seja t\u00e3o expressiva\u201d, afirmou o diretor da Aneel.<\/p>\n<\/blockquote><p>A amplia\u00e7\u00e3o do mercado livre de energia, que hoje concentra principalmente interesses e grandes empresas, ganhar\u00e1 impulso adicional em janeiro de 2024, quando as regras para migra\u00e7\u00e3o alcan\u00e7arem todos os consumidores de energia ligados em alta tens\u00e3o.<\/p>\n","protected":false},"excerpt":{"rendered":"<p>Em janeiro de 2024, mercado de energia livre alcan\u00e7ar\u00e1 todos os consumidores.<\/p>\n","protected":false},"author":61,"featured_media":532856,"comment_status":"closed","ping_status":"open","sticky":false,"template":"","format":"standard","meta":{"_acf_changed":false,"inline_featured_image":false,"footnotes":""},"categories":[5],"tags":[824],"autor-wsj":[],"coauthors":[2494],"class_list":["post-532855","post","type-post","status-publish","format-standard","has-post-thumbnail","hentry","category-economia","tag-energia"],"acf":[],"amp_enabled":true,"_links":{"self":[{"href":"https:\/\/investnews.com.br\/inv-api\/wp\/v2\/posts\/532855","targetHints":{"allow":["GET"]}}],"collection":[{"href":"https:\/\/investnews.com.br\/inv-api\/wp\/v2\/posts"}],"about":[{"href":"https:\/\/investnews.com.br\/inv-api\/wp\/v2\/types\/post"}],"author":[{"embeddable":true,"href":"https:\/\/investnews.com.br\/inv-api\/wp\/v2\/users\/61"}],"replies":[{"embeddable":true,"href":"https:\/\/investnews.com.br\/inv-api\/wp\/v2\/comments?post=532855"}],"version-history":[{"count":5,"href":"https:\/\/investnews.com.br\/inv-api\/wp\/v2\/posts\/532855\/revisions"}],"predecessor-version":[{"id":703418,"href":"https:\/\/investnews.com.br\/inv-api\/wp\/v2\/posts\/532855\/revisions\/703418"}],"wp:featuredmedia":[{"embeddable":true,"href":"https:\/\/investnews.com.br\/inv-api\/wp\/v2\/media\/532856"}],"wp:attachment":[{"href":"https:\/\/investnews.com.br\/inv-api\/wp\/v2\/media?parent=532855"}],"wp:term":[{"taxonomy":"category","embeddable":true,"href":"https:\/\/investnews.com.br\/inv-api\/wp\/v2\/categories?post=532855"},{"taxonomy":"post_tag","embeddable":true,"href":"https:\/\/investnews.com.br\/inv-api\/wp\/v2\/tags?post=532855"},{"taxonomy":"autor-wsj","embeddable":true,"href":"https:\/\/investnews.com.br\/inv-api\/wp\/v2\/autor-wsj?post=532855"},{"taxonomy":"author","embeddable":true,"href":"https:\/\/investnews.com.br\/inv-api\/wp\/v2\/coauthors?post=532855"}],"curies":[{"name":"wp","href":"https:\/\/api.w.org\/{rel}","templated":true}]}}