{"id":534081,"date":"2023-10-09T11:35:52","date_gmt":"2023-10-09T14:35:52","guid":{"rendered":"https:\/\/investnews.com.br\/?p=534081"},"modified":"2025-08-08T16:21:35","modified_gmt":"2025-08-08T19:21:35","slug":"petrobras-buscara-manter-precos-mais-ou-menos-estaveis-diz-prates","status":"publish","type":"post","link":"https:\/\/investnews.com.br\/negocios\/petrobras-buscara-manter-precos-mais-ou-menos-estaveis-diz-prates\/","title":{"rendered":"Petrobras buscar\u00e1 manter pre\u00e7os &#8216;mais ou menos est\u00e1veis\u2019, diz Prates"},"content":{"rendered":"<p>\u00a0A atual pol\u00edtica de pre\u00e7os da\u00a0<strong>Petrobras\u00a0<\/strong>(<a href=\"https:\/\/investnews.com.br\/cotacao\/petr3-petroleo-brasileiro-petrobras\/\" target=\"_blank\" rel=\"noreferrer noopener\">PETR3<\/a>,\u00a0<a href=\"https:\/\/investnews.com.br\/cotacao\/petr4-petroleo-brasileiro-petrobras\/\" target=\"_blank\" rel=\"noreferrer noopener\">PETR4<\/a>)\u00a0dever\u00e1 mitigar um prov\u00e1vel <strong>aumento da <a href=\"https:\/\/investnews.com.br\/guias\/volatilidade-o-que-e\/\">volatilidade<\/a> de pre\u00e7os do petr\u00f3leo<\/strong> e varia\u00e7\u00f5es especulativas em raz\u00e3o da <strong>guerra entre Israel e o Hamas<\/strong>, disse nesta segunda-feira o presidente-executivo da companhia, Jean Paul Prates.<\/p><p>A estatal vai usar &#8220;fatores brasileiros&#8221; para manter os pre\u00e7os de combust\u00edveis no mercado interno &#8220;mais ou menos est\u00e1veis&#8221;, disse Prates.<\/p><p>&#8220;Isso vai mostrar como est\u00e1 dando certo a pol\u00edtica atual de pre\u00e7os da\u00a0Petrobras, ela deve mitigar esses efeitos&#8221;, disse o executivo a jornalistas em evento organizado pela C\u00e2mara de Com\u00e9rcio Noruega e Brasil, pelo Innovation Norway e pelo Consulado Geral da Noruega no Rio de Janeiro.<\/p><figure class=\"wp-block-image size-large\"><img loading=\"lazy\" decoding=\"async\" width=\"1024\" height=\"683\" src=\"https:\/\/media.investnews.com.br\/uploads\/2023\/09\/prates-1024x683.jpg\" alt=\"Homem grisalho e barbudo fala ao microfone, com o dedo indicador levantado.\" class=\"wp-image-530677\" srcset=\"https:\/\/media.investnews.com.br\/uploads\/2023\/09\/prates-1024x683.jpg 1024w, https:\/\/media.investnews.com.br\/uploads\/2023\/09\/prates-300x200.jpg 300w, https:\/\/media.investnews.com.br\/uploads\/2023\/09\/prates-768x512.jpg 768w, https:\/\/media.investnews.com.br\/uploads\/2023\/09\/prates-1536x1024.jpg 1536w, https:\/\/media.investnews.com.br\/uploads\/2023\/09\/prates-1256x837.jpg 1256w, https:\/\/media.investnews.com.br\/uploads\/2023\/09\/prates-172x115.jpg 172w, https:\/\/media.investnews.com.br\/uploads\/2023\/09\/prates-150x100.jpg 150w, https:\/\/media.investnews.com.br\/uploads\/2023\/09\/prates.jpg 2048w\" sizes=\"auto, (max-width: 1024px) 100vw, 1024px\" \/><figcaption class=\"wp-element-caption\">Jean Paul Prates, CEO da Petrobras\n2\/03\/2023\nREUTERS\/Pilar Olivares<\/figcaption><\/figure><p>O presidente da\u00a0Petrobras\u00a0avaliou que a guerra instaurada no s\u00e1bado \u00e9 um &#8220;evento grave&#8221; e disse que h\u00e1 no momento an\u00e1lises d\u00edspares sobre o futuro disso.<\/p><p>&#8220;Nas pr\u00f3ximas semanas n\u00e3o deve haver solu\u00e7\u00e3o&#8221;, disse Prates, acrescentando que, embora Israel n\u00e3o seja um grande produtor de petr\u00f3leo, deve haver &#8220;muita especula\u00e7\u00e3o&#8221; sobre os efeitos do conflito sobre os grandes produtores.<\/p><p>Os pre\u00e7os do petr\u00f3leo subiam perto de 4% nesta segunda-feira, \u00e0 medida que os confrontos entre Israel e o Hamas provocavam temores de um conflito mais amplo no Oriente M\u00e9dio.<\/p><h2 class=\"wp-block-heading\">Margem equatorial<\/h2><p>Em coment\u00e1rio sobre a explora\u00e7\u00e3o de petr\u00f3leo na <a href=\"https:\/\/investnews.com.br\/negocios\/petrobras-tem-caminho-bem-longo-a-percorrer-com-margem-equatorial-diz-analista\/\">Margem Equatorial<\/a>, Prates defendeu que a atividade poderia ser mais uma fonte de recursos do Fundo Amaz\u00f4nia, o que exigiria mudan\u00e7as legislativas, e disse que outras petrol\u00edferas podem ser parceiras da\u00a0Petrobras\u00a0na regi\u00e3o.<\/p><figure class=\"wp-block-image size-large\"><img loading=\"lazy\" decoding=\"async\" width=\"1024\" height=\"632\" src=\"https:\/\/media.investnews.com.br\/uploads\/2023\/05\/2023-05-18T004545Z_1_LYNXMPEJ4H00T_RTROPTP_4_BRAZIL-OIL-AMAZON-1024x632.jpg\" alt=\"Vista a\u00e9rea da conflu\u00eancia de dois rios marrons em densa floresta, com pequenas casas e barcos na margem.\" class=\"wp-image-481283\" srcset=\"https:\/\/media.investnews.com.br\/uploads\/2023\/05\/2023-05-18T004545Z_1_LYNXMPEJ4H00T_RTROPTP_4_BRAZIL-OIL-AMAZON-1024x632.jpg 1024w, https:\/\/media.investnews.com.br\/uploads\/2023\/05\/2023-05-18T004545Z_1_LYNXMPEJ4H00T_RTROPTP_4_BRAZIL-OIL-AMAZON-300x185.jpg 300w, https:\/\/media.investnews.com.br\/uploads\/2023\/05\/2023-05-18T004545Z_1_LYNXMPEJ4H00T_RTROPTP_4_BRAZIL-OIL-AMAZON-768x474.jpg 768w, https:\/\/media.investnews.com.br\/uploads\/2023\/05\/2023-05-18T004545Z_1_LYNXMPEJ4H00T_RTROPTP_4_BRAZIL-OIL-AMAZON-1536x948.jpg 1536w, https:\/\/media.investnews.com.br\/uploads\/2023\/05\/2023-05-18T004545Z_1_LYNXMPEJ4H00T_RTROPTP_4_BRAZIL-OIL-AMAZON-1256x775.jpg 1256w, https:\/\/media.investnews.com.br\/uploads\/2023\/05\/2023-05-18T004545Z_1_LYNXMPEJ4H00T_RTROPTP_4_BRAZIL-OIL-AMAZON-172x106.jpg 172w, https:\/\/media.investnews.com.br\/uploads\/2023\/05\/2023-05-18T004545Z_1_LYNXMPEJ4H00T_RTROPTP_4_BRAZIL-OIL-AMAZON-150x93.jpg 150w, https:\/\/media.investnews.com.br\/uploads\/2023\/05\/2023-05-18T004545Z_1_LYNXMPEJ4H00T_RTROPTP_4_BRAZIL-OIL-AMAZON.jpg 2048w\" sizes=\"auto, (max-width: 1024px) 100vw, 1024px\" \/><figcaption class=\"wp-element-caption\">Casa entre rios pr\u00f3ximos \u00e0 foz do rio Amazonas, no litoral do estado do Amap\u00e1\n31\/03\/2017\nREUTERS\/Ricardo Moraes<\/figcaption><\/figure><p>O Ibama emitiu neste m\u00eas uma licen\u00e7a ambiental para que a\u00a0Petrobras\u00a0realize duas perfura\u00e7\u00f5es de po\u00e7os de petr\u00f3leo e g\u00e1s em \u00e1guas profundas da Bacia Potiguar, representando um avan\u00e7o explorat\u00f3rio em uma \u00e1rea considerada ambientalmente sens\u00edvel.<\/p><p>Questionado sobre o potencial de reservas de petr\u00f3leo na <a href=\"https:\/\/investnews.com.br\/guias\/margem-equatorial\/\">Margem Equatorial<\/a>, Prates disse que n\u00e3o poderia confirmar volumes estimados antes de realizar as perfura\u00e7\u00f5es.<\/p><p>No m\u00eas passado, o ministro Alexandre Silveira afirmou que estudos internos da\u00a0Petrobras\u00a0mostram que um \u00fanico bloco na Margem Equatorial, na regi\u00e3o amaz\u00f4nica do Amap\u00e1, pode conter reservas de mais de 5,6 bilh\u00f5es de barris de petr\u00f3leo.<\/p>\n","protected":false},"excerpt":{"rendered":"<p>Presidente da estatal disse que empresa vai usar &#8220;fatores brasileiros&#8221; para manter os pre\u00e7os de combust\u00edveis em meio \u00e0 volatilidade em raz\u00e3o do conflito entre Israel e o Hamas.<\/p>\n","protected":false},"author":61,"featured_media":530677,"comment_status":"closed","ping_status":"open","sticky":false,"template":"","format":"standard","meta":{"_acf_changed":false,"inline_featured_image":false,"footnotes":""},"categories":[6],"tags":[21],"autor-wsj":[],"coauthors":[2494],"class_list":["post-534081","post","type-post","status-publish","format-standard","has-post-thumbnail","hentry","category-negocios","tag-petrobras"],"acf":[],"amp_enabled":true,"_links":{"self":[{"href":"https:\/\/investnews.com.br\/inv-api\/wp\/v2\/posts\/534081","targetHints":{"allow":["GET"]}}],"collection":[{"href":"https:\/\/investnews.com.br\/inv-api\/wp\/v2\/posts"}],"about":[{"href":"https:\/\/investnews.com.br\/inv-api\/wp\/v2\/types\/post"}],"author":[{"embeddable":true,"href":"https:\/\/investnews.com.br\/inv-api\/wp\/v2\/users\/61"}],"replies":[{"embeddable":true,"href":"https:\/\/investnews.com.br\/inv-api\/wp\/v2\/comments?post=534081"}],"version-history":[{"count":26,"href":"https:\/\/investnews.com.br\/inv-api\/wp\/v2\/posts\/534081\/revisions"}],"predecessor-version":[{"id":703394,"href":"https:\/\/investnews.com.br\/inv-api\/wp\/v2\/posts\/534081\/revisions\/703394"}],"wp:featuredmedia":[{"embeddable":true,"href":"https:\/\/investnews.com.br\/inv-api\/wp\/v2\/media\/530677"}],"wp:attachment":[{"href":"https:\/\/investnews.com.br\/inv-api\/wp\/v2\/media?parent=534081"}],"wp:term":[{"taxonomy":"category","embeddable":true,"href":"https:\/\/investnews.com.br\/inv-api\/wp\/v2\/categories?post=534081"},{"taxonomy":"post_tag","embeddable":true,"href":"https:\/\/investnews.com.br\/inv-api\/wp\/v2\/tags?post=534081"},{"taxonomy":"autor-wsj","embeddable":true,"href":"https:\/\/investnews.com.br\/inv-api\/wp\/v2\/autor-wsj?post=534081"},{"taxonomy":"author","embeddable":true,"href":"https:\/\/investnews.com.br\/inv-api\/wp\/v2\/coauthors?post=534081"}],"curies":[{"name":"wp","href":"https:\/\/api.w.org\/{rel}","templated":true}]}}