{"id":534212,"date":"2023-10-09T19:10:38","date_gmt":"2023-10-09T22:10:38","guid":{"rendered":"https:\/\/investnews.com.br\/?p=534212"},"modified":"2025-11-27T10:02:55","modified_gmt":"2025-11-27T13:02:55","slug":"ficou-sabendo-metal-leve-contrata-bancos-para-follow-on-seca-amazonica","status":"publish","type":"post","link":"https:\/\/investnews.com.br\/economia\/ficou-sabendo-metal-leve-contrata-bancos-para-follow-on-seca-amazonica\/","title":{"rendered":"Metal Leve contrata bancos para follow-on;\u00a0\u00a0seca amaz\u00f4nica"},"content":{"rendered":"<h2 class=\"wp-block-heading\">Metal\u00a0Leve contrata Ita\u00fa e Citi para oferta de a\u00e7\u00f5es<\/h2><p>A <strong>Mahle\u00a0Metal\u00a0Leve<\/strong> (LEVE3) anunciou na noite de domingo que contratou os Citi e Ita\u00fa BBA para uma potencial oferta de a\u00e7\u00f5es prim\u00e1ria que pode envolver tamb\u00e9m venda secund\u00e1ria de pap\u00e9is, segundo fato relevante enviado pela fabricante de autope\u00e7as ao mercado.<\/p><p>A companhia n\u00e3o deu detalhes sobre potencial cronograma, tamanho da oferta ou destino dos recursos.<\/p><p>No primeiro semestre, a <a href=\"https:\/\/investnews.com.br\/guias\/receita-liquida-o-que-e\/\">receita l\u00edquida<\/a> da companhia subiu 12,2% sobre um ano antes, para 2,14 bilh\u00f5es de reais. O lucro antes de juros, impostos, deprecia\u00e7\u00e3o e <a href=\"https:\/\/investnews.com.br\/guias\/amortizacao-o-que-e\/\">amortiza\u00e7\u00e3o<\/a> (<a href=\"https:\/\/investnews.com.br\/guias\/ebitda-o-que-e-como-calcular\/\">Ebitda<\/a>) disparou 43%, para 514 milh\u00f5es de reais.<\/p><h2 class=\"wp-block-heading\">\u00c2nima diz que n\u00e3o negocia venda da Universidade S\u00e3o Judas<\/h2><p>A <strong>\u00c2nima<\/strong> (<a href=\"https:\/\/investnews.com.br\/cotacao\/anim3-anima\/\" target=\"_blank\" rel=\"noreferrer noopener\">ANIM3<\/a>) disse nesta segunda-feira que n\u00e3o h\u00e1 negocia\u00e7\u00e3o em curso para a venda da Universidade S\u00e3o Judas, conforme comunicado ao mercado.<\/p><figure class=\"wp-block-image size-full\"><img loading=\"lazy\" decoding=\"async\" width=\"2048\" height=\"1366\" src=\"https:\/\/media.investnews.com.br\/uploads\/2020\/12\/anima-scaled.jpg\" alt=\"Sala de aula vazia com lousa verde cheia de anota\u00e7\u00f5es de economia e carteiras escolares azuis.\" class=\"wp-image-26808\" srcset=\"https:\/\/media.investnews.com.br\/uploads\/2020\/12\/anima-scaled.jpg 2048w, https:\/\/media.investnews.com.br\/uploads\/2020\/12\/anima-scaled-300x200.jpg 300w, https:\/\/media.investnews.com.br\/uploads\/2020\/12\/anima-scaled-1024x683.jpg 1024w, https:\/\/media.investnews.com.br\/uploads\/2020\/12\/anima-scaled-768x512.jpg 768w, https:\/\/media.investnews.com.br\/uploads\/2020\/12\/anima-scaled-1536x1025.jpg 1536w, https:\/\/media.investnews.com.br\/uploads\/2020\/12\/anima-scaled-1256x838.jpg 1256w, https:\/\/media.investnews.com.br\/uploads\/2020\/12\/anima-scaled-172x115.jpg 172w, https:\/\/media.investnews.com.br\/uploads\/2020\/12\/anima-scaled-150x100.jpg 150w\" sizes=\"auto, (max-width: 2048px) 100vw, 2048px\" \/><figcaption class=\"wp-element-caption\">Cr\u00e9dito: Amanda Perobelli\/Reuters. 13\/03\/2020<\/figcaption><\/figure><p>Mais cedo nesta segunda-feira, a Exame disse, citando fontes n\u00e3o identificadas, que a \u00c2nima considera a venda da S\u00e3o Judas, e que a XP vem consultando o mercado em busca de comprador para o ativo.<\/p><h2 class=\"wp-block-heading\">Seca amaz\u00f4nica amea\u00e7a exporta\u00e7\u00f5es de milho do Norte<\/h2><p>Uma\u00a0seca\u00a0severa que assola os principais rios da regi\u00e3o amaz\u00f4nica interrompeu o tr\u00e1fego de navios perto de Manaus e aumentou os custos das rotas comerciais do Norte do pa\u00eds, elevando os riscos para as exporta\u00e7\u00f5es de milho nos pr\u00f3ximos meses.<\/p><p>O calor e a\u00a0seca\u00a0at\u00edpicos, respons\u00e1veis pelas mortes em massa de peixes e botos, j\u00e1 limitaram o acesso das comunidades locais a alimentos e \u00e1gua pot\u00e1vel, levando o governo federal a criar um grupo de trabalho para lidar com a emerg\u00eancia. As autoridades alertam agora que o baixo n\u00edvel dos rios poder\u00e1 prejudicar as exporta\u00e7\u00f5es de cereais na regi\u00e3o.<\/p><p><em>(*Com informa\u00e7\u00f5es da Reuters.)<\/em><\/p>\n","protected":false},"excerpt":{"rendered":"<p>E mais: \u00c2nima diz que n\u00e3o negocia venda da Universidade S\u00e3o Judas.<\/p>\n","protected":false},"author":7,"featured_media":482639,"comment_status":"closed","ping_status":"open","sticky":false,"template":"","format":"standard","meta":{"_acf_changed":false,"inline_featured_image":false,"footnotes":""},"categories":[5],"tags":[359,101773],"autor-wsj":[],"coauthors":[1494],"class_list":["post-534212","post","type-post","status-publish","format-standard","has-post-thumbnail","hentry","category-economia","tag-anima-educacao","tag-mudancas-climaticas"],"acf":[],"amp_enabled":true,"_links":{"self":[{"href":"https:\/\/investnews.com.br\/inv-api\/wp\/v2\/posts\/534212","targetHints":{"allow":["GET"]}}],"collection":[{"href":"https:\/\/investnews.com.br\/inv-api\/wp\/v2\/posts"}],"about":[{"href":"https:\/\/investnews.com.br\/inv-api\/wp\/v2\/types\/post"}],"author":[{"embeddable":true,"href":"https:\/\/investnews.com.br\/inv-api\/wp\/v2\/users\/7"}],"replies":[{"embeddable":true,"href":"https:\/\/investnews.com.br\/inv-api\/wp\/v2\/comments?post=534212"}],"version-history":[{"count":15,"href":"https:\/\/investnews.com.br\/inv-api\/wp\/v2\/posts\/534212\/revisions"}],"predecessor-version":[{"id":737462,"href":"https:\/\/investnews.com.br\/inv-api\/wp\/v2\/posts\/534212\/revisions\/737462"}],"wp:featuredmedia":[{"embeddable":true,"href":"https:\/\/investnews.com.br\/inv-api\/wp\/v2\/media\/482639"}],"wp:attachment":[{"href":"https:\/\/investnews.com.br\/inv-api\/wp\/v2\/media?parent=534212"}],"wp:term":[{"taxonomy":"category","embeddable":true,"href":"https:\/\/investnews.com.br\/inv-api\/wp\/v2\/categories?post=534212"},{"taxonomy":"post_tag","embeddable":true,"href":"https:\/\/investnews.com.br\/inv-api\/wp\/v2\/tags?post=534212"},{"taxonomy":"autor-wsj","embeddable":true,"href":"https:\/\/investnews.com.br\/inv-api\/wp\/v2\/autor-wsj?post=534212"},{"taxonomy":"author","embeddable":true,"href":"https:\/\/investnews.com.br\/inv-api\/wp\/v2\/coauthors?post=534212"}],"curies":[{"name":"wp","href":"https:\/\/api.w.org\/{rel}","templated":true}]}}