{"id":534239,"date":"2023-10-13T05:30:00","date_gmt":"2023-10-13T08:30:00","guid":{"rendered":"https:\/\/investnews.com.br\/?p=534239"},"modified":"2025-08-08T16:21:14","modified_gmt":"2025-08-08T19:21:14","slug":"alivio-sobre-divida-das-empresas-por-corte-na-selic-so-sera-notado-em-2024","status":"publish","type":"post","link":"https:\/\/investnews.com.br\/financas\/alivio-sobre-divida-das-empresas-por-corte-na-selic-so-sera-notado-em-2024\/","title":{"rendered":"Al\u00edvio sobre d\u00edvida das empresas por corte na Selic s\u00f3 ser\u00e1 notado em 2024"},"content":{"rendered":"<p>O impacto do atual ciclo de diminui\u00e7\u00e3o da Selic nos gastos com juros pelas empresas n\u00e3o ser\u00e1 totalmente notado nos balan\u00e7os do 3\u00ba trimestre. O al\u00edvio deve levar algum tempo para se materializar nos resultados, ficando mais para o pr\u00f3ximo ano, avalia Andr\u00e9 Vasconcellos, diretor-adjunto no Rio de Janeiro do Instituto Brasileiro de Rela\u00e7\u00f5es com Investidores (IBRI). <\/p><p>Na quest\u00e3o espec\u00edfica da despesa financeira \u2013 os valores para pagamentos de empr\u00e9stimos e financiamentos \u2013, o corte pode se materializar de diferentes formas: por uma redu\u00e7\u00e3o das taxas de empr\u00e9stimos existentes, em novos financiamentos mais baratos ou pela reestrutura\u00e7\u00e3o da d\u00edvida das companhias.<\/p><p>Todavia, o momento exato e a magnitude desse impacto dependem das circunst\u00e2ncias espec\u00edficas da companhia. &#8220;O perfil da d\u00edvida varia muito da empresa para empresa&#8221;, concorda Carlos Andr\u00e9 Marinho Vieira, analista-chefe do TC.<\/p><p>Vieira acredita que o impacto da Selic menor n\u00e3o ser\u00e1 ainda visto de forma generalizada, pois a redu\u00e7\u00e3o da taxa b\u00e1sica foi de apenas 1 ponto percentual ap\u00f3s meses estacionada em 13,75% ao ano. &#8220;\u00c9 uma mudan\u00e7a positiva, mas n\u00e3o t\u00e3o relevante&#8221;, diz. <\/p><p>Em sua avalia\u00e7\u00e3o, a mudan\u00e7a ser\u00e1 mais n\u00edtida quando a trajet\u00f3ria de queda estiver mais consolidada, e a taxa estiver pr\u00f3xima do piso esperado no \u00faltimo <a href=\"https:\/\/investnews.com.br\/guias\/boletim-focus-entenda-o-que-e\/\">boletim Focus<\/a>, j\u00e1 abaixo dos 10% em final de 2024.<\/p><h2 class=\"wp-block-heading\"><strong>Que setores pagam mais juros?<\/strong><\/h2><p>Levantamento da Economatica mostra os setores do Ibovespa, principal \u00edndice da B3, com maior despesa financeira nos balan\u00e7os do 2\u00ba trimestre. Para efeito de compara\u00e7\u00e3o, o valor da despesa foi posicionado no ranking por sua porcentagem em rela\u00e7\u00e3o \u00e0 receita reportada nos balan\u00e7os.<\/p><p>Vieira explica que o valor simboliza a d\u00edvida captada pela empresa, sobretudo em t\u00edtulos banc\u00e1rios. &#8220;Muitas vezes ele \u00e9 indexado a nossa taxa b\u00e1sica de juros ou a alguma taxa adicionada \u00e0 infla\u00e7\u00e3o mais uma taxa, ou <a href=\"https:\/\/investnews.com.br\/guias\/o-que-e-cdi\/\">CDI<\/a> mais alguma taxa&#8221;, explica. \u00c9 poss\u00edvel encontrar ainda juros subsidiados pelo BNDES ou algum \u00f3rg\u00e3o de fomento ou t\u00edtulos emitidos no exterior.<\/p><figure class=\"wp-block-image size-full\"><img loading=\"lazy\" decoding=\"async\" width=\"750\" height=\"843\" src=\"https:\/\/media.investnews.com.br\/uploads\/2023\/10\/20231010_Info_Despesa_financeira_setor-1-1.jpg\" alt=\"Tabela de despesa financeira por setor no 2\u00ba trimestre de 2023, ordenada pela rela\u00e7\u00e3o despesa\/receita.\" class=\"wp-image-535003\" srcset=\"https:\/\/media.investnews.com.br\/uploads\/2023\/10\/20231010_Info_Despesa_financeira_setor-1-1.jpg 750w, https:\/\/media.investnews.com.br\/uploads\/2023\/10\/20231010_Info_Despesa_financeira_setor-1-1-267x300.jpg 267w, https:\/\/media.investnews.com.br\/uploads\/2023\/10\/20231010_Info_Despesa_financeira_setor-1-1-153x172.jpg 153w, https:\/\/media.investnews.com.br\/uploads\/2023\/10\/20231010_Info_Despesa_financeira_setor-1-1-150x169.jpg 150w\" sizes=\"auto, (max-width: 750px) 100vw, 750px\" \/><\/figure><p>No topo do ranking aparecem companhias de administra\u00e7\u00e3o de empresas e empreendimentos, grupo que inclui por exemplo <strong>Ita\u00fasa<\/strong> (<a href=\"https:\/\/investnews.com.br\/cotacao\/itsa4-itausa\/\">ITSA4<\/a>), respons\u00e1vel pela administra\u00e7\u00e3o do <strong>Ita\u00fa<\/strong> <strong>Unibanco<\/strong> (<a href=\"https:\/\/investnews.com.br\/cotacao\/itub4-itau-unibanco-holding\/\">ITUB4<\/a>). &#8220;Como eles n\u00e3o t\u00eam receita, eles v\u00e3o ficar com despesas financeiras bem elevada na rela\u00e7\u00e3o&#8221;, explica Vieira.<\/p><p>Em seguida, aparece o setor que inclui as locadoras de ve\u00edculos, que necessitam constantemente de financiamento para compra de ve\u00edculos mais atualizados. Tamb\u00e9m est\u00e3o no grupo empresas de shopping centers como <strong>Aliansce Sonae<\/strong> (<a href=\"https:\/\/investnews.com.br\/cotacao\/also3-aliansce-sonae\/\">ALSO3<\/a>) e <strong>Multiplan<\/strong> (<a href=\"https:\/\/investnews.com.br\/cotacao\/mult3-multiplan\/\">MULT3<\/a>), que na avalia\u00e7\u00e3o do especialista est\u00e3o &#8220;um pouco mais alavancadas que a m\u00e9dia&#8221;.\u00a0<\/p><h2 class=\"wp-block-heading\"><strong>Outras formas de impacto do corte de juros<\/strong><\/h2><p>Os juros a serem pagos pelas empresas n\u00e3o s\u00e3o, por\u00e9m, a \u00fanica forma de impacto da Selic nos balan\u00e7os das empresas.<\/p><p>Vasconcellos lembra que bancos e institui\u00e7\u00f5es financeiras podem ser beneficiados por poderem aumentar sua taxa de lucro, por exemplo. O setor \u201cimobili\u00e1rio e locadora de outros bens\u201d e o de\u00a0\u201cconstru\u00e7\u00e3o civil\u201d podem ter impulso com financiamentos mais baratos, e at\u00e9 o varejo pode ganhar com o aumento do poder de compra dos consumidores.<\/p><p>Vasconcellos tamb\u00e9m refor\u00e7a que outras not\u00edcias podem pesar mais nos pr\u00f3ximos balan\u00e7os do que a alta da Selic, como os desdobramentos do <a href=\"https:\/\/investnews.com.br\/economia\/conflito-em-israel-tem-efeito-imediato-sobre-petroleo-e-gera-duvida-sobre-fed\/\">conflito entre Israel e o Hamas no Oriente M\u00e9dio<\/a> e o aumento da taxa de juros estadunidense.<\/p>\n","protected":false},"excerpt":{"rendered":"<p>Mudan\u00e7as ser\u00e3o notadas antes de acordo com o tipo de endividamento de cada empresa<\/p>\n","protected":false},"author":26,"featured_media":437674,"comment_status":"closed","ping_status":"open","sticky":false,"template":"","format":"standard","meta":{"_acf_changed":false,"inline_featured_image":false,"footnotes":""},"categories":[4],"tags":[82,51,1616],"autor-wsj":[],"coauthors":[1873],"class_list":["post-534239","post","type-post","status-publish","format-standard","has-post-thumbnail","hentry","category-financas","tag-dividas","tag-selic","tag-taxa-de-juros"],"acf":[],"amp_enabled":true,"_links":{"self":[{"href":"https:\/\/investnews.com.br\/inv-api\/wp\/v2\/posts\/534239","targetHints":{"allow":["GET"]}}],"collection":[{"href":"https:\/\/investnews.com.br\/inv-api\/wp\/v2\/posts"}],"about":[{"href":"https:\/\/investnews.com.br\/inv-api\/wp\/v2\/types\/post"}],"author":[{"embeddable":true,"href":"https:\/\/investnews.com.br\/inv-api\/wp\/v2\/users\/26"}],"replies":[{"embeddable":true,"href":"https:\/\/investnews.com.br\/inv-api\/wp\/v2\/comments?post=534239"}],"version-history":[{"count":24,"href":"https:\/\/investnews.com.br\/inv-api\/wp\/v2\/posts\/534239\/revisions"}],"predecessor-version":[{"id":703374,"href":"https:\/\/investnews.com.br\/inv-api\/wp\/v2\/posts\/534239\/revisions\/703374"}],"wp:featuredmedia":[{"embeddable":true,"href":"https:\/\/investnews.com.br\/inv-api\/wp\/v2\/media\/437674"}],"wp:attachment":[{"href":"https:\/\/investnews.com.br\/inv-api\/wp\/v2\/media?parent=534239"}],"wp:term":[{"taxonomy":"category","embeddable":true,"href":"https:\/\/investnews.com.br\/inv-api\/wp\/v2\/categories?post=534239"},{"taxonomy":"post_tag","embeddable":true,"href":"https:\/\/investnews.com.br\/inv-api\/wp\/v2\/tags?post=534239"},{"taxonomy":"autor-wsj","embeddable":true,"href":"https:\/\/investnews.com.br\/inv-api\/wp\/v2\/autor-wsj?post=534239"},{"taxonomy":"author","embeddable":true,"href":"https:\/\/investnews.com.br\/inv-api\/wp\/v2\/coauthors?post=534239"}],"curies":[{"name":"wp","href":"https:\/\/api.w.org\/{rel}","templated":true}]}}