{"id":534308,"date":"2023-10-11T07:30:00","date_gmt":"2023-10-11T10:30:00","guid":{"rendered":"https:\/\/investnews.com.br\/?p=534308"},"modified":"2025-08-08T16:21:26","modified_gmt":"2025-08-08T19:21:26","slug":"apocalipse-sustentavel-da-cvm-a-nova-era-das-informacoes-esg-ao-investidor","status":"publish","type":"post","link":"https:\/\/investnews.com.br\/colunistas\/apocalipse-sustentavel-da-cvm-a-nova-era-das-informacoes-esg-ao-investidor\/","title":{"rendered":"Apocalipse sustent\u00e1vel da CVM: a nova era das informa\u00e7\u00f5es ESG ao investidor"},"content":{"rendered":"<p>A CVM divulgou seu \u201c<a href=\"https:\/\/www.gov.br\/cvm\/pt-br\/assuntos\/noticias\/cvm-lanca-plano-de-acao-de-financas-sustentaveis-para-2023-2024\" target=\"_blank\" rel=\"noopener\">Plano de A\u00e7\u00e3o de Finan\u00e7as Sustent\u00e1veis<\/a>\u201d para os pr\u00f3ximos anos, e uma nova era das informa\u00e7\u00f5es aos investidores e ao mercado se pronuncia. O documento mostra e comprova a nova guinada \u00e0 sustentabilidade da Comiss\u00e3o de Valores Mobili\u00e1rios, j\u00e1 precedida pelo Conselho Monet\u00e1rio Nacional que agora obrigar\u00e1 as companhias abertas a modificarem profundamente a maneira como suas Demonstra\u00e7\u00f5es Financeiras e outras informa\u00e7\u00f5es ao mercado ser\u00e3o apresentadas.<\/p><p>Mais do que isso, o documento antecipa as a\u00e7\u00f5es sustent\u00e1veis que as companhias abertas, bancos, seguradoras, fundos de investimento, fundos de pens\u00e3o e todas as organiza\u00e7\u00f5es que acessam o mercado de capitais devem realizar para atender as quest\u00f5es regulat\u00f3rias de <a href=\"https:\/\/investnews.com.br\/guias\/tudo-sobre-esg\/\">ESG<\/a>. Ademais, deve servir como guia para conselhos de administra\u00e7\u00e3o e diretorias, principalmente financeira, direcionarem seus planejamentos estrat\u00e9gicos passando pelas quest\u00f5es clim\u00e1ticas, ambientais e sociais.<\/p><figure class=\"wp-block-image size-full\"><img loading=\"lazy\" decoding=\"async\" width=\"2048\" height=\"1364\" src=\"https:\/\/media.investnews.com.br\/uploads\/2022\/12\/overhead-aerial-shot-thick-forest-with-beautiful-trees-greenery.jpg\" alt=\"Vista a\u00e9rea de uma densa floresta, mostrando as copas verdes das \u00e1rvores.\" class=\"wp-image-388731\" srcset=\"https:\/\/media.investnews.com.br\/uploads\/2022\/12\/overhead-aerial-shot-thick-forest-with-beautiful-trees-greenery.jpg 2048w, https:\/\/media.investnews.com.br\/uploads\/2022\/12\/overhead-aerial-shot-thick-forest-with-beautiful-trees-greenery-300x200.jpg 300w, https:\/\/media.investnews.com.br\/uploads\/2022\/12\/overhead-aerial-shot-thick-forest-with-beautiful-trees-greenery-1024x682.jpg 1024w, https:\/\/media.investnews.com.br\/uploads\/2022\/12\/overhead-aerial-shot-thick-forest-with-beautiful-trees-greenery-768x512.jpg 768w, https:\/\/media.investnews.com.br\/uploads\/2022\/12\/overhead-aerial-shot-thick-forest-with-beautiful-trees-greenery-1536x1023.jpg 1536w, https:\/\/media.investnews.com.br\/uploads\/2022\/12\/overhead-aerial-shot-thick-forest-with-beautiful-trees-greenery-1256x837.jpg 1256w, https:\/\/media.investnews.com.br\/uploads\/2022\/12\/overhead-aerial-shot-thick-forest-with-beautiful-trees-greenery-172x115.jpg 172w, https:\/\/media.investnews.com.br\/uploads\/2022\/12\/overhead-aerial-shot-thick-forest-with-beautiful-trees-greenery-150x100.jpg 150w\" sizes=\"auto, (max-width: 2048px) 100vw, 2048px\" \/><figcaption class=\"wp-element-caption\"> Fonte: Freepik.<\/figcaption><\/figure><p>Claro que fico muito entusiasmado com o tema, estou vivendo isso intensamente pois alguns dos 17 itens chave que a CVM listou no documento e que as companhias devem cumprir nos pr\u00f3ximos dois anos est\u00e3o fazendo parte do meu dia a dia. Nesse momento, passo minha vida entre o trabalho, a elabora\u00e7\u00e3o de um livro e o lan\u00e7amento de um curso de imers\u00e3o para executivos de implanta\u00e7\u00e3o em suas empresas dos novos normativos de sustentabilidade da Funda\u00e7\u00e3o IFRS, os IFRS S1 e S2 que trazem uma verdadeira ruptura organizacional entre o antes e o depois da sustentabilidade e que a CVM incluiu na lista para publica\u00e7\u00e3o regulat\u00f3ria em breve.<\/p><p>Destaco que a CVM ao lan\u00e7ar o Plano de A\u00e7\u00e3o de Finan\u00e7as Sustent\u00e1veis ratifica seu alinhamento com as melhores pr\u00e1ticas de governan\u00e7a mundiais incentivando a reformula\u00e7\u00e3o da comunica\u00e7\u00e3o ao mercado que obrigatoriamente passa pelas quest\u00f5es ambientais, clim\u00e1ticas e sociais demonstrando os impactos financeiros na cadeia de valor e nos modelos de neg\u00f3cio, um item muito refor\u00e7ado no normativo IFRS S1 de requerimentos gerais de sustentabilidade na comunica\u00e7\u00e3o ao mercado das empresas.<\/p><p>Segundo as palavras utilizadas pelo presidente da CVM, Jo\u00e3o Pedro Nascimento, a autarquia refor\u00e7a que o futuro \u00e9 verde e digital, que temas como controle de mudan\u00e7as clim\u00e1ticas, preserva\u00e7\u00e3o ambiental e agenda sustent\u00e1vel s\u00e3o transversais ao Mercado de Capitais.<\/p><figure class=\"wp-block-image size-full\"><img loading=\"lazy\" decoding=\"async\" width=\"1024\" height=\"768\" src=\"https:\/\/media.investnews.com.br\/uploads\/2023\/10\/lula9666-3.jpg\" alt=\"o presidente da Comiss\u00e3o de Valores Mobili\u00e1rios (CVM), Jo\u00e3o Pedro Barroso do Nascimento. Foto Lula Marques\/ Ag\u00eancia Brasil.\" class=\"wp-image-534317\" srcset=\"https:\/\/media.investnews.com.br\/uploads\/2023\/10\/lula9666-3.jpg 1024w, https:\/\/media.investnews.com.br\/uploads\/2023\/10\/lula9666-3-300x225.jpg 300w, https:\/\/media.investnews.com.br\/uploads\/2023\/10\/lula9666-3-768x576.jpg 768w, https:\/\/media.investnews.com.br\/uploads\/2023\/10\/lula9666-3-172x129.jpg 172w, https:\/\/media.investnews.com.br\/uploads\/2023\/10\/lula9666-3-150x113.jpg 150w\" sizes=\"auto, (max-width: 1024px) 100vw, 1024px\" \/><figcaption class=\"wp-element-caption\">o presidente da Comiss\u00e3o de Valores Mobili\u00e1rios (CVM), Jo\u00e3o Pedro Barroso do Nascimento. Foto Lula Marques\/ Ag\u00eancia Brasil.<\/figcaption><\/figure><p>Ou seja, voc\u00ea que faz parte de uma diretoria ou de um conselho de administra\u00e7\u00e3o ou que possui alguma fun\u00e7\u00e3o em uma empresa deve come\u00e7ar a se preparar agora. Voc\u00ea tem apenas 2 anos para implantar a nova cultura de sustentabilidade que veio para ficar nas finan\u00e7as sustent\u00e1veis. At\u00e9 porque, como disse Jo\u00e3o Pedro Nascimento: \u201cas finan\u00e7as sustent\u00e1veis trazem muitas oportunidades e a economia verde trar\u00e1 muitos neg\u00f3cios para o Brasil\u201d.<\/p><blockquote class=\"wp-block-quote is-layout-flow wp-block-quote-is-layout-flow\">\n<p>\u201cas finan\u00e7as sustent\u00e1veis trazem muitas oportunidades e a economia verde trar\u00e1 muitos neg\u00f3cios para o Brasil\u201d<\/p>\n<cite>Jo\u00e3o Pedro Nascimento, presidente da CVM<\/cite><\/blockquote><p><\/p><p>O apocalipse das finan\u00e7as sustent\u00e1veis veio para ficar e quando \u00e9 ratificada pela autarquia que regula e fiscaliza o mercado de capitais s\u00f3 demonstra que as empresas devem se preparar o quanto antes. Fica a dica: um bom in\u00edcio \u00e9 fazer a primeira ado\u00e7\u00e3o das normas de sustentabilidade IFRS S1 e S2 da Funda\u00e7\u00e3o IFRS que trar\u00e1 uma facilidade maior de cumprimento do que a CVM deseja nos seus 17 itens listados.<\/p><p>Vamos aguardar para ver, mas realmente o que percebo nessa movimenta\u00e7\u00e3o da CVM \u00e9 que para financiar as atividades das empresas em um mundo de <a href=\"https:\/\/investnews.com.br\/economia\/conflito-em-israel-tem-efeito-imediato-sobre-petroleo-e-gera-duvida-sobre-fed\/\">guerras e trag\u00e9dias humanas<\/a> devemos trilhar um caminho oposto de paz e de preocupa\u00e7\u00e3o com o nosso meio ambiente e sociedade. Dessa forma, salvaremos o mundo e lucraremos.<br><br><em>* As informa\u00e7\u00f5es desta coluna s\u00e3o de inteira responsabilidade do autor e n\u00e3o do InvestNews e das institui\u00e7\u00f5es com as quais ele possui liga\u00e7\u00e3o.<\/em><\/p><ul class=\"wp-block-list\">\n<li><strong>Veja que s\u00e3o <a href=\"https:\/\/investnews.com.br\/guias\/asset-management\/\" target=\"_blank\" rel=\"noreferrer noopener\">assets<\/a> e como funciona?<\/strong><\/li>\n<\/ul>\n","protected":false},"excerpt":{"rendered":"<p>Documento antecipa as a\u00e7\u00f5es sustent\u00e1veis que todas as organiza\u00e7\u00f5es que acessam o mercado de capitais devem realizar para atender as quest\u00f5es regulat\u00f3rias.<\/p>\n","protected":false},"author":81,"featured_media":388731,"comment_status":"closed","ping_status":"open","sticky":false,"template":"","format":"standard","meta":{"_acf_changed":false,"inline_featured_image":false,"footnotes":""},"categories":[2063],"tags":[41,1673],"autor-wsj":[],"coauthors":[101344],"class_list":["post-534308","post","type-post","status-publish","format-standard","has-post-thumbnail","hentry","category-colunistas","tag-cvm","tag-esg"],"acf":[],"amp_enabled":true,"_links":{"self":[{"href":"https:\/\/investnews.com.br\/inv-api\/wp\/v2\/posts\/534308","targetHints":{"allow":["GET"]}}],"collection":[{"href":"https:\/\/investnews.com.br\/inv-api\/wp\/v2\/posts"}],"about":[{"href":"https:\/\/investnews.com.br\/inv-api\/wp\/v2\/types\/post"}],"author":[{"embeddable":true,"href":"https:\/\/investnews.com.br\/inv-api\/wp\/v2\/users\/81"}],"replies":[{"embeddable":true,"href":"https:\/\/investnews.com.br\/inv-api\/wp\/v2\/comments?post=534308"}],"version-history":[{"count":11,"href":"https:\/\/investnews.com.br\/inv-api\/wp\/v2\/posts\/534308\/revisions"}],"predecessor-version":[{"id":703385,"href":"https:\/\/investnews.com.br\/inv-api\/wp\/v2\/posts\/534308\/revisions\/703385"}],"wp:featuredmedia":[{"embeddable":true,"href":"https:\/\/investnews.com.br\/inv-api\/wp\/v2\/media\/388731"}],"wp:attachment":[{"href":"https:\/\/investnews.com.br\/inv-api\/wp\/v2\/media?parent=534308"}],"wp:term":[{"taxonomy":"category","embeddable":true,"href":"https:\/\/investnews.com.br\/inv-api\/wp\/v2\/categories?post=534308"},{"taxonomy":"post_tag","embeddable":true,"href":"https:\/\/investnews.com.br\/inv-api\/wp\/v2\/tags?post=534308"},{"taxonomy":"autor-wsj","embeddable":true,"href":"https:\/\/investnews.com.br\/inv-api\/wp\/v2\/autor-wsj?post=534308"},{"taxonomy":"author","embeddable":true,"href":"https:\/\/investnews.com.br\/inv-api\/wp\/v2\/coauthors?post=534308"}],"curies":[{"name":"wp","href":"https:\/\/api.w.org\/{rel}","templated":true}]}}