{"id":536067,"date":"2023-10-18T08:44:54","date_gmt":"2023-10-18T11:44:54","guid":{"rendered":"https:\/\/investnews.com.br\/?p=536067"},"modified":"2025-08-08T16:20:43","modified_gmt":"2025-08-08T19:20:43","slug":"stellantis-anuncia-producao-de-carros-hibridos-em-pernambuco-a-partir-de-2024","status":"publish","type":"post","link":"https:\/\/investnews.com.br\/negocios\/stellantis-anuncia-producao-de-carros-hibridos-em-pernambuco-a-partir-de-2024\/","title":{"rendered":"Stellantis anuncia produ\u00e7\u00e3o de carros h\u00edbridos em Pernambuco a partir de 2024"},"content":{"rendered":"<p>A Stellantis anunciou nesta ter\u00e7a-feira que planeja alocar em 2024 parte da sua produ\u00e7\u00e3o no polo automotivo de Goiana, no Estado de Pernambuco, para fabrica\u00e7\u00e3o de ve\u00edculos com tecnologia &#8220;bio-hybrid&#8221;, isto \u00e9, h\u00edbridos movidos a etanol.<\/p><p>&#8220;As novas tecnologias h\u00edbridas estar\u00e3o dispon\u00edveis j\u00e1 a partir do pr\u00f3ximo ano&#8221;, disse a montadora em comunicado.<\/p><p>Segundo a Stellantis, a produ\u00e7\u00e3o a partir do pr\u00f3ximo ano tamb\u00e9m incluir\u00e1 os ve\u00edculos 100% el\u00e9tricos a bateria desenvolvidos pela empresa no Brasil.<\/p><figure class=\"wp-block-image size-full\"><img loading=\"lazy\" decoding=\"async\" width=\"800\" height=\"535\" src=\"https:\/\/media.investnews.com.br\/uploads\/2023\/10\/2023-10-17T220619Z_1_LYNXMPEJ9G13R_RTROPTP_3_STELLANTIS-EFUELS.jpg\" alt=\"Sinal azul da Stellantis com logo branco. Caminh\u00e3o azul e c\u00e9u com nuvens ao fundo.\" class=\"wp-image-536068\" srcset=\"https:\/\/media.investnews.com.br\/uploads\/2023\/10\/2023-10-17T220619Z_1_LYNXMPEJ9G13R_RTROPTP_3_STELLANTIS-EFUELS.jpg 800w, https:\/\/media.investnews.com.br\/uploads\/2023\/10\/2023-10-17T220619Z_1_LYNXMPEJ9G13R_RTROPTP_3_STELLANTIS-EFUELS-300x201.jpg 300w, https:\/\/media.investnews.com.br\/uploads\/2023\/10\/2023-10-17T220619Z_1_LYNXMPEJ9G13R_RTROPTP_3_STELLANTIS-EFUELS-768x514.jpg 768w, https:\/\/media.investnews.com.br\/uploads\/2023\/10\/2023-10-17T220619Z_1_LYNXMPEJ9G13R_RTROPTP_3_STELLANTIS-EFUELS-172x115.jpg 172w, https:\/\/media.investnews.com.br\/uploads\/2023\/10\/2023-10-17T220619Z_1_LYNXMPEJ9G13R_RTROPTP_3_STELLANTIS-EFUELS-150x100.jpg 150w\" sizes=\"auto, (max-width: 800px) 100vw, 800px\" \/><figcaption class=\"wp-element-caption\">Placa na entrada da f\u00e1brica da Stellantis em Hordain, Fran\u00e7a\n07\/07\/2021\nREUTERS\/Pascal Rossignol<\/figcaption><\/figure><p>A iniciativa, segundo a montadora, faz parte de sua estrat\u00e9gia global de descarboniza\u00e7\u00e3o da mobilidade, que prev\u00ea descarboniza\u00e7\u00e3o total das opera\u00e7\u00f5es e produtos da empresa at\u00e9 2038, e redu\u00e7\u00e3o de 50% das emiss\u00f5es de CO2 at\u00e9 2030.<\/p><p>&#8220;Nossa prioridade \u00e9 descarbonizar a mobilidade, e queremos fazer isto de modo acess\u00edvel para o maior n\u00famero de consumidores, desenvolvendo tecnologias e componentes no Brasil&#8221;, disse o presidente da Stellantis para a Am\u00e9rica do Sul, Antonio Filosa, em nota.<\/p><p>A Stellantis prev\u00ea aumentar o n\u00famero de fornecedores de componentes e sistemas no entorno da f\u00e1brica de Goiana, de 38 para 50, no curto prazo.<\/p><p>&#8220;Ao longo dos pr\u00f3ximos anos, no horizonte do desenvolvimento da nova fam\u00edlia de ve\u00edculos h\u00edbridos e el\u00e9tricos, a cadeia de valor dever\u00e1 contar com 100 fornecedores instalados em Pernambuco&#8221;, acrescentou a Stellantis, que pretende avan\u00e7ar com a tecnologia de propuls\u00e3o h\u00edbrida, que combina motores t\u00e9rmicos com eletrifica\u00e7\u00e3o, em outros dois polos automotivos: Betim (MG) e Porto Real (RJ).<\/p>\n","protected":false},"excerpt":{"rendered":"<p>A produ\u00e7\u00e3o a partir do pr\u00f3ximo ano tamb\u00e9m incluir\u00e1 os ve\u00edculos 100% el\u00e9tricos a bateria desenvolvidos pela empresa no Brasil.<\/p>\n","protected":false},"author":37,"featured_media":536068,"comment_status":"closed","ping_status":"open","sticky":false,"template":"","format":"standard","meta":{"_acf_changed":false,"inline_featured_image":false,"footnotes":""},"categories":[6],"tags":[802],"autor-wsj":[],"coauthors":[2270],"class_list":["post-536067","post","type-post","status-publish","format-standard","has-post-thumbnail","hentry","category-negocios","tag-automoveis"],"acf":[],"amp_enabled":true,"_links":{"self":[{"href":"https:\/\/investnews.com.br\/inv-api\/wp\/v2\/posts\/536067","targetHints":{"allow":["GET"]}}],"collection":[{"href":"https:\/\/investnews.com.br\/inv-api\/wp\/v2\/posts"}],"about":[{"href":"https:\/\/investnews.com.br\/inv-api\/wp\/v2\/types\/post"}],"author":[{"embeddable":true,"href":"https:\/\/investnews.com.br\/inv-api\/wp\/v2\/users\/37"}],"replies":[{"embeddable":true,"href":"https:\/\/investnews.com.br\/inv-api\/wp\/v2\/comments?post=536067"}],"version-history":[{"count":5,"href":"https:\/\/investnews.com.br\/inv-api\/wp\/v2\/posts\/536067\/revisions"}],"predecessor-version":[{"id":703345,"href":"https:\/\/investnews.com.br\/inv-api\/wp\/v2\/posts\/536067\/revisions\/703345"}],"wp:featuredmedia":[{"embeddable":true,"href":"https:\/\/investnews.com.br\/inv-api\/wp\/v2\/media\/536068"}],"wp:attachment":[{"href":"https:\/\/investnews.com.br\/inv-api\/wp\/v2\/media?parent=536067"}],"wp:term":[{"taxonomy":"category","embeddable":true,"href":"https:\/\/investnews.com.br\/inv-api\/wp\/v2\/categories?post=536067"},{"taxonomy":"post_tag","embeddable":true,"href":"https:\/\/investnews.com.br\/inv-api\/wp\/v2\/tags?post=536067"},{"taxonomy":"autor-wsj","embeddable":true,"href":"https:\/\/investnews.com.br\/inv-api\/wp\/v2\/autor-wsj?post=536067"},{"taxonomy":"author","embeddable":true,"href":"https:\/\/investnews.com.br\/inv-api\/wp\/v2\/coauthors?post=536067"}],"curies":[{"name":"wp","href":"https:\/\/api.w.org\/{rel}","templated":true}]}}