{"id":537423,"date":"2023-10-25T06:15:00","date_gmt":"2023-10-25T09:15:00","guid":{"rendered":"https:\/\/investnews.com.br\/?p=537423"},"modified":"2024-06-24T21:28:13","modified_gmt":"2024-06-25T00:28:13","slug":"o-que-acontece-com-as-acoes-das-companhias-listadas-que-faliram","status":"publish","type":"post","link":"https:\/\/investnews.com.br\/financas\/o-que-acontece-com-as-acoes-das-companhias-listadas-que-faliram\/","title":{"rendered":"O que acontece com as a\u00e7\u00f5es das companhias listadas que faliram?"},"content":{"rendered":"\n<figure class=\"wp-block-embed\"><div class=\"wp-block-embed__wrapper\">\n<iframe loading=\"lazy\" title=\"SARAIVA PEDE FAL\u00caNCIA: O QUE ACONTECE COM QUEM TEM A\u00c7\u00d5ES DA EMPRESA?\" width=\"500\" height=\"281\" src=\"https:\/\/www.youtube.com\/embed\/nA1IWGB2oTw?feature=oembed\" frameborder=\"0\" allow=\"accelerometer; autoplay; clipboard-write; encrypted-media; gyroscope; picture-in-picture; web-share\" referrerpolicy=\"strict-origin-when-cross-origin\" allowfullscreen><\/iframe>\n<\/div><\/figure>\n\n\n\n<p>A <strong>Livraria Saraiva<\/strong> (<a href=\"https:\/\/investnews.com.br\/cotacao\/sled4-saraiva-livreiros-em-recuperacao-judicial\/\">SLED4<\/a>), com mais de 100 anos de hist\u00f3ria, entrou com um pedido de <a href=\"https:\/\/investnews.com.br\/negocios\/justica-de-sao-paulo-decreta-falencia-da-livraria-saraiva\/\">fal\u00eancia<\/a> na Justi\u00e7a, fato que deixou muitos daqueles que se simpatizam com a marca ou com o fato de ser menos uma livraria f\u00edsica acess\u00edvel, desapontados.<\/p>\n\n\n\n<p>Mas n\u00e3o obstante, tem ainda os investidores que apostavam nas a\u00e7\u00f5es da companhia. E a d\u00favida que fica, \u00e9: o que acontece agora com os acionistas da Saraiva? Eles t\u00eam direito a entrada na fila de credores? O que a lei diz a respeito?<\/p>\n\n\n\n<p>Veja neste Cafe\u00edna, apresentado por Dony De Nuccio.<\/p>\n\n\n\n<p><\/p>\n","protected":false},"excerpt":{"rendered":"<p>A livraria Saraiva, com mais de 100 anos de hist\u00f3ria, entrou com um pedido de fal\u00eancia. Entenda os direitos dos acionistas neste Cafe\u00edna. <\/p>\n","protected":false},"author":37,"featured_media":537427,"comment_status":"closed","ping_status":"open","sticky":false,"template":"","format":"video","meta":{"_acf_changed":false,"inline_featured_image":false,"footnotes":""},"categories":[4],"tags":[],"autor-wsj":[],"coauthors":[2270],"class_list":["post-537423","post","type-post","status-publish","format-video","has-post-thumbnail","hentry","category-financas","post_format-post-format-video"],"acf":[],"amp_enabled":true,"_links":{"self":[{"href":"https:\/\/investnews.com.br\/inv-api\/wp\/v2\/posts\/537423","targetHints":{"allow":["GET"]}}],"collection":[{"href":"https:\/\/investnews.com.br\/inv-api\/wp\/v2\/posts"}],"about":[{"href":"https:\/\/investnews.com.br\/inv-api\/wp\/v2\/types\/post"}],"author":[{"embeddable":true,"href":"https:\/\/investnews.com.br\/inv-api\/wp\/v2\/users\/37"}],"replies":[{"embeddable":true,"href":"https:\/\/investnews.com.br\/inv-api\/wp\/v2\/comments?post=537423"}],"version-history":[{"count":2,"href":"https:\/\/investnews.com.br\/inv-api\/wp\/v2\/posts\/537423\/revisions"}],"predecessor-version":[{"id":537429,"href":"https:\/\/investnews.com.br\/inv-api\/wp\/v2\/posts\/537423\/revisions\/537429"}],"wp:featuredmedia":[{"embeddable":true,"href":"https:\/\/investnews.com.br\/inv-api\/wp\/v2\/media\/537427"}],"wp:attachment":[{"href":"https:\/\/investnews.com.br\/inv-api\/wp\/v2\/media?parent=537423"}],"wp:term":[{"taxonomy":"category","embeddable":true,"href":"https:\/\/investnews.com.br\/inv-api\/wp\/v2\/categories?post=537423"},{"taxonomy":"post_tag","embeddable":true,"href":"https:\/\/investnews.com.br\/inv-api\/wp\/v2\/tags?post=537423"},{"taxonomy":"autor-wsj","embeddable":true,"href":"https:\/\/investnews.com.br\/inv-api\/wp\/v2\/autor-wsj?post=537423"},{"taxonomy":"author","embeddable":true,"href":"https:\/\/investnews.com.br\/inv-api\/wp\/v2\/coauthors?post=537423"}],"curies":[{"name":"wp","href":"https:\/\/api.w.org\/{rel}","templated":true}]}}