{"id":537732,"date":"2023-10-26T19:27:39","date_gmt":"2023-10-26T22:27:39","guid":{"rendered":"https:\/\/investnews.com.br\/?p=537732"},"modified":"2025-10-23T11:39:23","modified_gmt":"2025-10-23T14:39:23","slug":"ficou-sabendo-vale-aprova-r-10-bi-em-proventos-investimentos-da-weg","status":"publish","type":"post","link":"https:\/\/investnews.com.br\/economia\/ficou-sabendo-vale-aprova-r-10-bi-em-proventos-investimentos-da-weg\/","title":{"rendered":"Ficou sabendo? Vale aprova R$ 10 bi em proventos; investimentos da WEG"},"content":{"rendered":"\n<h2 class=\"wp-block-heading\">Vale aprova R$ 10 bi em&nbsp;proventos&nbsp;aos acionistas<\/h2>\n\n\n\n<p>&nbsp;O Conselho de Administra\u00e7\u00e3o da <strong>Vale<\/strong> <strong>&nbsp;<\/strong>(<a href=\"https:\/\/investnews.com.br\/cotacao\/vale3-vale\/\" target=\"_blank\" rel=\"noreferrer noopener\">VALE3<\/a>) aprovou nesta quinta-feira a distribui\u00e7\u00e3o de&nbsp;proventos&nbsp;aos acionistas de cerca de R$ 10 bilh\u00f5es, ou R$ 2,331661567 por a\u00e7\u00e3o, com base no lucro apurado no balan\u00e7o de 30 de setembro.<\/p>\n\n\n\n<p>Do montante total, referente \u00e0 antecipa\u00e7\u00e3o da destina\u00e7\u00e3o do resultado do exerc\u00edcio de 2023, 1,565890809 real por a\u00e7\u00e3o ser\u00e1 como <a href=\"https:\/\/investnews.com.br\/guias\/dividendos-o-que-sao-como-funcionam\/\">dividendos<\/a> e 0,765770758 real por a\u00e7\u00e3o como juros sobre o capital pr\u00f3prio, segundo informou a companhia em fato relevante ao mercado.<\/p>\n\n\n\n<figure class=\"wp-block-image size-full\"><img loading=\"lazy\" decoding=\"async\" width=\"2048\" height=\"1315\" src=\"https:\/\/media.investnews.com.br\/uploads\/2022\/01\/2022-01-19T173958Z_1_LYNXMPEI0I0VF_RTROPTP_4_MINERIO-PRODUCAO-VALE-scaled.jpg\" alt=\"vale\" class=\"wp-image-301276\" srcset=\"https:\/\/media.investnews.com.br\/uploads\/2022\/01\/2022-01-19T173958Z_1_LYNXMPEI0I0VF_RTROPTP_4_MINERIO-PRODUCAO-VALE-scaled.jpg 2048w, https:\/\/media.investnews.com.br\/uploads\/2022\/01\/2022-01-19T173958Z_1_LYNXMPEI0I0VF_RTROPTP_4_MINERIO-PRODUCAO-VALE-scaled-300x193.jpg 300w, https:\/\/media.investnews.com.br\/uploads\/2022\/01\/2022-01-19T173958Z_1_LYNXMPEI0I0VF_RTROPTP_4_MINERIO-PRODUCAO-VALE-scaled-1024x658.jpg 1024w, https:\/\/media.investnews.com.br\/uploads\/2022\/01\/2022-01-19T173958Z_1_LYNXMPEI0I0VF_RTROPTP_4_MINERIO-PRODUCAO-VALE-scaled-768x493.jpg 768w, https:\/\/media.investnews.com.br\/uploads\/2022\/01\/2022-01-19T173958Z_1_LYNXMPEI0I0VF_RTROPTP_4_MINERIO-PRODUCAO-VALE-scaled-1536x986.jpg 1536w, https:\/\/media.investnews.com.br\/uploads\/2022\/01\/2022-01-19T173958Z_1_LYNXMPEI0I0VF_RTROPTP_4_MINERIO-PRODUCAO-VALE-scaled-1256x806.jpg 1256w, https:\/\/media.investnews.com.br\/uploads\/2022\/01\/2022-01-19T173958Z_1_LYNXMPEI0I0VF_RTROPTP_4_MINERIO-PRODUCAO-VALE-scaled-172x110.jpg 172w, https:\/\/media.investnews.com.br\/uploads\/2022\/01\/2022-01-19T173958Z_1_LYNXMPEI0I0VF_RTROPTP_4_MINERIO-PRODUCAO-VALE-scaled-150x96.jpg 150w\" sizes=\"auto, (max-width: 2048px) 100vw, 2048px\" \/><figcaption class=\"wp-element-caption\">Logo da Vale na entrada da mina de Brucutu, em S\u00e3o Gon\u00e7alo do Rio Abaixo\n04\/02\/2019 REUTERS\/Washington Alves<\/figcaption><\/figure>\n\n\n\n<p>O pagamento da remunera\u00e7\u00e3o ocorrer\u00e1 em 1\u00ba de dezembro de 2023, adicionou a empresa.<\/p>\n\n\n\n<p>Uma das maiores produtoras globais de min\u00e9rio de ferro, a Vale tamb\u00e9m anunciou um novo programa de recompra que prev\u00ea a aquisi\u00e7\u00e3o de at\u00e9 150 milh\u00f5es de <a href=\"https:\/\/investnews.com.br\/guias\/acoes-ordinarias-e-preferenciais-entenda\/\">a\u00e7\u00f5es ordin\u00e1rias<\/a> e seus respectivos ADRs, representando cerca de 3,5% do n\u00famero de a\u00e7\u00f5es em circula\u00e7\u00e3o. O prazo de vig\u00eancia do novo programa \u00e9 de 18 meses.<\/p>\n\n\n\n<h2 class=\"wp-block-heading\">WEG&nbsp;n\u00e3o v\u00ea redu\u00e7\u00e3o de investimentos em 2024, diz executivo<\/h2>\n\n\n\n<p>A fabricante de motores e tintas industriais&nbsp;<strong>WEG<\/strong>&nbsp;(<a href=\"https:\/\/investnews.com.br\/cotacao\/wege3-weg\/\">WEGE3<\/a>) n\u00e3o espera que seus investimentos (<a href=\"https:\/\/investnews.com.br\/guias\/capex-e-opex\/\">capex<\/a>) sejam reduzidos em 2024 em rela\u00e7\u00e3o a 2023, disse um executivo nesta quinta-feira, observando que as previs\u00f5es positivas para a demanda devem ajudar a empresa a manter os aportes elevados.<\/p>\n\n\n\n<p>&#8220;Mais para o final do ano a gente vai poder passar um pouco mais em detalhe todas essas nossas expectativas e aonde a companhia est\u00e1 disposta a alocar mais capital para buscar crescimento&#8221;, disse o diretor financeiro, Andr\u00e9 Rodrigues, em teleconfer\u00eancia com analistas. &#8220;N\u00f3s estamos terminando nosso processo or\u00e7ament\u00e1rio e n\u00e3o estamos vendo uma redu\u00e7\u00e3o de capex para o pr\u00f3ximo ano.&#8221;<\/p>\n\n\n\n<p>A empresa havia dito anteriormente que esperava que o investimento este ano atingisse 1,6 bilh\u00e3o de reais.<\/p>\n\n\n\n<h2 class=\"wp-block-heading\">Klabin&nbsp;descarta reajustes expressivos de pre\u00e7os de papel no Brasil em 2024<\/h2>\n\n\n\n<p>A&nbsp;<strong>Klabin<\/strong>&nbsp;(<a href=\"https:\/\/investnews.com.br\/cotacao\/klbn11-klabin\/\">KLBN11<\/a>) n\u00e3o espera mudan\u00e7a significativa nos pre\u00e7os de celulose no mercado at\u00e9 o final deste ano, tampouco v\u00ea chance de reajustes expressivos de pre\u00e7os de papel no Brasil em 2024, afirmaram executivos da companhia nesta quinta-feira.<\/p>\n\n\n\n<p>Em teleconfer\u00eancia sobre o resultado do terceiro trimestre, eles acrescentaram que a companhia est\u00e1 trabalhando para elevar a exporta\u00e7\u00e3o de papel no pr\u00f3ximo ano para n\u00edveis pr\u00e9-pandemia, ap\u00f3s um primeiro semestre de 2023 &#8220;muito dif\u00edcil&#8221;.<\/p>\n\n\n\n<p><em>(*Com informa\u00e7\u00f5es da Reuters)<\/em><\/p>\n","protected":false},"excerpt":{"rendered":"<p>E mais: Klabin\u00a0descarta reajustes expressivos de pre\u00e7os de papel no Brasil em 2024.<\/p>\n","protected":false},"author":7,"featured_media":301276,"comment_status":"closed","ping_status":"open","sticky":false,"template":"","format":"standard","meta":{"_acf_changed":false,"inline_featured_image":false,"footnotes":""},"categories":[5],"tags":[596,208,110337],"autor-wsj":[],"coauthors":[1494],"class_list":["post-537732","post","type-post","status-publish","format-standard","has-post-thumbnail","hentry","category-economia","tag-klabin","tag-vale","tag-weg"],"acf":[],"amp_enabled":true,"_links":{"self":[{"href":"https:\/\/investnews.com.br\/inv-api\/wp\/v2\/posts\/537732","targetHints":{"allow":["GET"]}}],"collection":[{"href":"https:\/\/investnews.com.br\/inv-api\/wp\/v2\/posts"}],"about":[{"href":"https:\/\/investnews.com.br\/inv-api\/wp\/v2\/types\/post"}],"author":[{"embeddable":true,"href":"https:\/\/investnews.com.br\/inv-api\/wp\/v2\/users\/7"}],"replies":[{"embeddable":true,"href":"https:\/\/investnews.com.br\/inv-api\/wp\/v2\/comments?post=537732"}],"version-history":[{"count":14,"href":"https:\/\/investnews.com.br\/inv-api\/wp\/v2\/posts\/537732\/revisions"}],"predecessor-version":[{"id":537757,"href":"https:\/\/investnews.com.br\/inv-api\/wp\/v2\/posts\/537732\/revisions\/537757"}],"wp:featuredmedia":[{"embeddable":true,"href":"https:\/\/investnews.com.br\/inv-api\/wp\/v2\/media\/301276"}],"wp:attachment":[{"href":"https:\/\/investnews.com.br\/inv-api\/wp\/v2\/media?parent=537732"}],"wp:term":[{"taxonomy":"category","embeddable":true,"href":"https:\/\/investnews.com.br\/inv-api\/wp\/v2\/categories?post=537732"},{"taxonomy":"post_tag","embeddable":true,"href":"https:\/\/investnews.com.br\/inv-api\/wp\/v2\/tags?post=537732"},{"taxonomy":"autor-wsj","embeddable":true,"href":"https:\/\/investnews.com.br\/inv-api\/wp\/v2\/autor-wsj?post=537732"},{"taxonomy":"author","embeddable":true,"href":"https:\/\/investnews.com.br\/inv-api\/wp\/v2\/coauthors?post=537732"}],"curies":[{"name":"wp","href":"https:\/\/api.w.org\/{rel}","templated":true}]}}