{"id":538108,"date":"2023-10-30T12:23:03","date_gmt":"2023-10-30T15:23:03","guid":{"rendered":"https:\/\/investnews.com.br\/?p=538108"},"modified":"2023-10-30T12:23:05","modified_gmt":"2023-10-30T15:23:05","slug":"mudancas-na-populacao-atraem-foco-para-setores-de-saude-e-educacao","status":"publish","type":"post","link":"https:\/\/investnews.com.br\/economia\/mudancas-na-populacao-atraem-foco-para-setores-de-saude-e-educacao\/","title":{"rendered":"Mudan\u00e7as na popula\u00e7\u00e3o atraem foco para setores de sa\u00fade e educa\u00e7\u00e3o"},"content":{"rendered":"\n<p>O Brasil vive uma tend\u00eancia de ter cada vez <strong>mais mulheres <\/strong>e <strong>idosos<\/strong>, com os <strong>homens deixando de ser maioria <\/strong>ainda enquanto jovens. Esse cen\u00e1rio se reflete em desafios para a sociedade, em especial \u00e0 economia, diante das consequ\u00eancias no <strong>mercado de trabalho<\/strong> e nos setores de <strong>sa\u00fade <\/strong>e <strong>educa\u00e7\u00e3o<\/strong>.\u00a0<\/p>\n\n\n\n<p>Dados divulgados pelo Instituto Brasileiro de Geografia e Estat\u00edstica (<strong>IBGE)<\/strong> na \u00faltima sexta-feira (27) mostram que a idade mediana da popula\u00e7\u00e3o passou de 29 anos em 2010 para 35 anos em 2022, no maior salto de envelhecimento j\u00e1 registrado entre dois censos desde 1940. O pa\u00eds tamb\u00e9m \u00e9 mais <strong>feminino<\/strong>, com as mulheres passando a ser maioria a partir dos 24 anos.&nbsp;<\/p>\n\n\n\n<figure class=\"wp-block-image size-large\"><img loading=\"lazy\" decoding=\"async\" width=\"1024\" height=\"576\" src=\"https:\/\/media.investnews.com.br\/uploads\/2023\/07\/Destaque_1200x675_-1024x576.jpg\" alt=\"Caminhada de idosos no Rio de Janeiro em 2019 (Foto: Tomaz Silva\/Ag\u00eancia Brasil)\" class=\"wp-image-502243\" srcset=\"https:\/\/media.investnews.com.br\/uploads\/2023\/07\/Destaque_1200x675_-1024x576.jpg 1024w, https:\/\/media.investnews.com.br\/uploads\/2023\/07\/Destaque_1200x675_-300x169.jpg 300w, https:\/\/media.investnews.com.br\/uploads\/2023\/07\/Destaque_1200x675_-768x432.jpg 768w, https:\/\/media.investnews.com.br\/uploads\/2023\/07\/Destaque_1200x675_-172x97.jpg 172w, https:\/\/media.investnews.com.br\/uploads\/2023\/07\/Destaque_1200x675_-150x84.jpg 150w, https:\/\/media.investnews.com.br\/uploads\/2023\/07\/Destaque_1200x675_.jpg 1200w\" sizes=\"auto, (max-width: 1024px) 100vw, 1024px\" \/><figcaption class=\"wp-element-caption\">Caminhada de idosos no Rio de Janeiro em 2019 (Foto: Tomaz Silva\/Ag\u00eancia Brasil)<\/figcaption><\/figure>\n\n\n\n<p>O presidente do IBGE, <strong>Marcio Pochmann<\/strong>, lembra que o prop\u00f3sito dos censos \u00e9 exatamente sinalizar as altera\u00e7\u00f5es na din\u00e2mica produtiva para que as pol\u00edticas p\u00fablicas possam se adaptar \u00e0s mudan\u00e7as demogr\u00e1ficas. \u201cOs censos permitem registrar trajet\u00f3rias populacionais ao longo do tempo\u201d, destaca.&nbsp;<\/p>\n\n\n\n<p>Para Pochmann, enquanto os seis primeiros censos demogr\u00e1ficos (1872, 1890, 1900, 1920, 1940 e 1950) expressaram caracter\u00edsticas pertencentes da \u201clongeva e primitiva\u201d sociedade agr\u00e1ria; os dois \u00faltimos censos realizados (2010 e 2022) indicam a passagem da sociedade de servi\u00e7os sob os impactos do ingresso do Brasil na Era Digital.&nbsp;<\/p>\n\n\n\n<p>Embora o pa\u00eds tenha avan\u00e7ado em quest\u00f5es sociais, o que se reflete na expectativa de vida da popula\u00e7\u00e3o, o presidente do IBGE avalia que o debate sobre a Era Digital, que intensifica e estende a jornada de trabalho, precisa chegar ao Brasil \u201curgentemente\u201d. \u201cDo contr\u00e1rio, a desigualdade na reparti\u00e7\u00e3o do tempo de trabalho tende a aumentar mais\u201d, avalia.<\/p>\n\n\n\n<h2 class=\"wp-block-heading\">Desafios do mercado de trabalho<\/h2>\n\n\n\n<p>Pochmann se refere \u00e0 defesa da regula\u00e7\u00e3o do tempo de trabalho menor, como <strong>jornada de quatro dias por semana<\/strong>, que j\u00e1 tomam corpo em diversos pa\u00edses. No entanto, o assunto segue ao largo da agenda nacional, mas precisa entrar na pauta, tal qual outras op\u00e7\u00f5es, como a <strong>igualdade salarial<\/strong>.&nbsp;<\/p>\n\n\n\n<p>Por\u00e9m, a colunista do <em>InvestNews<\/em>, Liliane Rocha, ressalta que <a href=\"https:\/\/investnews.com.br\/colunistas\/esg-news\/inclusao-x-gap-salarial-uma-conta-que-nao-fecha\/\">o <em>gap salarial <\/em>\u00e9 uma conta dif\u00edcil de ser fechada<\/a>. Citando dados do pr\u00f3prio IBGE, a fundadora e CEO da Gest\u00e3o Kair\u00f3s observa que a diferen\u00e7a de remunera\u00e7\u00e3o entre homens e mulheres voltou a subir no Brasil, com elas recebendo quase 80% a menos do que eles, ainda que atuem no mesmo cargo.<\/p>\n\n\n\n<figure class=\"wp-block-image size-full\"><img loading=\"lazy\" decoding=\"async\" width=\"1024\" height=\"768\" src=\"https:\/\/media.investnews.com.br\/uploads\/2023\/04\/carteira-de-trabalho-digital_mcamgo_abr_240620211818-6.jpg\" alt=\"Carteira de trabalho digital. (Foto: Marcelo Camargo\/Ag\u00eancia Brasil)\" class=\"wp-image-468538\" srcset=\"https:\/\/media.investnews.com.br\/uploads\/2023\/04\/carteira-de-trabalho-digital_mcamgo_abr_240620211818-6.jpg 1024w, https:\/\/media.investnews.com.br\/uploads\/2023\/04\/carteira-de-trabalho-digital_mcamgo_abr_240620211818-6-300x225.jpg 300w, https:\/\/media.investnews.com.br\/uploads\/2023\/04\/carteira-de-trabalho-digital_mcamgo_abr_240620211818-6-768x576.jpg 768w, https:\/\/media.investnews.com.br\/uploads\/2023\/04\/carteira-de-trabalho-digital_mcamgo_abr_240620211818-6-172x129.jpg 172w, https:\/\/media.investnews.com.br\/uploads\/2023\/04\/carteira-de-trabalho-digital_mcamgo_abr_240620211818-6-150x113.jpg 150w\" sizes=\"auto, (max-width: 1024px) 100vw, 1024px\" \/><figcaption class=\"wp-element-caption\">Carteira de trabalho digital. (Foto: Marcelo Camargo\/Ag\u00eancia Brasil)<\/figcaption><\/figure>\n\n\n\n<p>\u201cA igualdade ou paridade salarial ainda s\u00e3o pontos que se perdem ao longo da gest\u00e3o de processos, e de forma sutil e inconsciente, a diferencia\u00e7\u00e3o segue persistente. No entanto, em algum momento estas informa\u00e7\u00f5es se perdem no caminho e se tornam desconhecidas pela alta lideran\u00e7a\u201d, escreve Liliane.<\/p>\n\n\n\n<p>Ela lembra que isso ocorre apesar de o governo brasileiro ter criado a lei 14.611, que visa reduzir a desigualdade social. Ou seja, n\u00e3o basta apenas o Brasil avan\u00e7ar em termos regulat\u00f3rios, as empresas tamb\u00e9m precisam colocar em pr\u00e1tica as iniciativas que visam se adequar ao novo cen\u00e1rio sobre a atividade econ\u00f4mica dom\u00e9stica.<\/p>\n\n\n\n<h2 class=\"wp-block-heading\">Sa\u00fade e educa\u00e7\u00e3o despontam<\/h2>\n\n\n\n<p>Afinal, a mortalidade masculina em jovens adultos \u00e9 a maior em todos os grupos et\u00e1rios, seja por viol\u00eancia ou acidentes, o que resulta em uma popula\u00e7\u00e3o sobrevivente de mulheres. Essa mudan\u00e7a no perfil et\u00e1rio e de g\u00eanero da popula\u00e7\u00e3o brasileira exige <strong>realoca\u00e7\u00e3o de recursos<\/strong> n\u00e3o apenas por parte do poder p\u00fablico, mas tamb\u00e9m das empresas privadas.&nbsp;<\/p>\n\n\n\n<p>Diante das novas tend\u00eancias, especialistas preveem o aumento da demanda por servi\u00e7os de sa\u00fade, especialmente entre mulheres e idosos. E j\u00e1 tem investidor de olho nessas perspectivas. Um deles \u00e9 o chileno, <a href=\"https:\/\/investnews.com.br\/negocios\/investidor-e-cientista-chileno-mira-em-ativos-ligados-a-saude-no-brasil\/\">Cristi\u00e1n Hern\u00e1ndez<\/a>, s\u00f3cio-fundador da Zentynel, um fundo de venture capital focado em biotecnologia na Am\u00e9rica Latina.<\/p>\n\n\n\n<blockquote class=\"wp-block-quote is-layout-flow wp-block-quote-is-layout-flow\">\n<p>\u201cA sa\u00fade \u00e9 um universo em si. O ramo \u00e9 enorme e as inova\u00e7\u00f5es na \u00e1rea podem ser aplicadas tanto em seres humanos quanto em animais e nas plantas\u201d<\/p>\n<cite>Cristi\u00e1n Hern\u00e1ndez, s\u00f3cio-fundador da Zentyne<\/cite><\/blockquote>\n\n\n\n<p><\/p>\n\n\n\n<p>Al\u00e9m disso, mais investimentos em educa\u00e7\u00e3o tamb\u00e9m s\u00e3o apontados como uma necessidade para elevar a produtividade.<\/p>\n\n\n\n<p>Nesse cen\u00e1rio, de um lado, o governo avan\u00e7ou nos \u00faltimos anos com a agenda de reformas, como a <strong>trabalhista<\/strong> e a da Previd\u00eancia. De outro, ainda \u00e9 necess\u00e1rio direcionar mais esfor\u00e7os para faixas et\u00e1rias mais altas, pensando na qualifica\u00e7\u00e3o profissional atrav\u00e9s dos ensinos integral e t\u00e9cnico, visando reduzir o gap de produtividade e at\u00e9 reinserir os idosos no mercado de trabalho.<\/p>\n\n\n\n<p>\u201cEstamos falando de justi\u00e7a social e de par\u00e2metros de governan\u00e7a empresarial, que \u00e9 composta por 4 pilares: transpar\u00eancia; equidade; presta\u00e7\u00e3o de contas (accountability) e a responsabilidade corporativa. Mas, certamente, estamos falando tamb\u00e9m de um mercado em crescimento e, claro, de retornos financeiros efetivos para as empresas\u201d, conclui a colunista do <em>InvestNews<\/em>.<\/p>\n","protected":false},"excerpt":{"rendered":"<p>IBGE mostra Brasil mais envelhecido e feminino, o que traz desafios \u00e0 economia, incluindo mercado de trabalho.<\/p>\n","protected":false},"author":108,"featured_media":502243,"comment_status":"closed","ping_status":"open","sticky":false,"template":"","format":"standard","meta":{"_acf_changed":false,"inline_featured_image":false,"footnotes":""},"categories":[5],"tags":[54,216,1114],"autor-wsj":[],"coauthors":[102429],"class_list":["post-538108","post","type-post","status-publish","format-standard","has-post-thumbnail","hentry","category-economia","tag-ibge","tag-mercado-de-trabalho","tag-saude"],"acf":[],"amp_enabled":true,"_links":{"self":[{"href":"https:\/\/investnews.com.br\/inv-api\/wp\/v2\/posts\/538108","targetHints":{"allow":["GET"]}}],"collection":[{"href":"https:\/\/investnews.com.br\/inv-api\/wp\/v2\/posts"}],"about":[{"href":"https:\/\/investnews.com.br\/inv-api\/wp\/v2\/types\/post"}],"author":[{"embeddable":true,"href":"https:\/\/investnews.com.br\/inv-api\/wp\/v2\/users\/108"}],"replies":[{"embeddable":true,"href":"https:\/\/investnews.com.br\/inv-api\/wp\/v2\/comments?post=538108"}],"version-history":[{"count":3,"href":"https:\/\/investnews.com.br\/inv-api\/wp\/v2\/posts\/538108\/revisions"}],"predecessor-version":[{"id":544089,"href":"https:\/\/investnews.com.br\/inv-api\/wp\/v2\/posts\/538108\/revisions\/544089"}],"wp:featuredmedia":[{"embeddable":true,"href":"https:\/\/investnews.com.br\/inv-api\/wp\/v2\/media\/502243"}],"wp:attachment":[{"href":"https:\/\/investnews.com.br\/inv-api\/wp\/v2\/media?parent=538108"}],"wp:term":[{"taxonomy":"category","embeddable":true,"href":"https:\/\/investnews.com.br\/inv-api\/wp\/v2\/categories?post=538108"},{"taxonomy":"post_tag","embeddable":true,"href":"https:\/\/investnews.com.br\/inv-api\/wp\/v2\/tags?post=538108"},{"taxonomy":"autor-wsj","embeddable":true,"href":"https:\/\/investnews.com.br\/inv-api\/wp\/v2\/autor-wsj?post=538108"},{"taxonomy":"author","embeddable":true,"href":"https:\/\/investnews.com.br\/inv-api\/wp\/v2\/coauthors?post=538108"}],"curies":[{"name":"wp","href":"https:\/\/api.w.org\/{rel}","templated":true}]}}