{"id":539728,"date":"2023-11-15T05:00:00","date_gmt":"2023-11-15T08:00:00","guid":{"rendered":"https:\/\/investnews.com.br\/?p=539728"},"modified":"2025-08-08T16:19:01","modified_gmt":"2025-08-08T19:19:01","slug":"do-filtro-solar-a-mesa-inflacao-do-calor-ja-impacta-bolso-do-brasileiro","status":"publish","type":"post","link":"https:\/\/investnews.com.br\/economia\/do-filtro-solar-a-mesa-inflacao-do-calor-ja-impacta-bolso-do-brasileiro\/","title":{"rendered":"Do filtro solar \u00e0 mesa: &#8216;infla\u00e7\u00e3o do calor&#8217; j\u00e1 impacta bolso do brasileiro"},"content":{"rendered":"<p>N\u00e3o \u00e9 apenas o corpo humano que vem sofrendo com a mais recente <strong>onda de calor<\/strong> no Brasil \u2013 a terceira s\u00f3 em 2023. As altas temperaturas que voltaram a castigar v\u00e1rios estados do pa\u00eds e o Distrito Federal (DF), desde a semana passada, causaram estragos tamb\u00e9m no <strong>bolso<\/strong> do consumidor.<\/p><figure class=\"wp-block-image size-large\"><img loading=\"lazy\" decoding=\"async\" width=\"1024\" height=\"660\" src=\"https:\/\/media.investnews.com.br\/uploads\/2023\/11\/2023-11-13T160248Z_1_LYNXMPEJAC0M5_RTROPTP_4_BRAZIL-WEATHER-1024x660.jpg\" alt=\"Praia lotada com guarda-s\u00f3is coloridos e muitas pessoas no mar e na areia.\" class=\"wp-image-539732\" srcset=\"https:\/\/media.investnews.com.br\/uploads\/2023\/11\/2023-11-13T160248Z_1_LYNXMPEJAC0M5_RTROPTP_4_BRAZIL-WEATHER-1024x660.jpg 1024w, https:\/\/media.investnews.com.br\/uploads\/2023\/11\/2023-11-13T160248Z_1_LYNXMPEJAC0M5_RTROPTP_4_BRAZIL-WEATHER-300x193.jpg 300w, https:\/\/media.investnews.com.br\/uploads\/2023\/11\/2023-11-13T160248Z_1_LYNXMPEJAC0M5_RTROPTP_4_BRAZIL-WEATHER-768x495.jpg 768w, https:\/\/media.investnews.com.br\/uploads\/2023\/11\/2023-11-13T160248Z_1_LYNXMPEJAC0M5_RTROPTP_4_BRAZIL-WEATHER-1536x990.jpg 1536w, https:\/\/media.investnews.com.br\/uploads\/2023\/11\/2023-11-13T160248Z_1_LYNXMPEJAC0M5_RTROPTP_4_BRAZIL-WEATHER-1256x810.jpg 1256w, https:\/\/media.investnews.com.br\/uploads\/2023\/11\/2023-11-13T160248Z_1_LYNXMPEJAC0M5_RTROPTP_4_BRAZIL-WEATHER-172x111.jpg 172w, https:\/\/media.investnews.com.br\/uploads\/2023\/11\/2023-11-13T160248Z_1_LYNXMPEJAC0M5_RTROPTP_4_BRAZIL-WEATHER-150x97.jpg 150w, https:\/\/media.investnews.com.br\/uploads\/2023\/11\/2023-11-13T160248Z_1_LYNXMPEJAC0M5_RTROPTP_4_BRAZIL-WEATHER.jpg 2048w\" sizes=\"auto, (max-width: 1024px) 100vw, 1024px\" \/><figcaption class=\"wp-element-caption\">Praia de Ipanema lotada durante onda de calor no Rio de Janeiro\n12\/11\/2023\nREUTERS\/Ricardo Moraes<\/figcaption><\/figure><p>A boa not\u00edcia \u00e9 que o clima deve dar um refresco at\u00e9 sexta-feira (17). A m\u00e1 \u00e9 que o al\u00edvio nos pre\u00e7os deve demorar. O impacto negativo da onda de calor na produ\u00e7\u00e3o de <strong>alimentos<\/strong> dificulta a colheita e at\u00e9 a reprodu\u00e7\u00e3o de animais \u2013 o que afeta uma ampla oferta de produtos que saem das lavouras e dos campos em dire\u00e7\u00e3o \u00e0 mesa dos brasileiros.<\/p><blockquote class=\"wp-block-quote is-layout-flow wp-block-quote-is-layout-flow\">\n<p>\u201cJ\u00e1 \u00e9 poss\u00edvel ver o reflexo desse problema na leitura dos \u00edndices de pre\u00e7os ao consumidor. A d\u00favida \u00e9 se o El Ni\u00f1o vai impactar na mesma magnitude da onda de calor\u201d.<\/p>\n<cite>Matheus Pe\u00e7anha, economista da FGV\/Ibre.\u00a0<\/cite><\/blockquote><p><\/p><p>Enquanto o impacto do chamado <strong>El Ni\u00f1o <\/strong>nos term\u00f4metros j\u00e1 vem sendo percebido desde junho, o efeito na infla\u00e7\u00e3o est\u00e1 s\u00f3 come\u00e7ando. Para piorar, o pico deste fen\u00f4meno clim\u00e1tico, geralmente associado ao aumento das temperaturas globais, come\u00e7ou em outubro e s\u00f3 deve perder for\u00e7a em junho de 2024, englobando o ver\u00e3o e o outono brasileiros.\u00a0<\/p><h2 class=\"wp-block-heading\"><strong>\u201cInfla\u00e7\u00e3o do calor\u201d<\/strong><\/h2><p>Atualmente, o pre\u00e7o dos alimentos j\u00e1 est\u00e1 cerca de 10% acima da m\u00e9dia dos \u00faltimos cinco anos, segundo estimativas oficiais de organiza\u00e7\u00f5es internacionais. Portanto, a \u201cinfla\u00e7\u00e3o do calor\u201d j\u00e1 est\u00e1 sendo sentida no mundo todo.<\/p><p>Por\u00e9m, nos chamados IPCs (\u00cdndice de Pre\u00e7os ao Consumidor) apenas no m\u00eas passado \u00e9 que come\u00e7ou-se a registrar o fim da <a href=\"https:\/\/investnews.com.br\/guias\/deflacao\/\">defla\u00e7\u00e3o<\/a> dos <strong>alimentos <\/strong>por aqui. No caso do indicador calculado pela FGV, o grupo &#8220;alimenta\u00e7\u00e3o&#8221; saiu de uma queda de 0,64% ao final de setembro para uma ligeira alta de 0,05% em outubro.\u00a0<\/p><figure class=\"wp-block-image size-large\"><img loading=\"lazy\" decoding=\"async\" width=\"1024\" height=\"670\" src=\"https:\/\/media.investnews.com.br\/uploads\/2023\/11\/2023-11-09T124527Z_2_LYNXMPEJA80FK_RTROPTP_4_GRANOS-BRASIL-SIEMBRA-1024x670.jpg\" alt=\"Vasto campo verde de plantas sob c\u00e9u azul com muitas nuvens brancas, com \u00e1rvores distantes no horizonte.\" class=\"wp-image-539734\" srcset=\"https:\/\/media.investnews.com.br\/uploads\/2023\/11\/2023-11-09T124527Z_2_LYNXMPEJA80FK_RTROPTP_4_GRANOS-BRASIL-SIEMBRA-1024x670.jpg 1024w, https:\/\/media.investnews.com.br\/uploads\/2023\/11\/2023-11-09T124527Z_2_LYNXMPEJA80FK_RTROPTP_4_GRANOS-BRASIL-SIEMBRA-300x196.jpg 300w, https:\/\/media.investnews.com.br\/uploads\/2023\/11\/2023-11-09T124527Z_2_LYNXMPEJA80FK_RTROPTP_4_GRANOS-BRASIL-SIEMBRA-768x503.jpg 768w, https:\/\/media.investnews.com.br\/uploads\/2023\/11\/2023-11-09T124527Z_2_LYNXMPEJA80FK_RTROPTP_4_GRANOS-BRASIL-SIEMBRA-1536x1005.jpg 1536w, https:\/\/media.investnews.com.br\/uploads\/2023\/11\/2023-11-09T124527Z_2_LYNXMPEJA80FK_RTROPTP_4_GRANOS-BRASIL-SIEMBRA-1256x822.jpg 1256w, https:\/\/media.investnews.com.br\/uploads\/2023\/11\/2023-11-09T124527Z_2_LYNXMPEJA80FK_RTROPTP_4_GRANOS-BRASIL-SIEMBRA-172x113.jpg 172w, https:\/\/media.investnews.com.br\/uploads\/2023\/11\/2023-11-09T124527Z_2_LYNXMPEJA80FK_RTROPTP_4_GRANOS-BRASIL-SIEMBRA-191x125.jpg 191w, https:\/\/media.investnews.com.br\/uploads\/2023\/11\/2023-11-09T124527Z_2_LYNXMPEJA80FK_RTROPTP_4_GRANOS-BRASIL-SIEMBRA-150x98.jpg 150w, https:\/\/media.investnews.com.br\/uploads\/2023\/11\/2023-11-09T124527Z_2_LYNXMPEJA80FK_RTROPTP_4_GRANOS-BRASIL-SIEMBRA.jpg 2048w\" sizes=\"auto, (max-width: 1024px) 100vw, 1024px\" \/><figcaption class=\"wp-element-caption\">Planta\u00e7\u00e3o de soja em Barreiras, Bahia. REUTERS\/Roberto Samora<\/figcaption><\/figure><p>J\u00e1 no \u00cdndice de Pre\u00e7os ao Consumidor Amplo (<strong><a href=\"https:\/\/investnews.com.br\/guias\/o-que-e-ipca\/\">IPCA<\/a><\/strong>),<strong> <\/strong>do IBGE, esta classe de despesas passou de varia\u00e7\u00e3o negativa de 0,71% para positiva em 0,31% no mesmo per\u00edodo, ap\u00f3s quatro quedas consecutivas. \u201cFoi a primeira alta ap\u00f3s meses de defla\u00e7\u00e3o do grupo alimenta\u00e7\u00e3o, que vinha segurando o \u00edndice cheio ao longo do ano\u201d, destaca o economista Andr\u00e9 Perfeito.<\/p><h2 class=\"wp-block-heading\"><strong>Bolso \u00e9 a parte mais sens\u00edvel<\/strong><\/h2><p>Com isso, enquanto especialistas do <strong><a href=\"https:\/\/investnews.com.br\/guias\/como-funciona-o-mercado-financeiro\/\">mercado financeiro<\/a><\/strong> refazem as contas para a previs\u00e3o da infla\u00e7\u00e3o oficial ao consumidor ao final de 2023, os consumidores est\u00e3o mais atentos aos itens que podem pesar no or\u00e7amento. At\u00e9 porque o maior consumo de luz e de \u00e1gua devem encarecer as contas mensais.\u00a0\u00a0<\/p><p>Na medi\u00e7\u00e3o mais recente da FGV, referente \u00e0 primeira pr\u00e9via de novembro, destaque para o comportamento do item <strong>hortali\u00e7as e legumes<\/strong>, cujo pre\u00e7o variou 4,79% ante 0,88% na edi\u00e7\u00e3o anterior do IPC-S. O economista da institui\u00e7\u00e3o chama a aten\u00e7\u00e3o para a alta da <strong>batata-inglesa<\/strong>, <strong>cebola<\/strong>, <strong>tomate <\/strong>e <strong>ovos<\/strong>, al\u00e9m de \u201cfrutas suculentas\u201d, como <strong>laranja<\/strong> e <strong>lim\u00e3o<\/strong>.<\/p><blockquote class=\"wp-block-quote is-layout-flow wp-block-quote-is-layout-flow\">\n<p>\u201cO impacto est\u00e1 bem concentrado no grupo alimentos, principalmente em domic\u00edlio, mas a demanda tamb\u00e9m aumenta para itens fora, como sucos, a\u00e7a\u00ed e sorvete\u201d.<\/p>\n<cite> Pe\u00e7anha, da FGV\/Ibre.\u00a0<\/cite><\/blockquote><p><\/p><p>Al\u00e9m disso, o economista tamb\u00e9m atenta para o aumento da procura por artigos de <strong>higiene e cuidado pessoal<\/strong>, o que tamb\u00e9m pressiona a varia\u00e7\u00e3o do grupo relacionado a itens de sa\u00fade. Segundo ele, o principal destaque fica com o <strong>filtro solar<\/strong>. <strong>\u00a0<\/strong><\/p><p>Ou seja, para evitar riscos \u00e0 sa\u00fade em meio aos cuidados f\u00edsicos necess\u00e1rios, o al\u00edvio para se proteger da onda de calor pode incomodar a parte mais sens\u00edvel do ser humano, como dizia Delfim Netto: o <strong>bolso<\/strong>.<\/p>\n","protected":false},"excerpt":{"rendered":"<p>Fen\u00f4meno de altas temperaturas ocorre pela terceira vez no ano e j\u00e1 pressiona pre\u00e7os no curto prazo.<\/p>\n","protected":false},"author":108,"featured_media":539732,"comment_status":"closed","ping_status":"open","sticky":false,"template":"","format":"standard","meta":{"_acf_changed":false,"inline_featured_image":false,"footnotes":""},"categories":[5],"tags":[52],"autor-wsj":[],"coauthors":[102429],"class_list":["post-539728","post","type-post","status-publish","format-standard","has-post-thumbnail","hentry","category-economia","tag-inflacao"],"acf":[],"amp_enabled":true,"_links":{"self":[{"href":"https:\/\/investnews.com.br\/inv-api\/wp\/v2\/posts\/539728","targetHints":{"allow":["GET"]}}],"collection":[{"href":"https:\/\/investnews.com.br\/inv-api\/wp\/v2\/posts"}],"about":[{"href":"https:\/\/investnews.com.br\/inv-api\/wp\/v2\/types\/post"}],"author":[{"embeddable":true,"href":"https:\/\/investnews.com.br\/inv-api\/wp\/v2\/users\/108"}],"replies":[{"embeddable":true,"href":"https:\/\/investnews.com.br\/inv-api\/wp\/v2\/comments?post=539728"}],"version-history":[{"count":11,"href":"https:\/\/investnews.com.br\/inv-api\/wp\/v2\/posts\/539728\/revisions"}],"predecessor-version":[{"id":703247,"href":"https:\/\/investnews.com.br\/inv-api\/wp\/v2\/posts\/539728\/revisions\/703247"}],"wp:featuredmedia":[{"embeddable":true,"href":"https:\/\/investnews.com.br\/inv-api\/wp\/v2\/media\/539732"}],"wp:attachment":[{"href":"https:\/\/investnews.com.br\/inv-api\/wp\/v2\/media?parent=539728"}],"wp:term":[{"taxonomy":"category","embeddable":true,"href":"https:\/\/investnews.com.br\/inv-api\/wp\/v2\/categories?post=539728"},{"taxonomy":"post_tag","embeddable":true,"href":"https:\/\/investnews.com.br\/inv-api\/wp\/v2\/tags?post=539728"},{"taxonomy":"autor-wsj","embeddable":true,"href":"https:\/\/investnews.com.br\/inv-api\/wp\/v2\/autor-wsj?post=539728"},{"taxonomy":"author","embeddable":true,"href":"https:\/\/investnews.com.br\/inv-api\/wp\/v2\/coauthors?post=539728"}],"curies":[{"name":"wp","href":"https:\/\/api.w.org\/{rel}","templated":true}]}}