{"id":542093,"date":"2023-12-01T05:00:00","date_gmt":"2023-12-01T08:00:00","guid":{"rendered":"https:\/\/investnews.com.br\/?p=542093"},"modified":"2025-08-08T16:18:16","modified_gmt":"2025-08-08T19:18:16","slug":"brasil-assume-g20-com-agenda-esvaziada-questao-ambiental-deve-unir-grupo","status":"publish","type":"post","link":"https:\/\/investnews.com.br\/economia\/brasil-assume-g20-com-agenda-esvaziada-questao-ambiental-deve-unir-grupo\/","title":{"rendered":"Brasil assume G20 com agenda esvaziada; quest\u00e3o ambiental deve unir grupo"},"content":{"rendered":"<p>O Brasil assume a presid\u00eancia do <strong>G20 <\/strong>a partir desta sexta-feira (1), a qual ocupar\u00e1 pelo per\u00edodo de um ano. Ao longo dos pr\u00f3ximos meses, o pa\u00eds ficar\u00e1 respons\u00e1vel por organizar reuni\u00f5es tem\u00e1ticas e setoriais do grupo \u2013 formado por 19 na\u00e7\u00f5es, al\u00e9m da Uni\u00e3o Africana e da Uni\u00e3o Europeia (UE), que juntos correspondem a 85% da economia mundial.\u00a0<\/p><p>No entanto, o risco \u00e9 de uma agenda global esvaziada. Isso porque a disputa geopol\u00edtica entre <strong>Estados Unidos<\/strong> e <strong>China<\/strong>, que parece dividir o mundo novamente em dois p\u00f3los, reduz a chance de v\u00e1rios atores internacionais andarem lado a lado &#8211; mesmo que seja por um caminho do meio.\u00a0<\/p><figure class=\"wp-block-image size-large\"><img loading=\"lazy\" decoding=\"async\" width=\"1024\" height=\"683\" src=\"https:\/\/media.investnews.com.br\/uploads\/2023\/11\/2023-11-27T214623Z_1_LYNXMPEJAQ0RS_RTROPTP_4_G20-SUMMIT-BRAZIL-1024x683.jpg\" alt=\"Lula conversa de perto com um homem em reuni\u00e3o governamental. V\u00e1rias autoridades est\u00e3o sentadas \u00e0 mesa.\" class=\"wp-image-542113\" srcset=\"https:\/\/media.investnews.com.br\/uploads\/2023\/11\/2023-11-27T214623Z_1_LYNXMPEJAQ0RS_RTROPTP_4_G20-SUMMIT-BRAZIL-1024x683.jpg 1024w, https:\/\/media.investnews.com.br\/uploads\/2023\/11\/2023-11-27T214623Z_1_LYNXMPEJAQ0RS_RTROPTP_4_G20-SUMMIT-BRAZIL-300x200.jpg 300w, https:\/\/media.investnews.com.br\/uploads\/2023\/11\/2023-11-27T214623Z_1_LYNXMPEJAQ0RS_RTROPTP_4_G20-SUMMIT-BRAZIL-768x512.jpg 768w, https:\/\/media.investnews.com.br\/uploads\/2023\/11\/2023-11-27T214623Z_1_LYNXMPEJAQ0RS_RTROPTP_4_G20-SUMMIT-BRAZIL-1536x1025.jpg 1536w, https:\/\/media.investnews.com.br\/uploads\/2023\/11\/2023-11-27T214623Z_1_LYNXMPEJAQ0RS_RTROPTP_4_G20-SUMMIT-BRAZIL-1256x838.jpg 1256w, https:\/\/media.investnews.com.br\/uploads\/2023\/11\/2023-11-27T214623Z_1_LYNXMPEJAQ0RS_RTROPTP_4_G20-SUMMIT-BRAZIL-172x115.jpg 172w, https:\/\/media.investnews.com.br\/uploads\/2023\/11\/2023-11-27T214623Z_1_LYNXMPEJAQ0RS_RTROPTP_4_G20-SUMMIT-BRAZIL-150x100.jpg 150w, https:\/\/media.investnews.com.br\/uploads\/2023\/11\/2023-11-27T214623Z_1_LYNXMPEJAQ0RS_RTROPTP_4_G20-SUMMIT-BRAZIL.jpg 2048w\" sizes=\"auto, (max-width: 1024px) 100vw, 1024px\" \/><figcaption class=\"wp-element-caption\">Presidente Lula durante instala\u00e7\u00e3o da Comiss\u00e3o Nacional do G20, no Pal\u00e1cio do Planalto\n23\/11\/2023\nREUTERS\/Ueslei Marcelino<\/figcaption><\/figure><p>Ainda mais diante das <a href=\"https:\/\/investnews.com.br\/economia\/lula-prioriza-cupula-do-brics-sob-risco-de-atrasar-arcabouco-fiscal\/\">investidas do presidente<\/a> Luiz In\u00e1cio <strong>Lula<\/strong> da Silva em refor\u00e7ar a proposta de \u201ccriar\u201d o <strong>Sul Global<\/strong> e da recente amplia\u00e7\u00e3o do <strong>Brics<\/strong>. A partir de janeiro de 2024, o bloco contar\u00e1 com seis novos pa\u00edses, que se juntam a Brasil, R\u00fassia, \u00cdndia, China e \u00c1frica do Sul.\u00a0<\/p><blockquote class=\"wp-block-quote is-layout-flow wp-block-quote-is-layout-flow\">\n<p>\u201cA retomada do protagonismo internacional brasileiro traz maior expressividade para as vozes dos pa\u00edses perif\u00e9ricos e, qui\u00e7\u00e1, contribua para ampliar a margem de negocia\u00e7\u00e3o dos pa\u00edses do Sul Global com os do Norte Global\u201d.<\/p>\n<cite>Observat\u00f3rio de Pol\u00edtica Externa e Inser\u00e7\u00e3o Internacional do Brasil (Opeb) da Universidade Federal do ABC, em artigo recente.<\/cite><\/blockquote><p><\/p><p>\u00c9 a primeira vez que a chamada \u201ctroika\u201d do G20 \u2013 composta pelo pa\u00eds que preside atualmente, o anterior e o pr\u00f3ximo \u2013 \u00e9 formada por na\u00e7\u00f5es em desenvolvimento. Assim, a agenda do G20 ser\u00e1 decidida e implementada pelo governo brasileiro, com apoio da <strong>\u00cdndia<\/strong>, \u00faltima ocupante da presid\u00eancia, e da <strong>\u00c1frica do Sul<\/strong>, que assume o mandato em 2025.\u00a0<\/p><p>Ou seja, a janela de oportunidade para o Sul Global estar\u00e1 aberta por mais dois anos, com perman\u00eancia garantida at\u00e9 l\u00e1. Vale lembrar que o termo vai al\u00e9m da dimens\u00e3o territorial e inclui tanto pa\u00edses emergentes mais pobres quanto mais ricos, que t\u00eam em comum a ocupa\u00e7\u00e3o e explora\u00e7\u00e3o por pot\u00eancias estrangeiras.\u00a0<\/p><h2 class=\"wp-block-heading\"><strong>Clima comum<\/strong><\/h2><p>A quest\u00e3o ambiental deve ser um dos poucos denominadores comuns entre os principais pa\u00edses \u2013 seja do Brics, do Sul Global ou desenvolvidos. O tema \u00e9 central na 28\u00ba Confer\u00eancia das Na\u00e7\u00f5es Unidas sobre as Mudan\u00e7as Clim\u00e1ticas, a COP 28, iniciada nesta quinta-feira (30) em Dubai, nos Emirados \u00c1rabes Unidos, onde acontece at\u00e9 o pr\u00f3ximo dia 12.<\/p><p>Por\u00e9m, ao assumir o papel de l\u00edder do G20 a partir deste m\u00eas sob o lema \u201cConstruindo um mundo mais justo e um planeta sustent\u00e1vel\u201d, o Brasil real\u00e7a a import\u00e2ncia de uma a\u00e7\u00e3o coletiva para combater a crise clim\u00e1tica. Ali\u00e1s, o assunto tem sido recorrente em discursos oficiais do pa\u00eds em eventos internacionais.\u00a0<\/p><figure class=\"wp-block-image size-large\"><img loading=\"lazy\" decoding=\"async\" width=\"1024\" height=\"683\" src=\"https:\/\/media.investnews.com.br\/uploads\/2023\/11\/2023-11-23T130625Z_1_LYNXMPEJAM09F_RTROPTP_4_ARGENTINA-ELECTION-MERCOSUR-BRAZIL-1024x683.jpg\" alt=\"Presidente Lula da Silva, de terno, olhando para baixo, com a bandeira do Brasil ao fundo.\" class=\"wp-image-542118\" srcset=\"https:\/\/media.investnews.com.br\/uploads\/2023\/11\/2023-11-23T130625Z_1_LYNXMPEJAM09F_RTROPTP_4_ARGENTINA-ELECTION-MERCOSUR-BRAZIL-1024x683.jpg 1024w, https:\/\/media.investnews.com.br\/uploads\/2023\/11\/2023-11-23T130625Z_1_LYNXMPEJAM09F_RTROPTP_4_ARGENTINA-ELECTION-MERCOSUR-BRAZIL-300x200.jpg 300w, https:\/\/media.investnews.com.br\/uploads\/2023\/11\/2023-11-23T130625Z_1_LYNXMPEJAM09F_RTROPTP_4_ARGENTINA-ELECTION-MERCOSUR-BRAZIL-768x512.jpg 768w, https:\/\/media.investnews.com.br\/uploads\/2023\/11\/2023-11-23T130625Z_1_LYNXMPEJAM09F_RTROPTP_4_ARGENTINA-ELECTION-MERCOSUR-BRAZIL-1536x1025.jpg 1536w, https:\/\/media.investnews.com.br\/uploads\/2023\/11\/2023-11-23T130625Z_1_LYNXMPEJAM09F_RTROPTP_4_ARGENTINA-ELECTION-MERCOSUR-BRAZIL-1256x838.jpg 1256w, https:\/\/media.investnews.com.br\/uploads\/2023\/11\/2023-11-23T130625Z_1_LYNXMPEJAM09F_RTROPTP_4_ARGENTINA-ELECTION-MERCOSUR-BRAZIL-172x115.jpg 172w, https:\/\/media.investnews.com.br\/uploads\/2023\/11\/2023-11-23T130625Z_1_LYNXMPEJAM09F_RTROPTP_4_ARGENTINA-ELECTION-MERCOSUR-BRAZIL-150x100.jpg 150w, https:\/\/media.investnews.com.br\/uploads\/2023\/11\/2023-11-23T130625Z_1_LYNXMPEJAM09F_RTROPTP_4_ARGENTINA-ELECTION-MERCOSUR-BRAZIL.jpg 2048w\" sizes=\"auto, (max-width: 1024px) 100vw, 1024px\" \/><figcaption class=\"wp-element-caption\">Presidente Luiz In\u00e1cio Lula da Silva em Bras\u00edlia\n01\/11\/2023\nREUTERS\/Adriano Machado\/File Photo<\/figcaption><\/figure><p>Na Assembleia-geral da Organiza\u00e7\u00e3o das Na\u00e7\u00f5es Unidas (ONU), em setembro, o presidente Lula ressaltou a necessidade de medidas pr\u00e1ticas contra as mudan\u00e7as clim\u00e1ticas, como a transi\u00e7\u00e3o energ\u00e9tica e a bioeconomia, enfatizando tamb\u00e9m a responsabilidade dos pa\u00edses ricos, em especial do G20, nesses problemas.\u00a0<\/p><p>Estimativas recentes apontam que, combinados, os pa\u00edses do G20 correspondem a aproximadamente 70% das emiss\u00f5es globais de gases de efeito estufa (GEE). Por isso, acordos de coopera\u00e7\u00e3o econ\u00f4mica internacional feitos em f\u00f3runs do grupo t\u00eam potencial significativo para ajudar a alcan\u00e7ar as metas previstas no Acordo de Paris.<\/p><h2 class=\"wp-block-heading\"><strong>Multilateralismo<\/strong><\/h2><p>Da\u00ed porque o Brasil tamb\u00e9m tem valorizado a ideia de <strong>multilateralismo<\/strong>. Segundo o Opeb, formado por docentes e discentes de gradua\u00e7\u00e3o e p\u00f3s-gradua\u00e7\u00e3o em Rela\u00e7\u00f5es Internacionais e \u00e1reas afins da UFABC, na vis\u00e3o de Lula, um mundo multipolar vai al\u00e9m da ONU e \u00e9 \u201conde o poder e a influ\u00eancia s\u00e3o compartilhados entre v\u00e1rias na\u00e7\u00f5es\u201d.\u00a0<\/p><p>Em evento na semana passada para a comiss\u00e3o nacional do G20, o ministro da Fazenda, Fernando Haddad, falou que \u00e9 preciso recuperar o multilateralismo e a perspectiva de integra\u00e7\u00e3o entre as na\u00e7\u00f5es. \u201cPor uma nova globaliza\u00e7\u00e3o socioambiental\u201d, disse, na ocasi\u00e3o.<\/p><p>Na avalia\u00e7\u00e3o de Haddad, o Brasil tem a oportunidade de pautar a economia mundial nos pr\u00f3ximos 12 meses, atendendo aos interesses do Brasil, da Am\u00e9rica Latina e do Sul Global. \u201c\u00c9 a nossa chance de botar a m\u00e3o na massa e usar essa oportunidade para avan\u00e7ar nossa vis\u00e3o de um mundo mais integrado\u201d, destacou o ministro.<\/p><p>Essa vis\u00e3o do governo federal pode significar maior apoio ao projeto de reforma no Conselho de Seguran\u00e7a da ONU. Trata-se de uma demanda de longa data da diplomacia nacional, que visa a inclus\u00e3o do Brasil como membro permanente com poder de veto.\u00a0<\/p><p>Ainda segundo o Observat\u00f3rio da Universidade Federal do ABC, a inten\u00e7\u00e3o do Brasil \u00e9 tornar o CS das Na\u00e7\u00f5es Unidas \u201cmais democr\u00e1tico, representativo e eficiente\u201d, como forma de contornar falhas de atua\u00e7\u00e3o do \u00f3rg\u00e3o que carece de representa\u00e7\u00e3o geogr\u00e1fica.\u00a0<\/p><ul class=\"wp-block-list\">\n<li><strong><em>Voc\u00ea sabe quem \u00e9 <\/em><\/strong><a href=\"https:\/\/investnews.com.br\/perfis\/fernando-haddad\/\" target=\"_blank\" rel=\"noreferrer noopener\">Fernando Haddad<\/a><strong><em>? Conhe\u00e7a sua forma\u00e7\u00e3o, cargos anteriores e mais<\/em><\/strong><\/li>\n<\/ul><h2 class=\"wp-block-heading\"><strong>Agenda<\/strong><\/h2><p>O mandato brasileiro no G20 come\u00e7a a partir de 1\u00ba de dezembro de 2023 e vai at\u00e9 30 de novembro de 2024. No per\u00edodo, o pa\u00eds deve organizar mais de 100 reuni\u00f5es oficiais, que incluem cerca de 20 encontros ministeriais, 50 de alto n\u00edvel e demais eventos paralelos.<\/p><p>As primeiras reuni\u00f5es ter\u00e3o in\u00edcio j\u00e1 nos pr\u00f3ximos dias, em Bras\u00edlia, no Pal\u00e1cio do Itamaraty. Depois, somente em janeiro e fevereiro do ano que vem, ser\u00e3o realizadas 19 videoconfer\u00eancias do G20, discutindo textos que v\u00e3o em seguida para reuni\u00f5es ministeriais.\u00a0<\/p><p>A primeira grande reuni\u00e3o ministerial ser\u00e1 a de chanceleres nos dias 21 e 22 de fevereiro no Rio de Janeiro. Mas o ponto alto da presid\u00eancia brasileira no G20 ser\u00e1 durante a 19\u00aa C\u00fapula de chefes de Estado e governo, em 18 e 19 de novembro de 2024, tamb\u00e9m na capital fluminense, onde Lula receber\u00e1 <strong>Joe Biden<\/strong>, <strong>Xi Jinping<\/strong> e outros l\u00edderes mundiais.<\/p>\n","protected":false},"excerpt":{"rendered":"<p>Disputa geopol\u00edtica entre EUA e China reduz chance de maiores economias do mundo andarem lado a lado.<\/p>\n","protected":false},"author":5,"featured_media":542113,"comment_status":"closed","ping_status":"open","sticky":false,"template":"","format":"standard","meta":{"_acf_changed":false,"inline_featured_image":false,"footnotes":""},"categories":[5],"tags":[2370],"autor-wsj":[],"coauthors":[1495],"class_list":["post-542093","post","type-post","status-publish","format-standard","has-post-thumbnail","hentry","category-economia","tag-luiz-inacio-lula-da-silva"],"acf":[],"amp_enabled":true,"_links":{"self":[{"href":"https:\/\/investnews.com.br\/inv-api\/wp\/v2\/posts\/542093","targetHints":{"allow":["GET"]}}],"collection":[{"href":"https:\/\/investnews.com.br\/inv-api\/wp\/v2\/posts"}],"about":[{"href":"https:\/\/investnews.com.br\/inv-api\/wp\/v2\/types\/post"}],"author":[{"embeddable":true,"href":"https:\/\/investnews.com.br\/inv-api\/wp\/v2\/users\/5"}],"replies":[{"embeddable":true,"href":"https:\/\/investnews.com.br\/inv-api\/wp\/v2\/comments?post=542093"}],"version-history":[{"count":15,"href":"https:\/\/investnews.com.br\/inv-api\/wp\/v2\/posts\/542093\/revisions"}],"predecessor-version":[{"id":703204,"href":"https:\/\/investnews.com.br\/inv-api\/wp\/v2\/posts\/542093\/revisions\/703204"}],"wp:featuredmedia":[{"embeddable":true,"href":"https:\/\/investnews.com.br\/inv-api\/wp\/v2\/media\/542113"}],"wp:attachment":[{"href":"https:\/\/investnews.com.br\/inv-api\/wp\/v2\/media?parent=542093"}],"wp:term":[{"taxonomy":"category","embeddable":true,"href":"https:\/\/investnews.com.br\/inv-api\/wp\/v2\/categories?post=542093"},{"taxonomy":"post_tag","embeddable":true,"href":"https:\/\/investnews.com.br\/inv-api\/wp\/v2\/tags?post=542093"},{"taxonomy":"autor-wsj","embeddable":true,"href":"https:\/\/investnews.com.br\/inv-api\/wp\/v2\/autor-wsj?post=542093"},{"taxonomy":"author","embeddable":true,"href":"https:\/\/investnews.com.br\/inv-api\/wp\/v2\/coauthors?post=542093"}],"curies":[{"name":"wp","href":"https:\/\/api.w.org\/{rel}","templated":true}]}}