{"id":542467,"date":"2023-12-02T10:55:01","date_gmt":"2023-12-02T13:55:01","guid":{"rendered":"https:\/\/investnews.com.br\/?p=542467"},"modified":"2025-08-08T16:18:14","modified_gmt":"2025-08-08T19:18:14","slug":"especial-cop-28-o-dedo-na-ferida-climatico","status":"publish","type":"post","link":"https:\/\/investnews.com.br\/colunistas\/especial-cop-28-o-dedo-na-ferida-climatico\/","title":{"rendered":"Especial COP 28: o dedo na ferida clim\u00e1tica"},"content":{"rendered":"<p>A <strong>COP 28<\/strong>, Confer\u00eancia clim\u00e1tica da Organiza\u00e7\u00e3o das Na\u00e7\u00f5es Unidas que come\u00e7ou no dia 30 de novembro, vem cercada por diversos bastidores geopol\u00edticos. Os dois principais s\u00e3o aqueles que cercam os anfitri\u00f5es, os Emirados \u00c1rabes Unidos, e a rela\u00e7\u00e3o dos Estados Unidos com a China. Em ambos os casos, ser\u00e1 necess\u00e1rio colocar o dedo na ferida clim\u00e1tico.<\/p><p>A escolha do local da COP 28 foi extremamente controversa, escolheu-se a regi\u00e3o do Golfo P\u00e9rsico, maior produtora de g\u00e1s natural e petr\u00f3leo do mundo, e a controv\u00e9rsia \u00e9 justamente essa, a perplexidade de se colocar na lideran\u00e7a da confer\u00eancia um pa\u00eds que n\u00e3o vai querer reprimir \u00e0s emiss\u00f5es de metano e acabar com os combust\u00edveis f\u00f3sseis, substituindo por renov\u00e1veis.\u00a0<\/p><figure class=\"wp-block-image size-large\"><img loading=\"lazy\" decoding=\"async\" width=\"1024\" height=\"683\" src=\"https:\/\/media.investnews.com.br\/uploads\/2023\/12\/2023-12-01T111343Z_1_LYNXMPEJB01AS_RTROPTP_4_CLIMATE-UN-1024x683.jpg\" alt=\"L\u00edderes mundiais e oficiais em comitiva caminhando ao ar livre em c\u00fapula.\" class=\"wp-image-542469\" srcset=\"https:\/\/media.investnews.com.br\/uploads\/2023\/12\/2023-12-01T111343Z_1_LYNXMPEJB01AS_RTROPTP_4_CLIMATE-UN-1024x683.jpg 1024w, https:\/\/media.investnews.com.br\/uploads\/2023\/12\/2023-12-01T111343Z_1_LYNXMPEJB01AS_RTROPTP_4_CLIMATE-UN-300x200.jpg 300w, https:\/\/media.investnews.com.br\/uploads\/2023\/12\/2023-12-01T111343Z_1_LYNXMPEJB01AS_RTROPTP_4_CLIMATE-UN-768x512.jpg 768w, https:\/\/media.investnews.com.br\/uploads\/2023\/12\/2023-12-01T111343Z_1_LYNXMPEJB01AS_RTROPTP_4_CLIMATE-UN-1536x1024.jpg 1536w, https:\/\/media.investnews.com.br\/uploads\/2023\/12\/2023-12-01T111343Z_1_LYNXMPEJB01AS_RTROPTP_4_CLIMATE-UN-1256x837.jpg 1256w, https:\/\/media.investnews.com.br\/uploads\/2023\/12\/2023-12-01T111343Z_1_LYNXMPEJB01AS_RTROPTP_4_CLIMATE-UN-172x115.jpg 172w, https:\/\/media.investnews.com.br\/uploads\/2023\/12\/2023-12-01T111343Z_1_LYNXMPEJB01AS_RTROPTP_4_CLIMATE-UN-150x100.jpg 150w, https:\/\/media.investnews.com.br\/uploads\/2023\/12\/2023-12-01T111343Z_1_LYNXMPEJB01AS_RTROPTP_4_CLIMATE-UN.jpg 2048w\" sizes=\"auto, (max-width: 1024px) 100vw, 1024px\" \/><figcaption class=\"wp-element-caption\">C\u00fapula clim\u00e1tica COP28 em Dubai\n 1\/12\/2023   REUTERS\/Thomas Mukoya<\/figcaption><\/figure><p>Os cr\u00edticos ainda aumentam essa perplexidade quando dizem que s\u00e3o economias baseadas em uma \u00fanica fonte de recursos de extra\u00e7\u00e3o e queima de combust\u00edveis f\u00f3sseis com padr\u00f5es de vida alto e consumo cont\u00ednuo de sua popula\u00e7\u00e3o, o que j\u00e1 mostra que a escolha possui um grau elevado de adversidade dos ambientalistas.<\/p><p>Mas, a defesa que se faz para essa escolha est\u00e1 no pensamento que norteou a ONU nessa decis\u00e3o, foi usado o mesmo crit\u00e9rio adotado pela FIFA na escolha do pa\u00eds sede da Copa do Mundo: usar a COP como um fator de incentivo ao atingimento das metas clim\u00e1ticas por esses pa\u00edses que se defendem dizendo que possuem metas clim\u00e1ticas ambiciosas.\u00a0<\/p><p>A meta do pa\u00eds anfitri\u00e3o, os Emirados \u00c1rabes Unidos, \u00e9 de atingir 30% de seu consumo energ\u00e9tico at\u00e9 2030 atrav\u00e9s de produ\u00e7\u00e3o de energia renov\u00e1vel, chegando ao n\u00edvel zero de emiss\u00e3o de gases poluidores at\u00e9 2050. Nesse sentido, h\u00e1 duas semanas foi inaugurada uma das maiores usinas de energia solar do mundo com\u00a0placas fotovoltaicas\u00a0que cobrem uma \u00e1rea de 21 km\u00b2, com capacidade para gerar 2 gigawatts e alimentar 160 mil resid\u00eancias, de acordo com os respons\u00e1veis pelo projeto.\u00a0<\/p><p>Mas, de qualquer forma, sendo o g\u00e1s natural o maior respons\u00e1vel pela emiss\u00e3o de metano no mundo e o j\u00e1 anunciado aumento da produ\u00e7\u00e3o de petr\u00f3leo nos pr\u00f3ximos anos pelas petrol\u00edferas locais o pa\u00eds ter\u00e1 muito o que demonstrar para conseguir liderar com altivez essa confer\u00eancia e termin\u00e1-la com tratados e a\u00e7\u00f5es concretas clim\u00e1ticas mundiais.<\/p><p>O outro bastidor cerca o encontro recente dos presidentes dos Estados Unidos e da China, <strong>Joe Biden e Xi Jinping<\/strong>. Os dois pa\u00edses s\u00e3o os maiores poluidores clim\u00e1ticos do mundo e concordaram em combater conjuntamente o aquecimento global, aumentando a energia e\u00f3lica, solar e outras energias renov\u00e1veis com o objetivo de substituir os combust\u00edveis f\u00f3sseis.<\/p><p>O acordo clim\u00e1tico emergiu como um ponto positivo nas negocia\u00e7\u00f5es que provavelmente se concentraram em temas sens\u00edveis, incluindo Taiwan, a guerra na Ucr\u00e2nia e a guerra entre <a href=\"https:\/\/investnews.com.br\/economia\/conflito-em-israel-tem-efeito-imediato-sobre-petroleo-e-gera-duvida-sobre-fed\/\">Israel e o Hamas<\/a>.<\/p><p>As declara\u00e7\u00f5es de coopera\u00e7\u00e3o divulgadas separadamente pelos Estados Unidos e pela China logo ap\u00f3s o encontro dos presidentes n\u00e3o incluem uma promessa da China de eliminar gradualmente o seu uso pesado de carv\u00e3o, o combust\u00edvel f\u00f3ssil mais sujo, ou de parar de permitir e construir novas centrais a carv\u00e3o. Este tem sido um ponto de disc\u00f3rdia para os Estados Unidos em meses de discuss\u00f5es com Pequim sobre as altera\u00e7\u00f5es clim\u00e1ticas.<\/p><p>Mas, ambos os pa\u00edses concordaram em \u201cprosseguir esfor\u00e7os para triplicar a capacidade de <strong>energia renov\u00e1vel<\/strong> a n\u00edvel mundial at\u00e9 2030\u201d. Esse crescimento dever\u00e1 atingir n\u00edveis suficientemente elevados \u201cpara acelerar a substitui\u00e7\u00e3o da produ\u00e7\u00e3o de carv\u00e3o, petr\u00f3leo e g\u00e1s\u201d, afirma o acordo.\u00a0<\/p><p>Especialistas dizem que esta \u00e9 a primeira vez que a China concorda com metas espec\u00edficas de emiss\u00f5es em qualquer parte da sua economia o que se transforma em um grande avan\u00e7o para tentar limitar o aquecimento global a 1,5 graus Celsius at\u00e9 2050.\u00a0<\/p><p>Por fim, colocar o dedo na ferida \u00e9 algo que dever\u00e1 ser feito nessa COP com bastante contund\u00eancia, at\u00e9 porque, al\u00e9m de tudo isso j\u00e1 falado, ainda ter\u00e1 que ser discutido concretamente quem financiar\u00e1 os pa\u00edses mais pobres rumo \u00e0 descarboniza\u00e7\u00e3o de suas economias. Vamos aguardar o in\u00edcio da Confer\u00eancia Clim\u00e1tica para ver o que acontecer\u00e1!<\/p><p><em>Alexandre Furtado \u00e9 Presidente do Comit\u00ea de Informa\u00e7\u00f5es <a href=\"https:\/\/investnews.com.br\/guias\/tudo-sobre-esg\/\">ESG<\/a> da Funda\u00e7\u00e3o Get\u00falio Vargas, S\u00f3cio e Diretor de ESG da Grant Thornton.<\/em><\/p><p><em>As informa\u00e7\u00f5es desta coluna s\u00e3o de inteira responsabilidade do autor e n\u00e3o do InvestNews e das institui\u00e7\u00f5es com as quais ele possui liga\u00e7\u00e3o.\u00a0<\/em><\/p>\n","protected":false},"excerpt":{"rendered":"<p>A escolha do local da COP28 foi extremamente controversa, escolheu-se a regi\u00e3o do Golfo P\u00e9rsico, maior produtora de g\u00e1s natural e petr\u00f3leo do mundo.<\/p>\n","protected":false},"author":81,"featured_media":542469,"comment_status":"closed","ping_status":"open","sticky":false,"template":"","format":"standard","meta":{"_acf_changed":false,"inline_featured_image":false,"footnotes":""},"categories":[2063],"tags":[1673,1674],"autor-wsj":[],"coauthors":[101344],"class_list":["post-542467","post","type-post","status-publish","format-standard","has-post-thumbnail","hentry","category-colunistas","tag-esg","tag-sustentabilidade"],"acf":[],"amp_enabled":true,"_links":{"self":[{"href":"https:\/\/investnews.com.br\/inv-api\/wp\/v2\/posts\/542467","targetHints":{"allow":["GET"]}}],"collection":[{"href":"https:\/\/investnews.com.br\/inv-api\/wp\/v2\/posts"}],"about":[{"href":"https:\/\/investnews.com.br\/inv-api\/wp\/v2\/types\/post"}],"author":[{"embeddable":true,"href":"https:\/\/investnews.com.br\/inv-api\/wp\/v2\/users\/81"}],"replies":[{"embeddable":true,"href":"https:\/\/investnews.com.br\/inv-api\/wp\/v2\/comments?post=542467"}],"version-history":[{"count":7,"href":"https:\/\/investnews.com.br\/inv-api\/wp\/v2\/posts\/542467\/revisions"}],"predecessor-version":[{"id":703202,"href":"https:\/\/investnews.com.br\/inv-api\/wp\/v2\/posts\/542467\/revisions\/703202"}],"wp:featuredmedia":[{"embeddable":true,"href":"https:\/\/investnews.com.br\/inv-api\/wp\/v2\/media\/542469"}],"wp:attachment":[{"href":"https:\/\/investnews.com.br\/inv-api\/wp\/v2\/media?parent=542467"}],"wp:term":[{"taxonomy":"category","embeddable":true,"href":"https:\/\/investnews.com.br\/inv-api\/wp\/v2\/categories?post=542467"},{"taxonomy":"post_tag","embeddable":true,"href":"https:\/\/investnews.com.br\/inv-api\/wp\/v2\/tags?post=542467"},{"taxonomy":"autor-wsj","embeddable":true,"href":"https:\/\/investnews.com.br\/inv-api\/wp\/v2\/autor-wsj?post=542467"},{"taxonomy":"author","embeddable":true,"href":"https:\/\/investnews.com.br\/inv-api\/wp\/v2\/coauthors?post=542467"}],"curies":[{"name":"wp","href":"https:\/\/api.w.org\/{rel}","templated":true}]}}