{"id":543714,"date":"2023-12-19T05:00:00","date_gmt":"2023-12-19T08:00:00","guid":{"rendered":"https:\/\/investnews.com.br\/?p=543714"},"modified":"2025-08-08T16:17:25","modified_gmt":"2025-08-08T19:17:25","slug":"apos-fracasso-da-black-friday-natal-pode-ser-melhor-data-do-ano-para-o-varejo","status":"publish","type":"post","link":"https:\/\/investnews.com.br\/economia\/apos-fracasso-da-black-friday-natal-pode-ser-melhor-data-do-ano-para-o-varejo\/","title":{"rendered":"Ap\u00f3s fracasso da Black Friday, Natal pode ser melhor data do ano para o varejo"},"content":{"rendered":"<p>Em meio ao h\u00e1bito do brasileiro de deixar tudo para a \u00faltima hora, o setor varejista espera um aumento nas <strong>vendas de Natal<\/strong> este ano \u2013 que, caso se confirme, deve colocar a data como a melhor do ano para o com\u00e9rcio varejista. Ainda mais ap\u00f3s a <a href=\"https:\/\/investnews.com.br\/geral\/black-friday-decepciona-varejistas-e-mostra-dominio-estrangeiro-no-e-commerce\/\">decep\u00e7\u00e3o com as compras durante a Black Friday<\/a>, o que alimenta previs\u00f5es do setor de que os consumidores devem mesmo manter o h\u00e1bito de procrastinar e deixar para gastar na \u00faltima data comemorativa do ano.<\/p><p>Ali\u00e1s, j\u00e1 faz algum tempo que a <strong>Black Friday<\/strong> vem frustrando as expectativas de vendas, conforme a s\u00e9rie hist\u00f3rica dos dados do varejo compilados pelo Instituto Brasileiro de Geografia e Estat\u00edstica (IBGE). Em 2021, a data n\u00e3o foi t\u00e3o boa e em 2022 houve um desempenho ruim do com\u00e9rcio varejista, com queda mensal de 0,6%.<\/p><figure class=\"wp-block-image size-large\"><img loading=\"lazy\" decoding=\"async\" width=\"1024\" height=\"576\" src=\"https:\/\/media.investnews.com.br\/uploads\/2023\/12\/Natal_06-1024x576.png\" alt=\"Duas \u00e1rvores de Natal verdes decoradas com la\u00e7os vermelhos, bolas douradas e luzes brilhantes, em ambiente interno.\" class=\"wp-image-543745\" srcset=\"https:\/\/media.investnews.com.br\/uploads\/2023\/12\/Natal_06-1024x576.png 1024w, https:\/\/media.investnews.com.br\/uploads\/2023\/12\/Natal_06-300x169.png 300w, https:\/\/media.investnews.com.br\/uploads\/2023\/12\/Natal_06-768x432.png 768w, https:\/\/media.investnews.com.br\/uploads\/2023\/12\/Natal_06-172x97.png 172w, https:\/\/media.investnews.com.br\/uploads\/2023\/12\/Natal_06-150x84.png 150w, https:\/\/media.investnews.com.br\/uploads\/2023\/12\/Natal_06.png 1200w\" sizes=\"auto, (max-width: 1024px) 100vw, 1024px\" \/><figcaption class=\"wp-element-caption\">Adobe Stock<\/figcaption><\/figure><p>Os dados oficiais do IBGE sobre as vendas no varejo no m\u00eas passado ser\u00e3o conhecidos apenas em meados de janeiro. Por\u00e9m, em m\u00e9dia, o com\u00e9rcio tem aumento de 25% na passagem de novembro para dezembro, sendo que em alguns segmentos, o aumento chega a 80%, como \u00e9 o caso de <strong>roupas e acess\u00f3rios<\/strong>.<\/p><h2 class=\"wp-block-heading\">Otimismo de lojistas<\/h2><p>Segundo a Confedera\u00e7\u00e3o Nacional do Com\u00e9rcio de Bens, Servi\u00e7os e Turismo (CNC), as vendas de Natal devem movimentar R$ 68,97 bilh\u00f5es no varejo brasileiro neste ano. O montante representa um aumento de 5,6% em rela\u00e7\u00e3o a 2022. Se confirmado, deve ser o maior crescimento em quatro anos, o que sugere uma recupera\u00e7\u00e3o significativa do setor.<\/p><p>Ainda assim, a CNC destaca, em material de divulga\u00e7\u00e3o, que o volume esperado de vendas ainda deve ficar abaixo dos n\u00edveis pr\u00e9-pandemia, quando o faturamento superou R$ 70 bilh\u00f5es. J\u00e1 a Confedera\u00e7\u00e3o Nacional de Dirigentes Lojistas (CNDL) e o Servi\u00e7o de Prote\u00e7\u00e3o ao Cr\u00e9dito (<a href=\"https:\/\/investnews.com.br\/financas\/spc-scpc-e-serasa-o-que-sao\/\">SPC<\/a>) prev\u00ea que o Natal de 2023 deve injetar R$ 66,6 bilh\u00f5es na economia.<\/p><p>\u201cEsta \u00e9 a data com maior desempenho comercial no setor varejista brasileiro\u201d, lembra o especialista em marketing e neg\u00f3cios, Frederico Burlamaqui, no material de divulga\u00e7\u00e3o. Para ele, o consumidor est\u00e1 mais disposto a gastar, com 73% dos entrevistados na pesquisa realizada pelo CNDL e SPC indicando pretens\u00e3o de presentear.<\/p><figure class=\"wp-block-image size-large\"><img loading=\"lazy\" decoding=\"async\" width=\"1024\" height=\"576\" src=\"https:\/\/media.investnews.com.br\/uploads\/2023\/12\/Natal_04-1024x576.png\" alt=\"Corredor de mercado interno. Pessoas compram em bancas com alimentos, bebidas, roupas, tecidos e artesanato.\" class=\"wp-image-543742\" srcset=\"https:\/\/media.investnews.com.br\/uploads\/2023\/12\/Natal_04-1024x576.png 1024w, https:\/\/media.investnews.com.br\/uploads\/2023\/12\/Natal_04-300x169.png 300w, https:\/\/media.investnews.com.br\/uploads\/2023\/12\/Natal_04-768x432.png 768w, https:\/\/media.investnews.com.br\/uploads\/2023\/12\/Natal_04-172x97.png 172w, https:\/\/media.investnews.com.br\/uploads\/2023\/12\/Natal_04-150x84.png 150w, https:\/\/media.investnews.com.br\/uploads\/2023\/12\/Natal_04.png 1200w\" sizes=\"auto, (max-width: 1024px) 100vw, 1024px\" \/><figcaption class=\"wp-element-caption\">Adobe Stock<\/figcaption><\/figure><p>Na mesma linha, o presidente da CNC, Jos\u00e9 Roberto Tadros, avalia que as condi\u00e7\u00f5es est\u00e3o mais favor\u00e1veis para consumo. \u201cObserva-se um cen\u00e1rio prop\u00edcio ao aumento das vendas neste fim de ano, com a <a href=\"https:\/\/investnews.com.br\/economia\/bc-volta-a-reduzir-selic-em-05-ponto-e-preve-mais-cortes\/\">redu\u00e7\u00e3o da taxa b\u00e1sica de juros<\/a> impulsionando os gastos dos consumidores\u201d, afirma, no material de divulga\u00e7\u00e3o.<\/p><ul class=\"wp-block-list\">\n<li><a href=\"https:\/\/investnews.com.br\/guias\/gmv\/\">Indicador de GMV<\/a><strong><em>: o que \u00e9 e como calcular<\/em><\/strong><\/li>\n<\/ul><h2 class=\"wp-block-heading\"><strong>Ceia de \u00faltima hora<\/strong><\/h2><p>Entre os setores que devem ser destaque nas vendas neste ano, est\u00e1 o ramo de <strong>hiper e supermercados<\/strong>. A estimativa da CNC \u00e9 de que a movimenta\u00e7\u00e3o financeira desse segmento represente 38,6% do total previsto, equivalente a pouco mais de R$ 25 bilh\u00f5es.\u00a0<\/p><p>Estudo da Associa\u00e7\u00e3o Paulista de Supermercados (APAS) com 65 produtos que comp\u00f5em a <strong>cesta de Natal<\/strong>, e com base no \u00cdndice de Pre\u00e7os dos Supermercados (IPS), concluiu que a alta da cesta dever\u00e1 ser de 1,2% este ano, o menor aumento desde 2017, quando registrou defla\u00e7\u00e3o de 4,2%.<\/p><figure class=\"wp-block-image size-full\"><img loading=\"lazy\" decoding=\"async\" width=\"860\" height=\"714\" src=\"https:\/\/media.investnews.com.br\/uploads\/2023\/12\/20231218_cestas_natal.png\" alt=\"Gr\u00e1fico: Varia\u00e7\u00e3o de pre\u00e7os da Cesta de Natal 2023. \u00d3leo de Soja -29,73%, Cenoura +60,17%.\" class=\"wp-image-543775\" srcset=\"https:\/\/media.investnews.com.br\/uploads\/2023\/12\/20231218_cestas_natal.png 860w, https:\/\/media.investnews.com.br\/uploads\/2023\/12\/20231218_cestas_natal-300x249.png 300w, https:\/\/media.investnews.com.br\/uploads\/2023\/12\/20231218_cestas_natal-768x638.png 768w, https:\/\/media.investnews.com.br\/uploads\/2023\/12\/20231218_cestas_natal-172x143.png 172w, https:\/\/media.investnews.com.br\/uploads\/2023\/12\/20231218_cestas_natal-150x125.png 150w\" sizes=\"auto, (max-width: 860px) 100vw, 860px\" \/><\/figure><p>Atento a isso, as importa\u00e7\u00f5es de produtos natalinos atingiram US$ 476 milh\u00f5es entre setembro e novembro, no maior volume em nove anos. O destaque \u00e9 o aumento de 15% nas importa\u00e7\u00f5es de pescados e carnes t\u00edpicas e de 43% em oleaginosas, na compara\u00e7\u00e3o com o mesmo per\u00edodo do ano passado.<\/p><p>Ali\u00e1s, levantamento nacional realizado pela VR comprovou o h\u00e1bito tradicional do brasileiro de deixar tudo para \u00faltima hora &#8211; inclusive os alimentos para a ceia de Natal. Segundo a pesquisa, apenas 26% dos entrevistados j\u00e1 est\u00e3o com tudo pronto para preparar o card\u00e1pio.<\/p><figure class=\"wp-block-image size-large\"><img loading=\"lazy\" decoding=\"async\" width=\"1024\" height=\"576\" src=\"https:\/\/media.investnews.com.br\/uploads\/2023\/12\/Natal_07-1024x576.png\" alt=\"Casal olha roupas em arara em loja.\" class=\"wp-image-543744\" srcset=\"https:\/\/media.investnews.com.br\/uploads\/2023\/12\/Natal_07-1024x576.png 1024w, https:\/\/media.investnews.com.br\/uploads\/2023\/12\/Natal_07-300x169.png 300w, https:\/\/media.investnews.com.br\/uploads\/2023\/12\/Natal_07-768x432.png 768w, https:\/\/media.investnews.com.br\/uploads\/2023\/12\/Natal_07-172x97.png 172w, https:\/\/media.investnews.com.br\/uploads\/2023\/12\/Natal_07-150x84.png 150w, https:\/\/media.investnews.com.br\/uploads\/2023\/12\/Natal_07.png 1200w\" sizes=\"auto, (max-width: 1024px) 100vw, 1024px\" \/><figcaption class=\"wp-element-caption\">Adobe Stock<\/figcaption><\/figure><p>O que mais preocupa \u00e9 o custo. Isso porque o gasto m\u00e9dio com produtos para a tradicional refei\u00e7\u00e3o deve ser de at\u00e9 R$ 150. Por isso, mais da metade das fam\u00edlias consultadas combinou de cada um levar um prato como forma de dividir as despesas com alimentos e bebidas.<\/p><h2 class=\"wp-block-heading\"><strong>Presente ou lembrancinha?<\/strong><\/h2><p>Afinal, \u00e9 preciso reservar uma parte para comprar os presentes. Tanto que a estimativa da CNC \u00e9 de que a segunda maior movimenta\u00e7\u00e3o financeira neste Natal deve vir dos estabelecimentos especializados em itens de <strong>vestu\u00e1rio, cal\u00e7ados e acess\u00f3rios<\/strong>, que devem responder por 33,9% das vendas totais, girando R$ 22,03 bilh\u00f5es.\u00a0<\/p><p>Em seguida, aparecem as lojas de <strong>artigos de uso pessoal e dom\u00e9stico<\/strong>, que ocupam a terceira posi\u00e7\u00e3o, representando 12,6% ou R$ 8,19 bilh\u00f5es. Al\u00e9m disso, a CNC destaca que presentes mais caros, como <strong>televis\u00f5es e computadores<\/strong>, est\u00e3o 9,4% mais baratos, assim como o pre\u00e7o dos celulares, que caiu 5,9%.\u00a0<\/p><figure class=\"wp-block-image size-large\"><img loading=\"lazy\" decoding=\"async\" width=\"1024\" height=\"576\" src=\"https:\/\/media.investnews.com.br\/uploads\/2023\/12\/Natal_03-1024x576.png\" alt=\"Notas, moedas, cart\u00e3o e um doce natalino sobre uma \u00e1rvore de Natal decorada com bolas e la\u00e7os.\" class=\"wp-image-543741\" srcset=\"https:\/\/media.investnews.com.br\/uploads\/2023\/12\/Natal_03-1024x576.png 1024w, https:\/\/media.investnews.com.br\/uploads\/2023\/12\/Natal_03-300x169.png 300w, https:\/\/media.investnews.com.br\/uploads\/2023\/12\/Natal_03-768x432.png 768w, https:\/\/media.investnews.com.br\/uploads\/2023\/12\/Natal_03-172x97.png 172w, https:\/\/media.investnews.com.br\/uploads\/2023\/12\/Natal_03-150x84.png 150w, https:\/\/media.investnews.com.br\/uploads\/2023\/12\/Natal_03.png 1200w\" sizes=\"auto, (max-width: 1024px) 100vw, 1024px\" \/><figcaption class=\"wp-element-caption\">Adobe Stock<\/figcaption><\/figure><p>Por outro lado, os itens mais caros s\u00e3o cal\u00e7ados infantis (10,1%), livros (9,9%) e perfumes (8,5%). Seja como for, pesquisa da CNDL\/SPC mostra tamb\u00e9m que 82% dos consumidores pretendem realizar compras em lojas f\u00edsicas, principalmente nas de departamento (42%) e em shopping center (40%).\u00a0<\/p><p>Por isso, muitos shoppings est\u00e3o ampliando o hor\u00e1rio de funcionamento neste m\u00eas, dando mais tempo aos consumidores para fazerem suas compras de Natal. No West Plaza, localizado na zona Oeste da cidade de S\u00e3o Paulo, as lojas funcionam at\u00e9 as 23h desde a \u00faltima sexta-feira (15). Na v\u00e9spera de Natal, o hor\u00e1rio de funcionamento come\u00e7a mais cedo, \u00e0s 9h, mas tamb\u00e9m encerra antes, \u00e0s 18h.\u00a0\u00a0<\/p><p>\u201cA decora\u00e7\u00e3o de Natal nos shoppings centers traz um charme a mais. Por\u00e9m, a funcionalidade da loja deve ser o foco principal\u201d, lembra Burlamaqui. Ainda assim, cerca de 50% dos brasileiros entrevistados pela CNDL\/SPC pretendem fazer alguma compra tamb\u00e9m pela internet.<\/p><h2 class=\"wp-block-heading\"><strong>Vai pagar como?<\/strong><\/h2><p>Apesar da diversidade das formas de pagamento, o cart\u00e3o de cr\u00e9dito deve continuar como o meio preferido entre os consumidores. \u00c9 o que revela pesquisa realizada pela Abecs, associa\u00e7\u00e3o que representa o setor dos meios eletr\u00f4nicos de pagamento. Segundo o levantamento, 38% apontou a inten\u00e7\u00e3o de uso do \u201cpl\u00e1stico magn\u00e9tico\u201d.<\/p><p>Tal prefer\u00eancia tem um motivo. Afinal, 74% afirmam a inten\u00e7\u00e3o de parcelar a compra. Na sequ\u00eancia, est\u00e1 a prefer\u00eancia pelo dinheiro em esp\u00e9cie (35%), seguido pelo Pix (29%) e cart\u00e3o de d\u00e9bito (23%), o que mostra a inten\u00e7\u00e3o de pagamento \u00e0 vista.\u00a0<\/p><p>Ainda assim, o estudo da Abecs, realizado em parceria com o Instituto Datafolha, revela que 36% da popula\u00e7\u00e3o t\u00eam a inten\u00e7\u00e3o de gastar neste ano mais do que no ano passado. Outros 27% planejam gastar a mesma quantia e 32% desejam gastar menos.<\/p>\n","protected":false},"excerpt":{"rendered":"<p>CNC estima maior crescimento dos \u00faltimos quatro anos em vendas, com aumento de 5,6% frente ao ano anterior.<\/p>\n","protected":false},"author":108,"featured_media":543742,"comment_status":"closed","ping_status":"open","sticky":false,"template":"","format":"standard","meta":{"_acf_changed":false,"inline_featured_image":false,"footnotes":""},"categories":[5],"tags":[376],"autor-wsj":[],"coauthors":[102429],"class_list":["post-543714","post","type-post","status-publish","format-standard","has-post-thumbnail","hentry","category-economia","tag-varejo"],"acf":[],"amp_enabled":true,"_links":{"self":[{"href":"https:\/\/investnews.com.br\/inv-api\/wp\/v2\/posts\/543714","targetHints":{"allow":["GET"]}}],"collection":[{"href":"https:\/\/investnews.com.br\/inv-api\/wp\/v2\/posts"}],"about":[{"href":"https:\/\/investnews.com.br\/inv-api\/wp\/v2\/types\/post"}],"author":[{"embeddable":true,"href":"https:\/\/investnews.com.br\/inv-api\/wp\/v2\/users\/108"}],"replies":[{"embeddable":true,"href":"https:\/\/investnews.com.br\/inv-api\/wp\/v2\/comments?post=543714"}],"version-history":[{"count":25,"href":"https:\/\/investnews.com.br\/inv-api\/wp\/v2\/posts\/543714\/revisions"}],"predecessor-version":[{"id":703154,"href":"https:\/\/investnews.com.br\/inv-api\/wp\/v2\/posts\/543714\/revisions\/703154"}],"wp:featuredmedia":[{"embeddable":true,"href":"https:\/\/investnews.com.br\/inv-api\/wp\/v2\/media\/543742"}],"wp:attachment":[{"href":"https:\/\/investnews.com.br\/inv-api\/wp\/v2\/media?parent=543714"}],"wp:term":[{"taxonomy":"category","embeddable":true,"href":"https:\/\/investnews.com.br\/inv-api\/wp\/v2\/categories?post=543714"},{"taxonomy":"post_tag","embeddable":true,"href":"https:\/\/investnews.com.br\/inv-api\/wp\/v2\/tags?post=543714"},{"taxonomy":"autor-wsj","embeddable":true,"href":"https:\/\/investnews.com.br\/inv-api\/wp\/v2\/autor-wsj?post=543714"},{"taxonomy":"author","embeddable":true,"href":"https:\/\/investnews.com.br\/inv-api\/wp\/v2\/coauthors?post=543714"}],"curies":[{"name":"wp","href":"https:\/\/api.w.org\/{rel}","templated":true}]}}