{"id":543969,"date":"2023-12-19T13:53:14","date_gmt":"2023-12-19T16:53:14","guid":{"rendered":"https:\/\/investnews.com.br\/?p=543969"},"modified":"2023-12-19T13:53:16","modified_gmt":"2023-12-19T16:53:16","slug":"ha-um-longo-caminho-a-percorrer-para-retorno-da-inflacao-a-meta-diz-copom","status":"publish","type":"post","link":"https:\/\/investnews.com.br\/economia\/ha-um-longo-caminho-a-percorrer-para-retorno-da-inflacao-a-meta-diz-copom\/","title":{"rendered":"H\u00e1 um longo caminho a percorrer para retorno da infla\u00e7\u00e3o \u00e0 meta, diz Copom"},"content":{"rendered":"\n<p>A ata do \u00faltimo encontro do Comit\u00ea de Pol\u00edtica Monet\u00e1ria (<a href=\"https:\/\/investnews.com.br\/guias\/copom-taxa-selic\/\">Copom<\/a>) do Banco Central, divulgada nesta ter\u00e7a-feira, 19, apontou que embora tenha havido um progresso desinflacion\u00e1rio &#8220;relevante&#8221;, ainda h\u00e1 um longo caminho para a ancoragem das expectativas e o retorno da infla\u00e7\u00e3o \u00e0 meta.<\/p>\n\n\n\n<p>&#8220;Houve um progresso desinflacion\u00e1rio relevante, em linha com o antecipado pelo Comit\u00ea, mas ainda h\u00e1 um caminho longo a percorrer para a ancoragem das expectativas e o retorno da infla\u00e7\u00e3o \u00e0 meta, o que exige serenidade e modera\u00e7\u00e3o na condu\u00e7\u00e3o da pol\u00edtica monet\u00e1ria. Al\u00e9m disso, a incerteza, em particular no cen\u00e1rio internacional, que tem se mostrado vol\u00e1til, prescreve cautela na condu\u00e7\u00e3o da pol\u00edtica monet\u00e1ria&#8221;, diz o texto.<\/p>\n\n\n\n<figure class=\"wp-block-image size-full\"><img decoding=\"async\" src=\"https:\/\/media.investnews.com.br\/uploads\/2020\/12\/2020-12-07T120304Z_1_LYNXMPEGB60PO_RTROPTP_4_BACEN-FOCUS-scaled.jpg\" alt=\"Banco Central Boletim Focus PIB Selic Infla\u00e7\u00e3o\" class=\"wp-image-26966\"\/><figcaption class=\"wp-element-caption\">Pr\u00e9dio do Banco Central em Bras\u00edlia\n20\/03\/2020 REUTERS\/Adriano Machado<\/figcaption><\/figure>\n\n\n\n<p>O colegiado relembrou ainda que a incorpora\u00e7\u00e3o de cen\u00e1rios e vari\u00e1veis ex\u00f3genas, como a din\u00e2mica fiscal ou o cen\u00e1rio externo, ocorre pela avalia\u00e7\u00e3o dos impactos na din\u00e2mica prospectiva de infla\u00e7\u00e3o, sem rela\u00e7\u00e3o mec\u00e2nica com a determina\u00e7\u00e3o da taxa de juros.<\/p>\n\n\n\n<p>No cen\u00e1rio dom\u00e9stico, a avalia\u00e7\u00e3o \u00e9 de que houve um encaminhamento em linha com o que era esperado, com prosseguimento da trajet\u00f3ria desinflacion\u00e1ria dos n\u00facleos e da infla\u00e7\u00e3o de servi\u00e7os, o que refor\u00e7a uma din\u00e2mica benigna recente da infla\u00e7\u00e3o. O colegiado tamb\u00e9m pontuou que dados recentes sugerem modera\u00e7\u00e3o da atividade econ\u00f4mica.<\/p>\n\n\n\n<p>&#8220;A desancoragem das expectativas de infla\u00e7\u00e3o para prazos mais longos se manteve desde a \u00faltima reuni\u00e3o do Copom. Por fim, as proje\u00e7\u00f5es de infla\u00e7\u00e3o no horizonte relevante n\u00e3o se alteraram significativamente, mantendo-se acima da meta&#8221;, diz o documento.<\/p>\n\n\n\n<h2 class=\"wp-block-heading\"><strong>Ciclo<\/strong><\/h2>\n\n\n\n<p>A ata do Copom tamb\u00e9m mostrou que houve um debate sobre a extens\u00e3o do ciclo de ajustes na pol\u00edtica monet\u00e1ria, e que o colegiado acha necess\u00e1rio que ela permane\u00e7a em territ\u00f3rio contracionista pelo horizonte relevante para garantir a consolida\u00e7\u00e3o da converg\u00eancia da infla\u00e7\u00e3o \u00e0 meta e a ancoragem das expectativas.<\/p>\n\n\n\n<p>Segundo o documento, foi enfatizado, novamente, que a extens\u00e3o do ciclo ao longo do tempo depender\u00e1 da evolu\u00e7\u00e3o da din\u00e2mica inflacion\u00e1ria, considerando especialmente os componentes mais sens\u00edveis \u00e0 pol\u00edtica monet\u00e1ria e \u00e0 atividade econ\u00f4mica, das expectativas de infla\u00e7\u00e3o, sobretudo de maior prazo, de suas proje\u00e7\u00f5es de infla\u00e7\u00e3o, do hiato do produto e do balan\u00e7o de riscos. &#8220;O Comit\u00ea mant\u00e9m seu firme compromisso com a converg\u00eancia da infla\u00e7\u00e3o para a meta no horizonte relevante e refor\u00e7a que a extens\u00e3o do ciclo refletir\u00e1 o mandato legal do Banco Central&#8221;, reitera o documento.<\/p>\n\n\n\n<p>A ata pondera que o Copom analisou diversos cen\u00e1rios prospectivos, com diferentes trajet\u00f3rias nos ambientes dom\u00e9stico e internacional. &#8220;Optou-se por manter a comunica\u00e7\u00e3o recente, que j\u00e1 embute a condicionalidade apropriada em um ambiente incerto, especificando o curso de a\u00e7\u00e3o caso se confirme o cen\u00e1rio esperado&#8221;, diz o documento.<\/p>\n\n\n\n<p>A ata reiterou que os membros do Comit\u00ea concordaram, unanimemente, com a expectativa de cortes de 0,50 ponto porcentual na Selic nas pr\u00f3ximas reuni\u00f5es, e que este \u00e9 o ritmo apropriado para manter a pol\u00edtica monet\u00e1ria contracionista necess\u00e1ria para o processo desinflacion\u00e1rio. &#8220;Tal ritmo conjuga, de um lado, o firme compromisso com a reancoragem de expectativas e a din\u00e2mica desinflacion\u00e1ria e, de outro, o ajuste no n\u00edvel de aperto monet\u00e1rio em termos reais diante da din\u00e2mica mais benigna da infla\u00e7\u00e3o antecipada nas proje\u00e7\u00f5es do cen\u00e1rio de refer\u00eancia&#8221;, pontua o documento.<\/p>\n","protected":false},"excerpt":{"rendered":"<p>A ata do \u00faltimo encontro do Comit\u00ea de Pol\u00edtica Monet\u00e1ria aponta que no cen\u00e1rio dom\u00e9stico, a avalia\u00e7\u00e3o \u00e9 de que houve um encaminhamento em linha com o que era esperado.<\/p>\n","protected":false},"author":62,"featured_media":0,"comment_status":"closed","ping_status":"open","sticky":false,"template":"","format":"standard","meta":{"_acf_changed":false,"inline_featured_image":false,"footnotes":""},"categories":[5],"tags":[639,52,246],"autor-wsj":[],"coauthors":[2499],"class_list":["post-543969","post","type-post","status-publish","format-standard","hentry","category-economia","tag-copom","tag-inflacao","tag-ipca"],"acf":[],"amp_enabled":true,"_links":{"self":[{"href":"https:\/\/investnews.com.br\/inv-api\/wp\/v2\/posts\/543969","targetHints":{"allow":["GET"]}}],"collection":[{"href":"https:\/\/investnews.com.br\/inv-api\/wp\/v2\/posts"}],"about":[{"href":"https:\/\/investnews.com.br\/inv-api\/wp\/v2\/types\/post"}],"author":[{"embeddable":true,"href":"https:\/\/investnews.com.br\/inv-api\/wp\/v2\/users\/62"}],"replies":[{"embeddable":true,"href":"https:\/\/investnews.com.br\/inv-api\/wp\/v2\/comments?post=543969"}],"version-history":[{"count":2,"href":"https:\/\/investnews.com.br\/inv-api\/wp\/v2\/posts\/543969\/revisions"}],"predecessor-version":[{"id":543972,"href":"https:\/\/investnews.com.br\/inv-api\/wp\/v2\/posts\/543969\/revisions\/543972"}],"wp:attachment":[{"href":"https:\/\/investnews.com.br\/inv-api\/wp\/v2\/media?parent=543969"}],"wp:term":[{"taxonomy":"category","embeddable":true,"href":"https:\/\/investnews.com.br\/inv-api\/wp\/v2\/categories?post=543969"},{"taxonomy":"post_tag","embeddable":true,"href":"https:\/\/investnews.com.br\/inv-api\/wp\/v2\/tags?post=543969"},{"taxonomy":"autor-wsj","embeddable":true,"href":"https:\/\/investnews.com.br\/inv-api\/wp\/v2\/autor-wsj?post=543969"},{"taxonomy":"author","embeddable":true,"href":"https:\/\/investnews.com.br\/inv-api\/wp\/v2\/coauthors?post=543969"}],"curies":[{"name":"wp","href":"https:\/\/api.w.org\/{rel}","templated":true}]}}