{"id":544736,"date":"2024-01-01T05:00:00","date_gmt":"2024-01-01T08:00:00","guid":{"rendered":"https:\/\/investnews.com.br\/?p=544736"},"modified":"2025-08-08T16:16:45","modified_gmt":"2025-08-08T19:16:45","slug":"transicao-energetica-litigancia-climatica-regulacao-a-agenda-esg-2024","status":"publish","type":"post","link":"https:\/\/investnews.com.br\/negocios\/transicao-energetica-litigancia-climatica-regulacao-a-agenda-esg-2024\/","title":{"rendered":"Transi\u00e7\u00e3o energ\u00e9tica, litig\u00e2ncia clim\u00e1tica, regula\u00e7\u00e3o: a agenda ESG 2024"},"content":{"rendered":"<p>Transi\u00e7\u00e3o de baixo carbono, mitiga\u00e7\u00e3o dos efeitos clim\u00e1ticos, regula\u00e7\u00e3o da divulga\u00e7\u00e3o de informa\u00e7\u00f5es de sustentabilidade das empresas entre outros pontos foram as pautas discutidas\u00a0na agenda <a href=\"https:\/\/investnews.com.br\/guias\/tudo-sobre-esg\/\">ESG<\/a> (sigla para social, ambiental e governan\u00e7a) em 2023 e que dever\u00e3o nortear 2024, segundo bancos, gestores e especialistas.<\/p><p>Fabio Alperowith, gestor da Fama re.capital, divulgou carta com previs\u00f5es &#8220;presun\u00e7osas&#8221; (nas palavras dele) que abarcam o tema para o novo ano.\u00a0Sobre quest\u00f5es clim\u00e1ticas, a vis\u00e3o de que a melhor forma de lidar \u00e9 financiar o novo (energias renov\u00e1veis) e excluir o velho (combust\u00edveis f\u00f3sseis, carv\u00e3o, agro, entre outros) tende a come\u00e7ar a mudar. O especialista aponta que deve crescer a ideia de que a transi\u00e7\u00e3o \u00e9 tamb\u00e9m um caminho.\u00a0<\/p><blockquote class=\"wp-block-quote is-layout-flow wp-block-quote-is-layout-flow\">\n<p>&#8220;Vai crescer a ideia de que a transi\u00e7\u00e3o seja tamb\u00e9m um caminho, transformando os detratores do clima, em vez de apenas exclu\u00ed-los&#8221;.<\/p>\n<cite>fabio alperowitch, gestor da fama re.capital, em carta.<\/cite><\/blockquote><p><\/p><p>A BlackRock, uma das maiores gestoras de ativos do mundo, aponta em relat\u00f3rio que a transi\u00e7\u00e3o energ\u00e9tica tende a ficar nas manchetes, e que um assunto relacionado tem se tornando um ponto importante no universo dos investimentos: clima e resili\u00eancia.\u00a0<\/p><p>A gestora destaca ainda\u00a0para a necessidade de as companhias se prepararem, adaptarem e reconstru\u00edrem ap\u00f3s danos clim\u00e1ticos.<\/p><figure class=\"wp-block-image size-large\"><img loading=\"lazy\" decoding=\"async\" width=\"1024\" height=\"682\" src=\"https:\/\/media.investnews.com.br\/uploads\/2023\/12\/aerial-view-of-coal-power-plant-high-pipes-with-bl-2023-11-27-05-06-24-utc-1024x682.jpg\" alt=\"Aerial view of coal power plant high pipes with black smoke moving up polluting atmosphere at sunset.\" class=\"wp-image-544738\" srcset=\"https:\/\/media.investnews.com.br\/uploads\/2023\/12\/aerial-view-of-coal-power-plant-high-pipes-with-bl-2023-11-27-05-06-24-utc-1024x682.jpg 1024w, https:\/\/media.investnews.com.br\/uploads\/2023\/12\/aerial-view-of-coal-power-plant-high-pipes-with-bl-2023-11-27-05-06-24-utc-300x200.jpg 300w, https:\/\/media.investnews.com.br\/uploads\/2023\/12\/aerial-view-of-coal-power-plant-high-pipes-with-bl-2023-11-27-05-06-24-utc-768x512.jpg 768w, https:\/\/media.investnews.com.br\/uploads\/2023\/12\/aerial-view-of-coal-power-plant-high-pipes-with-bl-2023-11-27-05-06-24-utc-1536x1024.jpg 1536w, https:\/\/media.investnews.com.br\/uploads\/2023\/12\/aerial-view-of-coal-power-plant-high-pipes-with-bl-2023-11-27-05-06-24-utc-2048x1365.jpg 2048w, https:\/\/media.investnews.com.br\/uploads\/2023\/12\/aerial-view-of-coal-power-plant-high-pipes-with-bl-2023-11-27-05-06-24-utc-1256x837.jpg 1256w, https:\/\/media.investnews.com.br\/uploads\/2023\/12\/aerial-view-of-coal-power-plant-high-pipes-with-bl-2023-11-27-05-06-24-utc-172x115.jpg 172w, https:\/\/media.investnews.com.br\/uploads\/2023\/12\/aerial-view-of-coal-power-plant-high-pipes-with-bl-2023-11-27-05-06-24-utc-150x100.jpg 150w\" sizes=\"auto, (max-width: 1024px) 100vw, 1024px\" \/><figcaption class=\"wp-element-caption\">Mudan\u00e7as clim\u00e1ticas |<strong>\u00a0<\/strong>EwaStudio<\/figcaption><\/figure><p>Para al\u00e9m da gestora, o BNP Paribas salientou em seu reporte anual que a maior parte do investimento nas altera\u00e7\u00f5es clim\u00e1ticas foi direcionada para a mitiga\u00e7\u00e3o, ou seja, os esfor\u00e7os para abordar as causas das altera\u00e7\u00f5es clim\u00e1ticas atrav\u00e9s da redu\u00e7\u00e3o das emiss\u00f5es, bem como tecnologias para captura e armazenamento de carbono.<\/p><p>&#8220;Contudo, como os riscos apresentados pelos efeitos f\u00edsicos das altera\u00e7\u00f5es clim\u00e1ticas tornam-se cada vez mais evidentes na nossa vida cotidiana, tornou-se clara a necessidade de uma aten\u00e7\u00e3o adicional \u00e0 adapta\u00e7\u00e3o&#8221;, aponta o banco.<\/p><p>No entanto, h\u00e1 uma\u00a0 parcela de pessoas que dizem desacreditar dos efeitos clim\u00e1ticos, apesar de sentir na pele os efeitos. Sobre estes, Alperowitch alerta que &#8220;negacionistas&#8221; do clima ter\u00e3o dificuldades em &#8220;sustentar seus devaneios&#8221;.\u00a0<\/p><blockquote class=\"wp-block-quote is-layout-flow wp-block-quote-is-layout-flow\">\n<p>&#8220;As mudan\u00e7as clim\u00e1ticas est\u00e3o a\u00ed, vis\u00edveis e palp\u00e1veis. A conscientiza\u00e7\u00e3o aumentou ap\u00f3s as ondas de calor de 2023, mas, infelizmente, tarde demais para evitar alguns impactos irrevers\u00edveis. Os negacionistas perderam, por\u00e9m venceram.<\/p>\n<cite>fabio alperowitch, gestor da fama re.capital, em carta.<\/cite><\/blockquote><p><\/p><h2 class=\"wp-block-heading\"><strong>Litig\u00e2ncia clim\u00e1tica<\/strong><\/h2><p>O gestor aponta tamb\u00e9m para o fato de os mais de 70 casos de litig\u00e2ncia clim\u00e1tica nos tribunais brasileiros\u00a0ainda ser tabu em muitos lugares, uma vez que os que litigam s\u00e3o vistos como &#8220;confrontadores, radicais ou baderneiros&#8221; e o litigado como v\u00edtima.<\/p><blockquote class=\"wp-block-quote is-layout-flow wp-block-quote-is-layout-flow\">\n<p>&#8220;Isso vai come\u00e7ar a mudar. Os litigantes come\u00e7ar\u00e3o, aos poucos, a serem vistos como necess\u00e1rios agentes de mudan\u00e7a, e os litigados como parte do problema, n\u00e3o v\u00edtimas&#8221;.<\/p>\n<\/blockquote><p>Cortes do mundo afora t\u00eam se deparado com a\u00e7\u00f5es ligadas ao aquecimento global, mais especificamente \u00e0 responsabiliza\u00e7\u00e3o de governos e empresas por a\u00e7\u00f5es que levam ao aumento de temperatura do planeta por organiza\u00e7\u00f5es do terceiro setor, minist\u00e9rios p\u00fablicos e outras organiza\u00e7\u00f5es.\u00a0<\/p><figure class=\"wp-block-image size-large\"><img loading=\"lazy\" decoding=\"async\" width=\"1024\" height=\"482\" src=\"https:\/\/media.investnews.com.br\/uploads\/2023\/12\/heatwave-hot-sun-climate-change-global-warming-2023-11-27-05-07-01-utc-1024x482.jpg\" alt=\"O sol irradia luz intensa atrav\u00e9s de nuvens alaranjadas em um c\u00e9u escuro.\" class=\"wp-image-544737\" srcset=\"https:\/\/media.investnews.com.br\/uploads\/2023\/12\/heatwave-hot-sun-climate-change-global-warming-2023-11-27-05-07-01-utc-1024x482.jpg 1024w, https:\/\/media.investnews.com.br\/uploads\/2023\/12\/heatwave-hot-sun-climate-change-global-warming-2023-11-27-05-07-01-utc-300x141.jpg 300w, https:\/\/media.investnews.com.br\/uploads\/2023\/12\/heatwave-hot-sun-climate-change-global-warming-2023-11-27-05-07-01-utc-768x362.jpg 768w, https:\/\/media.investnews.com.br\/uploads\/2023\/12\/heatwave-hot-sun-climate-change-global-warming-2023-11-27-05-07-01-utc-1536x724.jpg 1536w, https:\/\/media.investnews.com.br\/uploads\/2023\/12\/heatwave-hot-sun-climate-change-global-warming-2023-11-27-05-07-01-utc-2048x965.jpg 2048w, https:\/\/media.investnews.com.br\/uploads\/2023\/12\/heatwave-hot-sun-climate-change-global-warming-2023-11-27-05-07-01-utc-1256x592.jpg 1256w, https:\/\/media.investnews.com.br\/uploads\/2023\/12\/heatwave-hot-sun-climate-change-global-warming-2023-11-27-05-07-01-utc-172x81.jpg 172w, https:\/\/media.investnews.com.br\/uploads\/2023\/12\/heatwave-hot-sun-climate-change-global-warming-2023-11-27-05-07-01-utc-150x71.jpg 150w\" sizes=\"auto, (max-width: 1024px) 100vw, 1024px\" \/><figcaption class=\"wp-element-caption\">Aquecimento global <\/figcaption><\/figure><h2 class=\"wp-block-heading\"><strong>ESG mais polarizado<\/strong><\/h2><p>A quest\u00e3o \u00e9 que muitas pessoas ainda pensam que quest\u00f5es ambientais e de direitos humanos tem lado, segundo o gestor da Fama. E este \u00e9 um comportamento que n\u00e3o deve ficar em 2023, pelo contr\u00e1rio, tende a piorar, em especial por 2024 ser um ano com elei\u00e7\u00f5es presidenciais nos EUA com o potencial de ser uma das mais polarizadas da hist\u00f3ria americana.<\/p><p>&#8220;As elei\u00e7\u00f5es [nos EUA]&#8230; v\u00e3o inflamar ainda mais opini\u00f5es divididas em temas como clima, g\u00eanero, ra\u00e7a, imigra\u00e7\u00e3o, entre outros. Todos sair\u00e3o perdendo&#8221;, observa Alperowitch.\u00a0<\/p><p>Segundo levantamento do New York Times e da Universidade Siena realizado em novembro, Donald\u00a0Trump est\u00e1 na frente de Joe Biden em cinco dos seis estados mais decisivos nos EUA (Nevada, Arizona, Ge\u00f3rgia, Michigan, e Pensilv\u00e2nia).\u00a0<\/p><p>Mas recentemente, a Suprema Corte do Colorado considerou Trump ineleg\u00edvel para a presid\u00eancia devido ao papel do republicano no ataque ao Capit\u00f3lio em 6 de janeiro de 2021.\u00a0O  partido republicano recorreu da decis\u00e3o. <\/p><h2 class=\"wp-block-heading\"><strong>Regula\u00e7\u00e3o: evolu\u00e7\u00e3o ou revolu\u00e7\u00e3o?<\/strong><\/h2><p>\u00c0 medida que o investimento sustent\u00e1vel amadurece, o ambiente regulat\u00f3rio continua a se desenvolver e uma gama mais ampla de quest\u00f5es <a href=\"https:\/\/investnews.com.br\/guias\/tudo-sobre-esg\/\">ESG<\/a> est\u00e1 entrando em foco.<\/p><p>No segundo trimestre de 2024, a Comiss\u00e3o Europeia deve publicar o resultado da consulta sobre o futuro do seu Regulamento de Divulga\u00e7\u00e3o de Finan\u00e7as Sustent\u00e1veis (SFDR).<\/p><p>Uma proposta \u00e9 substituir a abordagem atual por um esquema de categoriza\u00e7\u00e3o de fundos semelhante ao estabelecido pelos Requisitos de Divulga\u00e7\u00e3o de Sustentabilidade (SDR) do Reino Unido.<\/p><p>Segundo o BNP Paribas, o investimento sustent\u00e1vel ainda \u00e9 uma abordagem relativamente nova e \u00e9 inevit\u00e1vel que a regulamenta\u00e7\u00e3o continue a se desenvolver em um ritmo acelerado, mas resta saber se o SFDR vai significar uma revolu\u00e7\u00e3o ou simplesmente uma evolu\u00e7\u00e3o.<\/p><blockquote class=\"wp-block-quote is-layout-flow wp-block-quote-is-layout-flow\">\n<p>&#8220;O quadro global acrescenta uma camada de complica\u00e7\u00e3o, com a regulamenta\u00e7\u00e3o sobre a sustentabilidade dos investimentos em andamento nos EUA e na \u00c1sia. Nos pr\u00f3ximos anos, o desafio para gestores de ativos globais dever\u00e1 conciliar os diferentes requisitos das regulamenta\u00e7\u00f5es regimes em todo o mundo, assegurando ao mesmo tempo que os seus esfor\u00e7os trazem clareza e n\u00e3o confus\u00e3o, para investidores&#8221;.<\/p>\n<cite>BNP ParibaS, EM RELAT\u00d3RIO.<\/cite><\/blockquote><p>O Brasil \u00e9 pioneiro ao adotar o padr\u00e3o global ISSB (International Sustainability Standards Board) de reporte de sustentabilidade que come\u00e7a de forma volunt\u00e1ria em 2024 e vira obrigat\u00f3ria em 2027.\u00a0 <\/p><p>O pa\u00eds anunciou recentemente as duas primeiras normas de sustentabilidade do International Financial Reporting Standards (IFRS), respons\u00e1vel pelo padr\u00e3o cont\u00e1bil global.\u00a0\u00a0<\/p><p>Isso porque os resultados econ\u00f4mico-financeiros j\u00e1 n\u00e3o s\u00e3o mais suficientes para medir os riscos das empresas, sendo essencial que\u00a0informa\u00e7\u00f5es sobre ESG constem nos reportes para que os stakeholders tomem suas decis\u00f5es. Por\u00e9m, para a mensura\u00e7\u00e3o dos dados como valor tang\u00edvel \u00e9 fundamental que seja audit\u00e1vel. Por isso surgiram as normas IFRS S1 e IFRS S2.<\/p><p>No entanto, o gestor da Fama aponta que h\u00e1 efeitos colaterais, j\u00e1 que o caminho escolhido reporta as informa\u00e7\u00f5es de sustentabilidade das empresas e como tais assuntos impactam a respectiva companhia.<\/p><p>Segundo Alperowitch, um outro caminho que poderia ter sido escolhido era o da \u201cdupla materialidade\u201d, que tamb\u00e9m reporta como a empresa impacta o planeta, em seus m\u00faltiplos stakeholders \u2013 da mesma forma que caminha a Comiss\u00e3o Europeia.<\/p><p>&#8220;Algumas empresas v\u00e3o come\u00e7ar a discutir em 2024 a ado\u00e7\u00e3o do ISSB, refor\u00e7ando a cultura do <a href=\"https:\/\/investnews.com.br\/guias\/acionista-o-que-e-e-como-funciona\/\">acionista<\/a> (<em>shareholder<\/em>) em detrimento da do <em>stakeholder<\/em>, que \u00e9 para onde dever\u00edamos rumar.&#8221;<\/p><h2 class=\"wp-block-heading\">Brasil rumo \u00e0 COP<\/h2><p>J\u00e1 sobre o Brasil sediar a COP-30 em Bel\u00e9m, entre 10 e 21 de novembro de 2025, o gestor diz em sua carta que as discuss\u00f5es no pr\u00f3ximo ano estar\u00e3o desfocadas, com o foco<strong> <\/strong>mais no evento do que em seu legado.\u00a0<\/p><p>&#8220;Vamos gastar energia tentando impressionar e apresentar grandes conquistas passadas ao inv\u00e9s de criarmos algo duradouro para as pr\u00f3ximas d\u00e9cadas&#8221;.<\/p><p><\/p>\n","protected":false},"excerpt":{"rendered":"<p>Pautas discutidas e que avan\u00e7aram em 2023 devem continuar a dar o tom do pr\u00f3ximo ano. <\/p>\n","protected":false},"author":37,"featured_media":544738,"comment_status":"closed","ping_status":"open","sticky":false,"template":"","format":"standard","meta":{"_acf_changed":false,"inline_featured_image":false,"footnotes":""},"categories":[6],"tags":[1673,1674],"autor-wsj":[],"coauthors":[2270],"class_list":["post-544736","post","type-post","status-publish","format-standard","has-post-thumbnail","hentry","category-negocios","tag-esg","tag-sustentabilidade"],"acf":[],"amp_enabled":true,"_links":{"self":[{"href":"https:\/\/investnews.com.br\/inv-api\/wp\/v2\/posts\/544736","targetHints":{"allow":["GET"]}}],"collection":[{"href":"https:\/\/investnews.com.br\/inv-api\/wp\/v2\/posts"}],"about":[{"href":"https:\/\/investnews.com.br\/inv-api\/wp\/v2\/types\/post"}],"author":[{"embeddable":true,"href":"https:\/\/investnews.com.br\/inv-api\/wp\/v2\/users\/37"}],"replies":[{"embeddable":true,"href":"https:\/\/investnews.com.br\/inv-api\/wp\/v2\/comments?post=544736"}],"version-history":[{"count":13,"href":"https:\/\/investnews.com.br\/inv-api\/wp\/v2\/posts\/544736\/revisions"}],"predecessor-version":[{"id":703115,"href":"https:\/\/investnews.com.br\/inv-api\/wp\/v2\/posts\/544736\/revisions\/703115"}],"wp:featuredmedia":[{"embeddable":true,"href":"https:\/\/investnews.com.br\/inv-api\/wp\/v2\/media\/544738"}],"wp:attachment":[{"href":"https:\/\/investnews.com.br\/inv-api\/wp\/v2\/media?parent=544736"}],"wp:term":[{"taxonomy":"category","embeddable":true,"href":"https:\/\/investnews.com.br\/inv-api\/wp\/v2\/categories?post=544736"},{"taxonomy":"post_tag","embeddable":true,"href":"https:\/\/investnews.com.br\/inv-api\/wp\/v2\/tags?post=544736"},{"taxonomy":"autor-wsj","embeddable":true,"href":"https:\/\/investnews.com.br\/inv-api\/wp\/v2\/autor-wsj?post=544736"},{"taxonomy":"author","embeddable":true,"href":"https:\/\/investnews.com.br\/inv-api\/wp\/v2\/coauthors?post=544736"}],"curies":[{"name":"wp","href":"https:\/\/api.w.org\/{rel}","templated":true}]}}