{"id":545479,"date":"2024-01-05T18:56:54","date_gmt":"2024-01-05T21:56:54","guid":{"rendered":"https:\/\/investnews.com.br\/?p=545479"},"modified":"2024-01-05T18:56:56","modified_gmt":"2024-01-05T21:56:56","slug":"gol-tem-queda-em-demanda-por-voos-em-dezembro-sobre-um-ano-antes","status":"publish","type":"post","link":"https:\/\/investnews.com.br\/negocios\/gol-tem-queda-em-demanda-por-voos-em-dezembro-sobre-um-ano-antes\/","title":{"rendered":"Gol tem queda em demanda por voos em dezembro sobre um ano antes"},"content":{"rendered":"\n<p>A companhia a\u00e9rea Gol teve queda de 2,5% na demanda de passageiros por voos em dezembro na compara\u00e7\u00e3o com o mesmo m\u00eas de 2022, com a oferta da empresa recuando 8,1% no mesmo per\u00edodo, segundo relat\u00f3rio de tr\u00e1fego divulgado nesta sexta-feira.<\/p>\n\n\n\n<p>No quarto trimestre, a companhia apurou baixa na demanda de 1,1% e queda na oferta de 5,7% ante o mesmo trimestre de 2022.<\/p>\n\n\n\n<p>Em ambos os per\u00edodos, a oferta e a demanda da empresa recuaram no Brasil, segundo os dados apresentados nesta sexta-feira.<\/p>\n\n\n\n<p>No internacional, por\u00e9m, a demanda subiu 17% em dezembro e ficou praticamente est\u00e1vel no trimestre, enquanto a oferta caiu 3,8% em dezembro e despencou 12,3% nos \u00faltimos tr\u00eas meses do ano.<\/p>\n\n\n\n<p>Em meados de dezembro, o presidente-executivo da Gol, Celso Ferrer, afirmou que o atraso nas entregas de aeronaves 737 MAX pela Boeing \u00e9 o &#8220;principal desafio&#8221; da companhia a\u00e9rea.<\/p>\n\n\n\n<p>A Gol esperava ter 53 avi\u00f5es MAX voando em dezembro, mas at\u00e9 setembro tinha apenas 38, disse Ferrer na ocasi\u00e3o.<\/p>\n\n\n\n<p>Os fabricantes de aeronaves t\u00eam enfrentado gargalos na cadeia de abastecimento e interrup\u00e7\u00f5es de produ\u00e7\u00e3o. A Gol espera que as aeronaves MAX representem 80% de sua frota at\u00e9 2028.<\/p>\n","protected":false},"excerpt":{"rendered":"<p>A companhia a\u00e9rea Gol teve queda de 2,5% na demanda de passageiros por voos em dezembro na compara\u00e7\u00e3o com o mesmo m\u00eas de 2022, com a oferta da empresa recuando 8,1% no mesmo per\u00edodo, segundo relat\u00f3rio de tr\u00e1fego divulgado nesta sexta-feira. No quarto trimestre, a companhia apurou baixa na demanda de 1,1% e queda na [&hellip;]<\/p>\n","protected":false},"author":61,"featured_media":0,"comment_status":"closed","ping_status":"open","sticky":false,"template":"","format":"standard","meta":{"_acf_changed":false,"inline_featured_image":false,"footnotes":""},"categories":[6],"tags":[181],"autor-wsj":[],"coauthors":[2494],"class_list":["post-545479","post","type-post","status-publish","format-standard","hentry","category-negocios","tag-gol"],"acf":[],"amp_enabled":true,"_links":{"self":[{"href":"https:\/\/investnews.com.br\/inv-api\/wp\/v2\/posts\/545479","targetHints":{"allow":["GET"]}}],"collection":[{"href":"https:\/\/investnews.com.br\/inv-api\/wp\/v2\/posts"}],"about":[{"href":"https:\/\/investnews.com.br\/inv-api\/wp\/v2\/types\/post"}],"author":[{"embeddable":true,"href":"https:\/\/investnews.com.br\/inv-api\/wp\/v2\/users\/61"}],"replies":[{"embeddable":true,"href":"https:\/\/investnews.com.br\/inv-api\/wp\/v2\/comments?post=545479"}],"version-history":[{"count":2,"href":"https:\/\/investnews.com.br\/inv-api\/wp\/v2\/posts\/545479\/revisions"}],"predecessor-version":[{"id":545485,"href":"https:\/\/investnews.com.br\/inv-api\/wp\/v2\/posts\/545479\/revisions\/545485"}],"wp:attachment":[{"href":"https:\/\/investnews.com.br\/inv-api\/wp\/v2\/media?parent=545479"}],"wp:term":[{"taxonomy":"category","embeddable":true,"href":"https:\/\/investnews.com.br\/inv-api\/wp\/v2\/categories?post=545479"},{"taxonomy":"post_tag","embeddable":true,"href":"https:\/\/investnews.com.br\/inv-api\/wp\/v2\/tags?post=545479"},{"taxonomy":"autor-wsj","embeddable":true,"href":"https:\/\/investnews.com.br\/inv-api\/wp\/v2\/autor-wsj?post=545479"},{"taxonomy":"author","embeddable":true,"href":"https:\/\/investnews.com.br\/inv-api\/wp\/v2\/coauthors?post=545479"}],"curies":[{"name":"wp","href":"https:\/\/api.w.org\/{rel}","templated":true}]}}