{"id":545525,"date":"2024-01-08T13:45:37","date_gmt":"2024-01-08T16:45:37","guid":{"rendered":"https:\/\/investnews.com.br\/?p=545525"},"modified":"2025-08-08T16:16:27","modified_gmt":"2025-08-08T19:16:27","slug":"apple-vai-iniciar-vendas-do-vision-pro-nos-eua-a-partir-de-fevereiro","status":"publish","type":"post","link":"https:\/\/investnews.com.br\/negocios\/apple-vai-iniciar-vendas-do-vision-pro-nos-eua-a-partir-de-fevereiro\/","title":{"rendered":"Apple vai iniciar vendas do Vision Pro nos EUA a partir de fevereiro"},"content":{"rendered":"<p>A <a href=\"https:\/\/investnews.com.br\/negocios\/historia-da-apple\/\">Apple<\/a> anunciou nesta segunda-feira que seu dispositivo Vision Pro estar\u00e1 dispon\u00edvel nos Estados Unidos a partir de 2 de fevereiro, meses ap\u00f3s ter sido lan\u00e7ado, a fim de conquistar um mercado de \u00f3culos de realidade aumentada dominado pela Meta, controladora do Facebook.<\/p><p>O Vision Pro \u00e9 a aposta mais cara da Apple desde o iPhone, lan\u00e7ado pela primeira vez h\u00e1 mais de uma d\u00e9cada. O Vision Pro tem pre\u00e7o inicial de 3.499 d\u00f3lares e custa mais de tr\u00eas vezes o valor do aparelho mais caro da linha de dispositivos de realidade mista e virtual da Meta.<\/p><figure class=\"wp-block-image size-large\"><img loading=\"lazy\" decoding=\"async\" width=\"1024\" height=\"693\" src=\"https:\/\/media.investnews.com.br\/uploads\/2024\/01\/2024-01-08T161913Z_1_LYNXMPEK070L0_RTROPTP_4_APPLE-VISION-PRO-1024x693.jpg\" alt=\"Um headset VR\/AR branco e prateado com visor espelhado azul, em exposi\u00e7\u00e3o.\" class=\"wp-image-545526\" srcset=\"https:\/\/media.investnews.com.br\/uploads\/2024\/01\/2024-01-08T161913Z_1_LYNXMPEK070L0_RTROPTP_4_APPLE-VISION-PRO-1024x693.jpg 1024w, https:\/\/media.investnews.com.br\/uploads\/2024\/01\/2024-01-08T161913Z_1_LYNXMPEK070L0_RTROPTP_4_APPLE-VISION-PRO-300x203.jpg 300w, https:\/\/media.investnews.com.br\/uploads\/2024\/01\/2024-01-08T161913Z_1_LYNXMPEK070L0_RTROPTP_4_APPLE-VISION-PRO-768x520.jpg 768w, https:\/\/media.investnews.com.br\/uploads\/2024\/01\/2024-01-08T161913Z_1_LYNXMPEK070L0_RTROPTP_4_APPLE-VISION-PRO-1536x1040.jpg 1536w, https:\/\/media.investnews.com.br\/uploads\/2024\/01\/2024-01-08T161913Z_1_LYNXMPEK070L0_RTROPTP_4_APPLE-VISION-PRO-2048x1387.jpg 2048w, https:\/\/media.investnews.com.br\/uploads\/2024\/01\/2024-01-08T161913Z_1_LYNXMPEK070L0_RTROPTP_4_APPLE-VISION-PRO-1256x850.jpg 1256w, https:\/\/media.investnews.com.br\/uploads\/2024\/01\/2024-01-08T161913Z_1_LYNXMPEK070L0_RTROPTP_4_APPLE-VISION-PRO-172x116.jpg 172w, https:\/\/media.investnews.com.br\/uploads\/2024\/01\/2024-01-08T161913Z_1_LYNXMPEK070L0_RTROPTP_4_APPLE-VISION-PRO-150x102.jpg 150w\" sizes=\"auto, (max-width: 1024px) 100vw, 1024px\" \/><figcaption class=\"wp-element-caption\">Vision Pro, da Apple, em confer\u00eancia de desenvolvedores na Calif\u00f3rnia, EUA\n5\/6\/2023 REUTERS\/Loren Elliott<\/figcaption><\/figure><p>Ele poder\u00e1 ser pr\u00e9-encomendado a partir de 19 de janeiro, de acordo com a empresa. O dispositivo utiliza um novo chip chamado R1, que processar\u00e1 informa\u00e7\u00f5es a partir de seus sensores em menos tempo do que um piscar de olhos.<\/p><p>O headset testar\u00e1 um mercado saturado com dispositivos que ainda n\u00e3o conseguiram conquistar os consumidores, colocando-o em competi\u00e7\u00e3o direta com a Meta, ap\u00f3s anos de conflitos entre as empresas sobre quest\u00f5es como privacidade do usu\u00e1rio e controle de plataformas para desenvolvedores.<\/p><p>Em setembro, a Apple lan\u00e7ou uma nova s\u00e9rie de iPhones com revestimento de tit\u00e2nio, um chip mais r\u00e1pido e melhores capacidades para rodar jogos, mas n\u00e3o aumentou os pre\u00e7os em meio a uma desacelera\u00e7\u00e3o global na demanda por smartphones.<\/p><ul class=\"wp-block-list\">\n<li><strong><em>Descubra a <\/em><\/strong><a href=\"https:\/\/investnews.com.br\/perfis-empresas\/historia-da-apple\/\" target=\"_blank\" rel=\"noreferrer noopener\">hist\u00f3ria da Apple<\/a><strong><em> e como ela mudou o mundo<\/em><\/strong><\/li>\n<\/ul>\n","protected":false},"excerpt":{"rendered":"<p>O Vision Pro \u00e9 a aposta mais cara da Apple desde o iPhone, lan\u00e7ado pela primeira vez h\u00e1 mais de uma d\u00e9cada.<\/p>\n","protected":false},"author":61,"featured_media":545526,"comment_status":"closed","ping_status":"open","sticky":false,"template":"","format":"standard","meta":{"_acf_changed":false,"inline_featured_image":false,"footnotes":""},"categories":[6],"tags":[329],"autor-wsj":[],"coauthors":[2494],"class_list":["post-545525","post","type-post","status-publish","format-standard","has-post-thumbnail","hentry","category-negocios","tag-apple"],"acf":[],"amp_enabled":true,"_links":{"self":[{"href":"https:\/\/investnews.com.br\/inv-api\/wp\/v2\/posts\/545525","targetHints":{"allow":["GET"]}}],"collection":[{"href":"https:\/\/investnews.com.br\/inv-api\/wp\/v2\/posts"}],"about":[{"href":"https:\/\/investnews.com.br\/inv-api\/wp\/v2\/types\/post"}],"author":[{"embeddable":true,"href":"https:\/\/investnews.com.br\/inv-api\/wp\/v2\/users\/61"}],"replies":[{"embeddable":true,"href":"https:\/\/investnews.com.br\/inv-api\/wp\/v2\/comments?post=545525"}],"version-history":[{"count":6,"href":"https:\/\/investnews.com.br\/inv-api\/wp\/v2\/posts\/545525\/revisions"}],"predecessor-version":[{"id":703097,"href":"https:\/\/investnews.com.br\/inv-api\/wp\/v2\/posts\/545525\/revisions\/703097"}],"wp:featuredmedia":[{"embeddable":true,"href":"https:\/\/investnews.com.br\/inv-api\/wp\/v2\/media\/545526"}],"wp:attachment":[{"href":"https:\/\/investnews.com.br\/inv-api\/wp\/v2\/media?parent=545525"}],"wp:term":[{"taxonomy":"category","embeddable":true,"href":"https:\/\/investnews.com.br\/inv-api\/wp\/v2\/categories?post=545525"},{"taxonomy":"post_tag","embeddable":true,"href":"https:\/\/investnews.com.br\/inv-api\/wp\/v2\/tags?post=545525"},{"taxonomy":"autor-wsj","embeddable":true,"href":"https:\/\/investnews.com.br\/inv-api\/wp\/v2\/autor-wsj?post=545525"},{"taxonomy":"author","embeddable":true,"href":"https:\/\/investnews.com.br\/inv-api\/wp\/v2\/coauthors?post=545525"}],"curies":[{"name":"wp","href":"https:\/\/api.w.org\/{rel}","templated":true}]}}