{"id":551411,"date":"2024-01-23T07:20:05","date_gmt":"2024-01-23T10:20:05","guid":{"rendered":"https:\/\/investnews.com.br\/?p=551411"},"modified":"2024-01-23T07:20:07","modified_gmt":"2024-01-23T10:20:07","slug":"plano-do-governo-para-industria-e-passo-certo-para-o-desenvolvimento-ve-fiesp","status":"publish","type":"post","link":"https:\/\/investnews.com.br\/economia\/plano-do-governo-para-industria-e-passo-certo-para-o-desenvolvimento-ve-fiesp\/","title":{"rendered":"Plano do governo para ind\u00fastria \u00e9 passo certo para o desenvolvimento, v\u00ea Fiesp"},"content":{"rendered":"<p>S\u00c3O PAULO (Reuters) -A pol\u00edtica industrial lan\u00e7ada pelo governo federal nesta segunda-feira tem potencial de incentivar o desenvolvimento do setor assim como o Plano Safra tem impulsionado o agroneg\u00f3cio do pa\u00eds ao longo dos \u00faltimos anos, disse o economista-chefe da Federa\u00e7\u00e3o das Ind\u00fastrias do Estado de S\u00e3o Paulo (Fiesp), Igor Rocha.<\/p>\n<p>O governo anunciou mais cedo um plano de desenvolvimento para a ind\u00fastria at\u00e9 2033 e previu, entre os instrumentos para estimular o setor, 300 bilh\u00f5es de reais em linhas de cr\u00e9dito, subs\u00eddios a empresas e exig\u00eancias de conte\u00fado local nos produtos.<\/p>\n<p>&#8220;O grande m\u00e9rito do plano que foi apresentado \u00e9 colocar de forma muito clara a ind\u00fastria da transforma\u00e7\u00e3o como vela propulsora do desenvolvimento&#8221;, disse Rocha.<\/p>\n<p>O plano chega para tentar conter um movimento de queda da participa\u00e7\u00e3o da ind\u00fastria da transforma\u00e7\u00e3o no PIB, que j\u00e1 chegou a mais de 20% nas d\u00e9cadas de 1970 e 1980 e atualmente \u00e9 de cerca de 13%, segundo dados de Rocha.<\/p>\n<p>&#8220;Olhando para essa experi\u00eancia do Plano Safra no agro, o Plano Mais Produ\u00e7\u00e3o tem condi\u00e7\u00e3o de ser o Plano Safra da Ind\u00fastria&#8221;, disse Rocha, citando o pilar da pol\u00edtica que engloba mecanismos para o financiamento do setor industrial de forma cont\u00ednua nos pr\u00f3ximos tr\u00eas anos.<\/p>\n<p>&#8220;O Plano Safra n\u00e3o \u00e9 uma medida apenas, s\u00e3o v\u00e1rias medidas que formam um ecossistema de a\u00e7\u00f5es&#8230; O Plano Mais Produ\u00e7\u00e3o procura trazer uma isonomia com outros setores&#8221;, disse o economista. &#8220;Ningu\u00e9m pode ser contra inova\u00e7\u00e3o, descarboniza\u00e7\u00e3o e produtividade&#8221;, afirmou.<\/p>\n<p>Dos 300 bilh\u00f5es de reais do Mais Produ\u00e7\u00e3o at\u00e9 2026, 106 bilh\u00f5es de reais j\u00e1 foram anunciados em julho do ano passado, segundo afirmou o Minist\u00e9rio do Desenvolvimento, Ind\u00fastria, Com\u00e9rcio e Servi\u00e7os (MDIC), mais cedo.<\/p>\n<p>Questionado sobre temas recorrentes da ind\u00fastria da transforma\u00e7\u00e3o como prote\u00e7\u00e3o comercial e simplifica\u00e7\u00e3o tribut\u00e1ria, Rocha disse que a pol\u00edtica industrial apresentada nesta segunda-feira trata de quest\u00f5es estruturais, mas precisa ter temas como regras de conte\u00fado local &#8220;constru\u00eddas em sinergia com o setor privado&#8221; nos pr\u00f3ximos meses.<\/p>\n<p>Para o presidente da Associa\u00e7\u00e3o Brasileira da Ind\u00fastria do Pl\u00e1stico (Abiplast), a proposta \u00e9 um bom ponto de partida, mas precisar\u00e1 de muita determina\u00e7\u00e3o por parte do governo para ser implementada.<\/p>\n<p>&#8220;\u00c9 um bom come\u00e7o, muito bem elaborada e abrangente, mas precisa de muito foco para ser executada. O custo Brasil vai continuar sendo o maior impedimento para desenvolvermos uma ind\u00fastria competitiva no Brasil&#8221;, disse Jos\u00e9 Ricardo Roriz Coelho.<\/p>\n<p>No <a href=\"https:\/\/investnews.com.br\/guias\/como-funciona-o-mercado-financeiro\/\">mercado financeiro<\/a>, o plano foi visto como um fator de risco para o equil\u00edbrio fiscal, fazendo o d\u00f3lar \u00e0 vista subir mais de 1% ante o real nesta segunda-feira, em movimento sustentado ainda pela recupera\u00e7\u00e3o da divisa dos Estados Unidos no exterior durante a tarde.<\/p>\n<p>A percep\u00e7\u00e3o mais geral foi de que os 300 bilh\u00f5es de reais anunciados &#8212; ainda que possam estar ligados a opera\u00e7\u00f5es do BNDES, o que n\u00e3o necessariamente trar\u00e1 impacto fiscal &#8212; eleva o risco em rela\u00e7\u00e3o \u00e0s contas do governo. Em rea\u00e7\u00e3o, o d\u00f3lar se reaproximou dos 5,00 reais.<\/p>\n<p>\u201cH\u00e1 uma recomposi\u00e7\u00e3o de posi\u00e7\u00f5es defensivas\u201d, pontuou o diretor da Correparti Corretora, Jefferson Rugik, ao justificar a alta firme do d\u00f3lar ante o real. \u201cO programa pode trazer despesas para o governo e o mercado se ajusta, vai para a prote\u00e7\u00e3o do d\u00f3lar.\u201d<\/p>\n<p>(Por Alberto Alerigi Jr.Edi\u00e7\u00e3o de Paula Arend Laier e Pedro Fonseca)<\/p>\n","protected":false},"excerpt":{"rendered":"<p>S\u00c3O PAULO (Reuters) -A pol\u00edtica industrial lan\u00e7ada pelo governo federal nesta segunda-feira tem potencial de incentivar o desenvolvimento do setor assim como o Plano Safra tem impulsionado o agroneg\u00f3cio do pa\u00eds ao longo dos \u00faltimos anos, disse o economista-chefe da Federa\u00e7\u00e3o das Ind\u00fastrias do Estado de S\u00e3o Paulo (Fiesp), Igor Rocha. O governo anunciou mais [&hellip;]<\/p>\n","protected":false},"author":61,"featured_media":0,"comment_status":"closed","ping_status":"open","sticky":false,"template":"","format":"standard","meta":{"_acf_changed":false,"inline_featured_image":false,"footnotes":""},"categories":[5],"tags":[102288],"autor-wsj":[],"coauthors":[2494],"class_list":["post-551411","post","type-post","status-publish","format-standard","hentry","category-economia","tag-reuters"],"acf":[],"amp_enabled":true,"_links":{"self":[{"href":"https:\/\/investnews.com.br\/inv-api\/wp\/v2\/posts\/551411","targetHints":{"allow":["GET"]}}],"collection":[{"href":"https:\/\/investnews.com.br\/inv-api\/wp\/v2\/posts"}],"about":[{"href":"https:\/\/investnews.com.br\/inv-api\/wp\/v2\/types\/post"}],"author":[{"embeddable":true,"href":"https:\/\/investnews.com.br\/inv-api\/wp\/v2\/users\/61"}],"replies":[{"embeddable":true,"href":"https:\/\/investnews.com.br\/inv-api\/wp\/v2\/comments?post=551411"}],"version-history":[{"count":2,"href":"https:\/\/investnews.com.br\/inv-api\/wp\/v2\/posts\/551411\/revisions"}],"predecessor-version":[{"id":551419,"href":"https:\/\/investnews.com.br\/inv-api\/wp\/v2\/posts\/551411\/revisions\/551419"}],"wp:attachment":[{"href":"https:\/\/investnews.com.br\/inv-api\/wp\/v2\/media?parent=551411"}],"wp:term":[{"taxonomy":"category","embeddable":true,"href":"https:\/\/investnews.com.br\/inv-api\/wp\/v2\/categories?post=551411"},{"taxonomy":"post_tag","embeddable":true,"href":"https:\/\/investnews.com.br\/inv-api\/wp\/v2\/tags?post=551411"},{"taxonomy":"autor-wsj","embeddable":true,"href":"https:\/\/investnews.com.br\/inv-api\/wp\/v2\/autor-wsj?post=551411"},{"taxonomy":"author","embeddable":true,"href":"https:\/\/investnews.com.br\/inv-api\/wp\/v2\/coauthors?post=551411"}],"curies":[{"name":"wp","href":"https:\/\/api.w.org\/{rel}","templated":true}]}}