{"id":551533,"date":"2024-01-23T11:06:44","date_gmt":"2024-01-23T14:06:44","guid":{"rendered":"https:\/\/investnews.com.br\/?p=551533"},"modified":"2024-01-23T11:06:46","modified_gmt":"2024-01-23T14:06:46","slug":"ibovespa-ensaia-recuperacao-apos-renovar-minimas-em-mais-de-um-mes","status":"publish","type":"post","link":"https:\/\/investnews.com.br\/economia\/ibovespa-ensaia-recuperacao-apos-renovar-minimas-em-mais-de-um-mes\/","title":{"rendered":"Ibovespa ensaia recupera\u00e7\u00e3o ap\u00f3s renovar m\u00ednimas em mais de um m\u00eas"},"content":{"rendered":"<p>S\u00c3O PAULO (Reuters) &#8211;     A bolsa paulista abria com vi\u00e9s positivo nesta ter\u00e7a-feira, buscando alguma recupera\u00e7\u00e3o ap\u00f3s renovar m\u00ednimas desde meados de dezembro na v\u00e9spera, enquanto a alta dos futuros do min\u00e9rio de ferro na \u00c1sia beneficiava as a\u00e7\u00f5es da Vale.<\/p>\n<p>Tamb\u00e9m no radar estava a entrevista do ministro da Fazenda, Fernando Haddad, ao programa Roda Viva na noite de segunda-feira, na qual ele ressaltou que persegue o objetivo do d\u00e9ficit zero com convic\u00e7\u00e3o.<\/p>\n<p>Da cena corporativa, as a\u00e7\u00f5es do IRB(Re) valorizavam-se mais de 5%, ap\u00f3s a resseguradora divulgar lucro em novembro, enquanto os pap\u00e9is do varejista GPA avan\u00e7avam cerca de 3% ap\u00f3s acionistas aprovarem um aumento do limite do capital autorizado da companhia<\/p>\n<p>\u00c0s 10h09, o Ibovespa subia 0,49%, a 127.225,69 pontos. O contrato futuro do Ibovespa com vencimento mais curto, em 14 de fevereiro, tinha eleva\u00e7\u00e3o de 0,47%.<\/p>\n<p>(Por Paula Arend Laier)<\/p>\n","protected":false},"excerpt":{"rendered":"<p>S\u00c3O PAULO (Reuters) &#8211; A bolsa paulista abria com vi\u00e9s positivo nesta ter\u00e7a-feira, buscando alguma recupera\u00e7\u00e3o ap\u00f3s renovar m\u00ednimas desde meados de dezembro na v\u00e9spera, enquanto a alta dos futuros do min\u00e9rio de ferro na \u00c1sia beneficiava as a\u00e7\u00f5es da Vale. Tamb\u00e9m no radar estava a entrevista do ministro da Fazenda, Fernando Haddad, ao programa [&hellip;]<\/p>\n","protected":false},"author":61,"featured_media":0,"comment_status":"closed","ping_status":"open","sticky":false,"template":"","format":"standard","meta":{"_acf_changed":false,"inline_featured_image":false,"footnotes":""},"categories":[5],"tags":[102288],"autor-wsj":[],"coauthors":[2494],"class_list":["post-551533","post","type-post","status-publish","format-standard","hentry","category-economia","tag-reuters"],"acf":[],"amp_enabled":true,"_links":{"self":[{"href":"https:\/\/investnews.com.br\/inv-api\/wp\/v2\/posts\/551533","targetHints":{"allow":["GET"]}}],"collection":[{"href":"https:\/\/investnews.com.br\/inv-api\/wp\/v2\/posts"}],"about":[{"href":"https:\/\/investnews.com.br\/inv-api\/wp\/v2\/types\/post"}],"author":[{"embeddable":true,"href":"https:\/\/investnews.com.br\/inv-api\/wp\/v2\/users\/61"}],"replies":[{"embeddable":true,"href":"https:\/\/investnews.com.br\/inv-api\/wp\/v2\/comments?post=551533"}],"version-history":[{"count":2,"href":"https:\/\/investnews.com.br\/inv-api\/wp\/v2\/posts\/551533\/revisions"}],"predecessor-version":[{"id":551539,"href":"https:\/\/investnews.com.br\/inv-api\/wp\/v2\/posts\/551533\/revisions\/551539"}],"wp:attachment":[{"href":"https:\/\/investnews.com.br\/inv-api\/wp\/v2\/media?parent=551533"}],"wp:term":[{"taxonomy":"category","embeddable":true,"href":"https:\/\/investnews.com.br\/inv-api\/wp\/v2\/categories?post=551533"},{"taxonomy":"post_tag","embeddable":true,"href":"https:\/\/investnews.com.br\/inv-api\/wp\/v2\/tags?post=551533"},{"taxonomy":"autor-wsj","embeddable":true,"href":"https:\/\/investnews.com.br\/inv-api\/wp\/v2\/autor-wsj?post=551533"},{"taxonomy":"author","embeddable":true,"href":"https:\/\/investnews.com.br\/inv-api\/wp\/v2\/coauthors?post=551533"}],"curies":[{"name":"wp","href":"https:\/\/api.w.org\/{rel}","templated":true}]}}