{"id":551626,"date":"2024-01-23T18:10:18","date_gmt":"2024-01-23T21:10:18","guid":{"rendered":"https:\/\/investnews.com.br\/?p=551626"},"modified":"2024-01-23T18:10:20","modified_gmt":"2024-01-23T21:10:20","slug":"mpf-pede-a-justica-que-enel-sp-indenize-clientes-por-vazamento-de-dados-pessoais","status":"publish","type":"post","link":"https:\/\/investnews.com.br\/economia\/mpf-pede-a-justica-que-enel-sp-indenize-clientes-por-vazamento-de-dados-pessoais\/","title":{"rendered":"MPF pede \u00e0 Justi\u00e7a que Enel SP indenize clientes por vazamento de dados pessoais"},"content":{"rendered":"<p>S\u00c3O PAULO (Reuters) &#8211;     O Minist\u00e9rio P\u00fablico Federal (MPF) pediu \u00e0 Justi\u00e7a Federal que a distribuidora de energia Enel S\u00e3o Paulo seja condenada a pagar indeniza\u00e7\u00f5es pelo vazamento de dados de mais de 4 milh\u00f5es de clientes em novembro de 2020.<\/p>\n<p>Segundo o \u00f3rg\u00e3o, desde o vazamento, ocorrido h\u00e1 mais de tr\u00eas anos, a Enel n\u00e3o comprovou nenhuma provid\u00eancia adotada para auxiliar os lesados ou reduzir os danos que a exposi\u00e7\u00e3o p\u00fablica e ilegal de dados provocou.<\/p>\n<p>O MPF requer que a empresa, que atende a capital paulista e regi\u00e3o metropolitana, seja obrigada a indenizar em 30 mil reais cada um dos clientes atingidos pelo vazamento, al\u00e9m de desembolsar valor n\u00e3o inferior a 500 milh\u00f5es de reais por danos morais coletivos.<\/p>\n<p>Eventuais ressarcimentos ocorreriam somente ap\u00f3s toda a tramita\u00e7\u00e3o do processo, quando estiver esgotada a possibilidade de as partes recorrerem de decis\u00f5es judiciais.<\/p>\n<p>Procurada nesta ter\u00e7a-feira, a Enel informou que n\u00e3o foi notificada da a\u00e7\u00e3o.<\/p>\n<p>Segundo o MPF, em 9 de novembro de 2020, a Enel disse ter tomado ci\u00eancia da exposi\u00e7\u00e3o p\u00fablica de dados referentes a cerca de 4% de sua base de clientes, todos do munic\u00edpio de Osasco (SP), &#8220;fato este que pode ter resultado em um vazamento em n\u00edvel nacional&#8221;, diz a nota do \u00f3rg\u00e3o divulgada nesta ter\u00e7a-feira.<\/p>\n<p>O \u00f3rg\u00e3o ingressou como coautor em a\u00e7\u00e3o civil p\u00fablica ajuizada contra a empresa pelo Instituto Brasileiro de Defesa da Prote\u00e7\u00e3o de Dados Pessoais, Compliance e Seguran\u00e7a da Informa\u00e7\u00e3o (Instituto Sigilo).<\/p>\n<p>Em car\u00e1ter liminar, o MPF pediu que a Justi\u00e7a determine \u00e0 empresa a comunica\u00e7\u00e3o imediata do vazamento a todos os clientes afetados e a disponibiliza\u00e7\u00e3o, no site da companhia, dos detalhes sobre a exposi\u00e7\u00e3o indevida de informa\u00e7\u00f5es, quais dados foram compartilhados com terceiros e quais os planos para sanar os riscos detectados.<\/p>\n<p>Foi demandado tamb\u00e9m que a concession\u00e1ria adote medidas t\u00e9cnicas de aperfei\u00e7oamento da seguran\u00e7a digital e ofere\u00e7a, em at\u00e9 dez dias, canal para que consumidores consultem a situa\u00e7\u00e3o de suas informa\u00e7\u00f5es pessoais no banco de dados da empresa.<\/p>\n<p>(Por Let\u00edcia Fucuchima)<\/p>\n","protected":false},"excerpt":{"rendered":"<p>S\u00c3O PAULO (Reuters) &#8211; O Minist\u00e9rio P\u00fablico Federal (MPF) pediu \u00e0 Justi\u00e7a Federal que a distribuidora de energia Enel S\u00e3o Paulo seja condenada a pagar indeniza\u00e7\u00f5es pelo vazamento de dados de mais de 4 milh\u00f5es de clientes em novembro de 2020. Segundo o \u00f3rg\u00e3o, desde o vazamento, ocorrido h\u00e1 mais de tr\u00eas anos, a Enel [&hellip;]<\/p>\n","protected":false},"author":61,"featured_media":0,"comment_status":"closed","ping_status":"open","sticky":false,"template":"","format":"standard","meta":{"_acf_changed":false,"inline_featured_image":false,"footnotes":""},"categories":[5],"tags":[102288],"autor-wsj":[],"coauthors":[2494],"class_list":["post-551626","post","type-post","status-publish","format-standard","hentry","category-economia","tag-reuters"],"acf":[],"amp_enabled":true,"_links":{"self":[{"href":"https:\/\/investnews.com.br\/inv-api\/wp\/v2\/posts\/551626","targetHints":{"allow":["GET"]}}],"collection":[{"href":"https:\/\/investnews.com.br\/inv-api\/wp\/v2\/posts"}],"about":[{"href":"https:\/\/investnews.com.br\/inv-api\/wp\/v2\/types\/post"}],"author":[{"embeddable":true,"href":"https:\/\/investnews.com.br\/inv-api\/wp\/v2\/users\/61"}],"replies":[{"embeddable":true,"href":"https:\/\/investnews.com.br\/inv-api\/wp\/v2\/comments?post=551626"}],"version-history":[{"count":2,"href":"https:\/\/investnews.com.br\/inv-api\/wp\/v2\/posts\/551626\/revisions"}],"predecessor-version":[{"id":551762,"href":"https:\/\/investnews.com.br\/inv-api\/wp\/v2\/posts\/551626\/revisions\/551762"}],"wp:attachment":[{"href":"https:\/\/investnews.com.br\/inv-api\/wp\/v2\/media?parent=551626"}],"wp:term":[{"taxonomy":"category","embeddable":true,"href":"https:\/\/investnews.com.br\/inv-api\/wp\/v2\/categories?post=551626"},{"taxonomy":"post_tag","embeddable":true,"href":"https:\/\/investnews.com.br\/inv-api\/wp\/v2\/tags?post=551626"},{"taxonomy":"autor-wsj","embeddable":true,"href":"https:\/\/investnews.com.br\/inv-api\/wp\/v2\/autor-wsj?post=551626"},{"taxonomy":"author","embeddable":true,"href":"https:\/\/investnews.com.br\/inv-api\/wp\/v2\/coauthors?post=551626"}],"curies":[{"name":"wp","href":"https:\/\/api.w.org\/{rel}","templated":true}]}}