{"id":552020,"date":"2024-01-24T10:54:47","date_gmt":"2024-01-24T13:54:47","guid":{"rendered":"https:\/\/investnews.com.br\/?p=552020"},"modified":"2024-01-24T11:54:10","modified_gmt":"2024-01-24T14:54:10","slug":"auren-energiza-1006-mwp-de-complexo-de-energia-solar-em-minas-gerais","status":"publish","type":"post","link":"https:\/\/investnews.com.br\/economia\/auren-energiza-1006-mwp-de-complexo-de-energia-solar-em-minas-gerais\/","title":{"rendered":"Auren energiza 100,6 MWp de complexo de energia solar em Minas Gerais"},"content":{"rendered":"<p>S\u00c3O PAULO (Reuters) &#8211;     A Auren Energia informou nesta quarta-feira que realizou a energiza\u00e7\u00e3o dos primeiros conjuntos de gera\u00e7\u00e3o solar fotovoltaica, somando 100,6 megawatts-pico (MWp), que comp\u00f5em a usina Sol de Ja\u00edba, no norte de Minas Gerais.<\/p>\n<p>Segundo a companhia, o processo, que marca a fase de testes de opera\u00e7\u00e3o, foi realizado antes da data prevista no cronograma e em linha com o plano de neg\u00f3cios do projeto.<\/p>\n<p>Ao todo, Sol de Ja\u00edba ter\u00e1 629,9 MWp de capacidade instalada e ser\u00e1 uma das maiores usinas fotovoltaicas do Brasil, disse a Auren, com escala e geografia complementares ao portf\u00f3lio de gera\u00e7\u00e3o da companhia.<\/p>\n<p>(Por Let\u00edcia Fucuchima)<\/p>\n","protected":false},"excerpt":{"rendered":"<p>S\u00c3O PAULO (Reuters) &#8211; A Auren Energia informou nesta quarta-feira que realizou a energiza\u00e7\u00e3o dos primeiros conjuntos de gera\u00e7\u00e3o solar fotovoltaica, somando 100,6 megawatts-pico (MWp), que comp\u00f5em a usina Sol de Ja\u00edba, no norte de Minas Gerais. Segundo a companhia, o processo, que marca a fase de testes de opera\u00e7\u00e3o, foi realizado antes da data [&hellip;]<\/p>\n","protected":false},"author":61,"featured_media":0,"comment_status":"closed","ping_status":"open","sticky":false,"template":"","format":"standard","meta":{"_acf_changed":false,"inline_featured_image":false,"footnotes":""},"categories":[5],"tags":[101287,102288],"autor-wsj":[],"coauthors":[2494],"class_list":["post-552020","post","type-post","status-publish","format-standard","hentry","category-economia","tag-aur3","tag-reuters"],"acf":[],"amp_enabled":true,"_links":{"self":[{"href":"https:\/\/investnews.com.br\/inv-api\/wp\/v2\/posts\/552020","targetHints":{"allow":["GET"]}}],"collection":[{"href":"https:\/\/investnews.com.br\/inv-api\/wp\/v2\/posts"}],"about":[{"href":"https:\/\/investnews.com.br\/inv-api\/wp\/v2\/types\/post"}],"author":[{"embeddable":true,"href":"https:\/\/investnews.com.br\/inv-api\/wp\/v2\/users\/61"}],"replies":[{"embeddable":true,"href":"https:\/\/investnews.com.br\/inv-api\/wp\/v2\/comments?post=552020"}],"version-history":[{"count":3,"href":"https:\/\/investnews.com.br\/inv-api\/wp\/v2\/posts\/552020\/revisions"}],"predecessor-version":[{"id":552142,"href":"https:\/\/investnews.com.br\/inv-api\/wp\/v2\/posts\/552020\/revisions\/552142"}],"wp:attachment":[{"href":"https:\/\/investnews.com.br\/inv-api\/wp\/v2\/media?parent=552020"}],"wp:term":[{"taxonomy":"category","embeddable":true,"href":"https:\/\/investnews.com.br\/inv-api\/wp\/v2\/categories?post=552020"},{"taxonomy":"post_tag","embeddable":true,"href":"https:\/\/investnews.com.br\/inv-api\/wp\/v2\/tags?post=552020"},{"taxonomy":"autor-wsj","embeddable":true,"href":"https:\/\/investnews.com.br\/inv-api\/wp\/v2\/autor-wsj?post=552020"},{"taxonomy":"author","embeddable":true,"href":"https:\/\/investnews.com.br\/inv-api\/wp\/v2\/coauthors?post=552020"}],"curies":[{"name":"wp","href":"https:\/\/api.w.org\/{rel}","templated":true}]}}