{"id":552700,"date":"2024-01-25T10:24:05","date_gmt":"2024-01-25T13:24:05","guid":{"rendered":"https:\/\/investnews.com.br\/?p=552700"},"modified":"2024-01-25T10:24:08","modified_gmt":"2024-01-25T13:24:08","slug":"confianca-do-consumidor-no-brasil-cai-em-janeiro-para-menor-nivel-desde-maio-diz-fgv","status":"publish","type":"post","link":"https:\/\/investnews.com.br\/economia\/confianca-do-consumidor-no-brasil-cai-em-janeiro-para-menor-nivel-desde-maio-diz-fgv\/","title":{"rendered":"Confian\u00e7a do consumidor no Brasil cai em janeiro para menor n\u00edvel desde maio, diz FGV"},"content":{"rendered":"<p>Por Patricia Vilas Boas<\/p>\n<p>S\u00c3O PAULO (Reuters) &#8211;     A satisfa\u00e7\u00e3o dos consumidores brasileiros em rela\u00e7\u00e3o \u00e0 situa\u00e7\u00e3o atual piorou em janeiro e a confian\u00e7a caiu para o n\u00edvel mais baixo desde maio do ano passado, mostraram dados da Funda\u00e7\u00e3o Getulio Vargas (FGV) divulgados nesta quinta-feira.<\/p>\n<p>&nbsp;&nbsp;&nbsp; O \u00cdndice de Confian\u00e7a do Consumidor (ICC) da FGV teve queda 2,4 pontos em janeiro, para 90,8 pontos, seu menor patamar desde maio de 2023 (89,5 pontos).<\/p>\n<p>&nbsp;&nbsp;&nbsp; &#8220;O resultado \u00e9 motivado pela piora das perspectivas sobre a situa\u00e7\u00e3o atual e das expectativas para os pr\u00f3ximos meses, assim como disseminada entre as faixas de renda, com exce\u00e7\u00e3o da confian\u00e7a dos consumidores de renda mais alta que subiu no m\u00eas&#8221;, explicou em nota a economista do FGV Ibre, Anna Carolina Gouveia.<\/p>\n<p>&#8220;Apesar do controle da infla\u00e7\u00e3o e da resili\u00eancia do mercado de trabalho, os juros e o endividamento elevados continuam a exercer press\u00e3o sobre a situa\u00e7\u00e3o financeira e o consumo das fam\u00edlias, contribuindo para a manuten\u00e7\u00e3o do indicador em patamar pessimista-moderado&#8221;, completou.<\/p>\n<p>&nbsp;&nbsp;&nbsp; Os dados da FGV mostraram que o \u00cdndice de Situa\u00e7\u00e3o Atual (ISA) caiu 2,7 pontos, para 77,6 pontos, seu segundo m\u00eas consecutivo de queda, enquanto o \u00cdndice de Expectativas (IE) recuou 2,3 pontos, alcan\u00e7ando 100,2 pontos.<\/p>\n","protected":false},"excerpt":{"rendered":"<p>Por Patricia Vilas Boas S\u00c3O PAULO (Reuters) &#8211; A satisfa\u00e7\u00e3o dos consumidores brasileiros em rela\u00e7\u00e3o \u00e0 situa\u00e7\u00e3o atual piorou em janeiro e a confian\u00e7a caiu para o n\u00edvel mais baixo desde maio do ano passado, mostraram dados da Funda\u00e7\u00e3o Getulio Vargas (FGV) divulgados nesta quinta-feira. &nbsp;&nbsp;&nbsp; O \u00cdndice de Confian\u00e7a do Consumidor (ICC) da FGV [&hellip;]<\/p>\n","protected":false},"author":61,"featured_media":0,"comment_status":"closed","ping_status":"open","sticky":false,"template":"","format":"standard","meta":{"_acf_changed":false,"inline_featured_image":false,"footnotes":""},"categories":[5],"tags":[102288],"autor-wsj":[],"coauthors":[2494],"class_list":["post-552700","post","type-post","status-publish","format-standard","hentry","category-economia","tag-reuters"],"acf":[],"amp_enabled":true,"_links":{"self":[{"href":"https:\/\/investnews.com.br\/inv-api\/wp\/v2\/posts\/552700","targetHints":{"allow":["GET"]}}],"collection":[{"href":"https:\/\/investnews.com.br\/inv-api\/wp\/v2\/posts"}],"about":[{"href":"https:\/\/investnews.com.br\/inv-api\/wp\/v2\/types\/post"}],"author":[{"embeddable":true,"href":"https:\/\/investnews.com.br\/inv-api\/wp\/v2\/users\/61"}],"replies":[{"embeddable":true,"href":"https:\/\/investnews.com.br\/inv-api\/wp\/v2\/comments?post=552700"}],"version-history":[{"count":2,"href":"https:\/\/investnews.com.br\/inv-api\/wp\/v2\/posts\/552700\/revisions"}],"predecessor-version":[{"id":552727,"href":"https:\/\/investnews.com.br\/inv-api\/wp\/v2\/posts\/552700\/revisions\/552727"}],"wp:attachment":[{"href":"https:\/\/investnews.com.br\/inv-api\/wp\/v2\/media?parent=552700"}],"wp:term":[{"taxonomy":"category","embeddable":true,"href":"https:\/\/investnews.com.br\/inv-api\/wp\/v2\/categories?post=552700"},{"taxonomy":"post_tag","embeddable":true,"href":"https:\/\/investnews.com.br\/inv-api\/wp\/v2\/tags?post=552700"},{"taxonomy":"autor-wsj","embeddable":true,"href":"https:\/\/investnews.com.br\/inv-api\/wp\/v2\/autor-wsj?post=552700"},{"taxonomy":"author","embeddable":true,"href":"https:\/\/investnews.com.br\/inv-api\/wp\/v2\/coauthors?post=552700"}],"curies":[{"name":"wp","href":"https:\/\/api.w.org\/{rel}","templated":true}]}}