{"id":552706,"date":"2024-01-25T10:23:09","date_gmt":"2024-01-25T13:23:09","guid":{"rendered":"https:\/\/investnews.com.br\/?p=552706"},"modified":"2024-01-25T10:23:12","modified_gmt":"2024-01-25T13:23:12","slug":"autores-de-processo-exigem-582-milhoes-de-euros-de-empresa-alema-por-rompimento-de-barragem-em-brumadinho-mg","status":"publish","type":"post","link":"https:\/\/investnews.com.br\/economia\/autores-de-processo-exigem-582-milhoes-de-euros-de-empresa-alema-por-rompimento-de-barragem-em-brumadinho-mg\/","title":{"rendered":"Autores de processo exigem 582 milh\u00f5es de euros de empresa alem\u00e3 por rompimento de barragem em Brumadinho (MG)"},"content":{"rendered":"<p>MUNIQUE (Reuters) &#8211;     Mais de 1.400 demandantes est\u00e3o exigindo cerca de 582 milh\u00f5es de euros em danos da empresa de inspe\u00e7\u00e3o alem\u00e3 T\u00dcV S\u00fcd por seu suposto papel no colapso da barragem em Brumadinho (MG), informaram seus advogados nesta quinta-feira.<\/p>\n<p>O rompimento da barragem de rejeitos, que ocorreu em 25 de janeiro de 2019, deixou cerca de 270 mortos, devastando florestas, rios e comunidades locais.<\/p>\n<p>A T\u00dcV S\u00fcd, cuja subsidi\u00e1ria brasileira foi respons\u00e1vel por certificar a barragem, nega qualquer responsabilidade legal pelo rompimento.<\/p>\n<p>O Tribunal Regional de Munique decidir\u00e1 se a lei brasileira pode ser aplicada durante o processo, disseram os autores do processo, acrescentando que isso facilitaria a responsabiliza\u00e7\u00e3o da empresa alem\u00e3.<\/p>\n<p>Os advogados da T\u00dcV S\u00fcd atribu\u00edram a responsabilidade \u00e0 Vale, que operava a barragem.<\/p>\n<p>&#8220;A responsabilidade da operadora da barragem foi legalmente definida no Brasil, e as partes afetadas est\u00e3o sendo amplamente indenizadas&#8230; As queixas apresentadas pelos autores contra a T\u00dcV S\u00fcd, portanto, n\u00e3o existem&#8221;, afirmou a empresa em comunicado por email.<\/p>\n<p>(Reportagem de Joern Poltz)<\/p>\n","protected":false},"excerpt":{"rendered":"<p>MUNIQUE (Reuters) &#8211; Mais de 1.400 demandantes est\u00e3o exigindo cerca de 582 milh\u00f5es de euros em danos da empresa de inspe\u00e7\u00e3o alem\u00e3 T\u00dcV S\u00fcd por seu suposto papel no colapso da barragem em Brumadinho (MG), informaram seus advogados nesta quinta-feira. O rompimento da barragem de rejeitos, que ocorreu em 25 de janeiro de 2019, deixou [&hellip;]<\/p>\n","protected":false},"author":61,"featured_media":0,"comment_status":"closed","ping_status":"open","sticky":false,"template":"","format":"standard","meta":{"_acf_changed":false,"inline_featured_image":false,"footnotes":""},"categories":[5],"tags":[102288],"autor-wsj":[],"coauthors":[2494],"class_list":["post-552706","post","type-post","status-publish","format-standard","hentry","category-economia","tag-reuters"],"acf":[],"amp_enabled":true,"_links":{"self":[{"href":"https:\/\/investnews.com.br\/inv-api\/wp\/v2\/posts\/552706","targetHints":{"allow":["GET"]}}],"collection":[{"href":"https:\/\/investnews.com.br\/inv-api\/wp\/v2\/posts"}],"about":[{"href":"https:\/\/investnews.com.br\/inv-api\/wp\/v2\/types\/post"}],"author":[{"embeddable":true,"href":"https:\/\/investnews.com.br\/inv-api\/wp\/v2\/users\/61"}],"replies":[{"embeddable":true,"href":"https:\/\/investnews.com.br\/inv-api\/wp\/v2\/comments?post=552706"}],"version-history":[{"count":2,"href":"https:\/\/investnews.com.br\/inv-api\/wp\/v2\/posts\/552706\/revisions"}],"predecessor-version":[{"id":552723,"href":"https:\/\/investnews.com.br\/inv-api\/wp\/v2\/posts\/552706\/revisions\/552723"}],"wp:attachment":[{"href":"https:\/\/investnews.com.br\/inv-api\/wp\/v2\/media?parent=552706"}],"wp:term":[{"taxonomy":"category","embeddable":true,"href":"https:\/\/investnews.com.br\/inv-api\/wp\/v2\/categories?post=552706"},{"taxonomy":"post_tag","embeddable":true,"href":"https:\/\/investnews.com.br\/inv-api\/wp\/v2\/tags?post=552706"},{"taxonomy":"autor-wsj","embeddable":true,"href":"https:\/\/investnews.com.br\/inv-api\/wp\/v2\/autor-wsj?post=552706"},{"taxonomy":"author","embeddable":true,"href":"https:\/\/investnews.com.br\/inv-api\/wp\/v2\/coauthors?post=552706"}],"curies":[{"name":"wp","href":"https:\/\/api.w.org\/{rel}","templated":true}]}}