{"id":552796,"date":"2024-01-25T18:36:30","date_gmt":"2024-01-25T21:36:30","guid":{"rendered":"https:\/\/investnews.com.br\/?p=552796"},"modified":"2024-01-25T18:36:32","modified_gmt":"2024-01-25T21:36:32","slug":"justica-condena-samarco-vale-e-bhp-a-pagamento-de-r476-bi-por-rompimento-de-barragem-em-mariana","status":"publish","type":"post","link":"https:\/\/investnews.com.br\/economia\/justica-condena-samarco-vale-e-bhp-a-pagamento-de-r476-bi-por-rompimento-de-barragem-em-mariana\/","title":{"rendered":"Justi\u00e7a condena Samarco, Vale e BHP a pagamento de R$47,6 bi por rompimento de barragem em Mariana"},"content":{"rendered":"<p>Por Marta Nogueira<\/p>\n<p>RIO DE JANEIRO (Reuters) &#8211;     A Justi\u00e7a Federal condenou as mineradoras Samarco, Vale e BHP ao pagamento de indeniza\u00e7\u00e3o de 47,6 bilh\u00f5es de reais pelo rompimento de uma barragem em Mariana (MG), h\u00e1 oito anos, segundo decis\u00e3o judicial nesta quinta-feira vista pela Reuters.<\/p>\n<p>O rompimento da barragem da Samarco &#8212; uma joint venture da Vale com a BHP &#8212; ocorreu em novembro de 2015, liberando uma onda gigante de rejeitos de minera\u00e7\u00e3o que matou 19 pessoas e deixou centenas de desabrigados, al\u00e9m de atingir florestas e rios, incluindo o rio Doce, em toda a sua extens\u00e3o at\u00e9 o mar no Esp\u00edrito Santo.<\/p>\n<p>A Vale e a BHP informaram que n\u00e3o foram notificadas da decis\u00e3o. J\u00e1 a Samarco afirmou que n\u00e3o vai comentar.<\/p>\n<p>Em comunicado ao mercado, a Vale disse ainda que &#8220;refor\u00e7a o seu compromisso em apoiar a repara\u00e7\u00e3o integral dos danos causados pelo rompimento&#8221; e afirmou que mant\u00e9m os aportes feitos \u00e0 Funda\u00e7\u00e3o Renova, entidade criada para gerenciar e implementar as medidas de repara\u00e7\u00e3o e compensa\u00e7\u00e3o ambiental e socioecon\u00f4mica<\/p>\n<p>Conforme a decis\u00e3o judicial desta quinta-feira, o valor de 47,6 bilh\u00f5es de reais &#8220;foi fixado tomando como par\u00e2metro o valor dos gastos j\u00e1 admitidos pelas sociedades em a\u00e7\u00f5es de repara\u00e7\u00e3o e compensa\u00e7\u00e3o&#8221;.<\/p>\n<p>&#8220;O STJ e STF t\u00eam julgados em que a equival\u00eancia do dano material causado serviu como par\u00e2metro para a indeniza\u00e7\u00e3o do dano moral coletivo&#8221;, disse o documento, da 4\u00aa Vara Federal C\u00edvel e Agr\u00e1ria da SSJ de Belo Horizonte.<\/p>\n<p>A decis\u00e3o diz ainda que o valor da condena\u00e7\u00e3o \u00e9 destinado a um fundo previsto por lei e administrado pelo governo federal e que dever\u00e1 ser empregado em projetos e iniciativas, conforme regulamento do fundo, &#8220;exclusivamente&#8221; nas \u00e1reas impactadas.<\/p>\n<p>A decis\u00e3o, assinada pelo juiz federal substituto Vinicius Cobucci, disse ainda que um pedido de condena\u00e7\u00e3o gen\u00e9rica ao pagamento de indeniza\u00e7\u00e3o pelos danos de cada v\u00edtima individualmente considerada, n\u00e3o foi apreciado, &#8220;por quest\u00f5es t\u00e9cnicas&#8221;.<\/p>\n<p>&#8220;O pedido n\u00e3o trouxe elementos m\u00ednimos para identificar as categorias dos atingidos e quais danos estas categorias sofreram. Novo pedido poder\u00e1 ser apreciado, se atender aos requisitos m\u00ednimos legais&#8221;, afirmou.<\/p>\n<p>A decis\u00e3o ocorre ap\u00f3s as negocia\u00e7\u00f5es para uma repactua\u00e7\u00e3o de um termo inicial para repara\u00e7\u00e3o dos danos &#8212; assinado entre as mineradoras e autoridades ainda em 2016 &#8212; terem sido paralisadas em dezembro. Em nota na ocasi\u00e3o, a Advocacia-Geral da Uni\u00e3o (AGU) afirmou que a paralisa\u00e7\u00e3o ocorreu em raz\u00e3o da &#8220;recusa&#8221; das mineradoras em apresentar uma nova proposta financeira, conforme calend\u00e1rio previamente estabelecido.<\/p>\n<p>Tal termo havia sido fechado meses ap\u00f3s o rompimento, mas sem fixar um volume de recursos global a ser empenhado e deixando para frente diversas etapas a serem cumpridas. Por ora, o acordo havia garantido a suspens\u00e3o tempor\u00e1ria de milhares de a\u00e7\u00f5es na Justi\u00e7a sobre o tema, mas a forma como foi elaborado vem sendo questionada por diversas partes.<\/p>\n<p>A partir do termo foi criada a Funda\u00e7\u00e3o Renova, que gere as repara\u00e7\u00f5es, tanto coletivas como individuais, cujo escopo s\u00e3o 42 programas que se desdobram em muitos projetos que est\u00e3o sendo implementados nos 670 quil\u00f4metros de \u00e1rea impactada.<\/p>\n<p>At\u00e9 dezembro passado, foram destinados 34,7 bilh\u00f5es de reais \u00e0s a\u00e7\u00f5es de repara\u00e7\u00e3o e compensa\u00e7\u00e3o a cargo da Renova, informou a Vale.<\/p>\n<p>Desse montante, a mineradora afirmou que 14,4 bilh\u00f5es de reais foram para o pagamento de indeniza\u00e7\u00f5es individuais e 2,7 bilh\u00f5es de reais em aux\u00edlios financeiros emergenciais, totalizando 17,1 bilh\u00f5es de reais que beneficiaram pelo menos 438 mil pessoas.<\/p>\n","protected":false},"excerpt":{"rendered":"<p>Por Marta Nogueira RIO DE JANEIRO (Reuters) &#8211; A Justi\u00e7a Federal condenou as mineradoras Samarco, Vale e BHP ao pagamento de indeniza\u00e7\u00e3o de 47,6 bilh\u00f5es de reais pelo rompimento de uma barragem em Mariana (MG), h\u00e1 oito anos, segundo decis\u00e3o judicial nesta quinta-feira vista pela Reuters. O rompimento da barragem da Samarco &#8212; uma joint [&hellip;]<\/p>\n","protected":false},"author":61,"featured_media":0,"comment_status":"closed","ping_status":"open","sticky":false,"template":"","format":"standard","meta":{"_acf_changed":false,"inline_featured_image":false,"footnotes":""},"categories":[5],"tags":[102288],"autor-wsj":[],"coauthors":[2494],"class_list":["post-552796","post","type-post","status-publish","format-standard","hentry","category-economia","tag-reuters"],"acf":[],"amp_enabled":true,"_links":{"self":[{"href":"https:\/\/investnews.com.br\/inv-api\/wp\/v2\/posts\/552796","targetHints":{"allow":["GET"]}}],"collection":[{"href":"https:\/\/investnews.com.br\/inv-api\/wp\/v2\/posts"}],"about":[{"href":"https:\/\/investnews.com.br\/inv-api\/wp\/v2\/types\/post"}],"author":[{"embeddable":true,"href":"https:\/\/investnews.com.br\/inv-api\/wp\/v2\/users\/61"}],"replies":[{"embeddable":true,"href":"https:\/\/investnews.com.br\/inv-api\/wp\/v2\/comments?post=552796"}],"version-history":[{"count":3,"href":"https:\/\/investnews.com.br\/inv-api\/wp\/v2\/posts\/552796\/revisions"}],"predecessor-version":[{"id":552868,"href":"https:\/\/investnews.com.br\/inv-api\/wp\/v2\/posts\/552796\/revisions\/552868"}],"wp:attachment":[{"href":"https:\/\/investnews.com.br\/inv-api\/wp\/v2\/media?parent=552796"}],"wp:term":[{"taxonomy":"category","embeddable":true,"href":"https:\/\/investnews.com.br\/inv-api\/wp\/v2\/categories?post=552796"},{"taxonomy":"post_tag","embeddable":true,"href":"https:\/\/investnews.com.br\/inv-api\/wp\/v2\/tags?post=552796"},{"taxonomy":"autor-wsj","embeddable":true,"href":"https:\/\/investnews.com.br\/inv-api\/wp\/v2\/autor-wsj?post=552796"},{"taxonomy":"author","embeddable":true,"href":"https:\/\/investnews.com.br\/inv-api\/wp\/v2\/coauthors?post=552796"}],"curies":[{"name":"wp","href":"https:\/\/api.w.org\/{rel}","templated":true}]}}