{"id":552882,"date":"2024-01-26T10:51:09","date_gmt":"2024-01-26T13:51:09","guid":{"rendered":"https:\/\/investnews.com.br\/?p=552882"},"modified":"2024-01-26T10:51:11","modified_gmt":"2024-01-26T13:51:11","slug":"presidente-da-gol-nao-espera-demissoes-por-conta-de-recuperacao-judicial","status":"publish","type":"post","link":"https:\/\/investnews.com.br\/economia\/presidente-da-gol-nao-espera-demissoes-por-conta-de-recuperacao-judicial\/","title":{"rendered":"Presidente da Gol n\u00e3o espera demiss\u00f5es por conta de recupera\u00e7\u00e3o judicial"},"content":{"rendered":"<p>S\u00c3O PAULO (Reuters) &#8211;     O presidente-executivo da companhia a\u00e9rea Gol n\u00e3o prev\u00ea demiss\u00f5es de pessoal relacionadas ao <a href=\"https:\/\/investnews.com.br\/guias\/recuperacao-judicial\/\">pedido de recupera\u00e7\u00e3o judicial<\/a> feito pela empresa na v\u00e9spera nos Estados Unidos, afirmou Celso Ferrer, em entrevista \u00e0 r\u00e1dio CBN, nesta sexta-feira.<\/p>\n<p>&#8220;N\u00e3o haver\u00e1 demiss\u00f5es relacionadas a esse processo. Daqui para a frente n\u00f3s queremos crescer&#8221;, disse Celso Ferrer em entrevista \u00e0 r\u00e1dio. O executivo acrescentou que operacionalmente a Gol tem registrado uma &#8220;recupera\u00e7\u00e3o significativa&#8221; ap\u00f3s resultados positivos nos \u00faltimos trimestres.    &#8220;O grande objetivo \u00e9 a gente reestruturar o balan\u00e7o para que a companhia volte a crescer&#8221;, acrescentou o executivo.<\/p>\n<p>O Bradesco BBI reduziu a recomenda\u00e7\u00e3o sobre a a\u00e7\u00e3o da Gol para &#8220;underperform&#8221; ante &#8220;neutro&#8221; e cortou o pre\u00e7o-alvo do papel de 10 para 1 real citando &#8220;maci\u00e7a dilui\u00e7\u00e3o de 99%&#8221;. Analistas da corretora afirmaram que preferem a\u00e7\u00f5es da Azul ou da Latam.<\/p>\n<p>(Por Gabriel Araujo e Paula Arend Laier)<\/p>\n","protected":false},"excerpt":{"rendered":"<p>S\u00c3O PAULO (Reuters) &#8211; O presidente-executivo da companhia a\u00e9rea Gol n\u00e3o prev\u00ea demiss\u00f5es de pessoal relacionadas ao pedido de recupera\u00e7\u00e3o judicial feito pela empresa na v\u00e9spera nos Estados Unidos, afirmou Celso Ferrer, em entrevista \u00e0 r\u00e1dio CBN, nesta sexta-feira. &#8220;N\u00e3o haver\u00e1 demiss\u00f5es relacionadas a esse processo. Daqui para a frente n\u00f3s queremos crescer&#8221;, disse Celso [&hellip;]<\/p>\n","protected":false},"author":61,"featured_media":0,"comment_status":"closed","ping_status":"open","sticky":false,"template":"","format":"standard","meta":{"_acf_changed":false,"inline_featured_image":false,"footnotes":""},"categories":[5],"tags":[102288],"autor-wsj":[],"coauthors":[2494],"class_list":["post-552882","post","type-post","status-publish","format-standard","hentry","category-economia","tag-reuters"],"acf":[],"amp_enabled":true,"_links":{"self":[{"href":"https:\/\/investnews.com.br\/inv-api\/wp\/v2\/posts\/552882","targetHints":{"allow":["GET"]}}],"collection":[{"href":"https:\/\/investnews.com.br\/inv-api\/wp\/v2\/posts"}],"about":[{"href":"https:\/\/investnews.com.br\/inv-api\/wp\/v2\/types\/post"}],"author":[{"embeddable":true,"href":"https:\/\/investnews.com.br\/inv-api\/wp\/v2\/users\/61"}],"replies":[{"embeddable":true,"href":"https:\/\/investnews.com.br\/inv-api\/wp\/v2\/comments?post=552882"}],"version-history":[{"count":2,"href":"https:\/\/investnews.com.br\/inv-api\/wp\/v2\/posts\/552882\/revisions"}],"predecessor-version":[{"id":552899,"href":"https:\/\/investnews.com.br\/inv-api\/wp\/v2\/posts\/552882\/revisions\/552899"}],"wp:attachment":[{"href":"https:\/\/investnews.com.br\/inv-api\/wp\/v2\/media?parent=552882"}],"wp:term":[{"taxonomy":"category","embeddable":true,"href":"https:\/\/investnews.com.br\/inv-api\/wp\/v2\/categories?post=552882"},{"taxonomy":"post_tag","embeddable":true,"href":"https:\/\/investnews.com.br\/inv-api\/wp\/v2\/tags?post=552882"},{"taxonomy":"autor-wsj","embeddable":true,"href":"https:\/\/investnews.com.br\/inv-api\/wp\/v2\/autor-wsj?post=552882"},{"taxonomy":"author","embeddable":true,"href":"https:\/\/investnews.com.br\/inv-api\/wp\/v2\/coauthors?post=552882"}],"curies":[{"name":"wp","href":"https:\/\/api.w.org\/{rel}","templated":true}]}}