{"id":553007,"date":"2024-01-26T18:06:14","date_gmt":"2024-01-26T21:06:14","guid":{"rendered":"https:\/\/investnews.com.br\/?p=553007"},"modified":"2024-01-26T18:06:16","modified_gmt":"2024-01-26T21:06:16","slug":"uber-entra-com-recurso-legal-contra-restricoes-de-transporte-da-prefeita-de-paris","status":"publish","type":"post","link":"https:\/\/investnews.com.br\/economia\/uber-entra-com-recurso-legal-contra-restricoes-de-transporte-da-prefeita-de-paris\/","title":{"rendered":"Uber entra com recurso legal contra restri\u00e7\u00f5es de transporte da prefeita de Paris"},"content":{"rendered":"<p>PARIS (Reuters) &#8211;     A Uber disse nesta sexta-feira que entrou com um recurso legal contra o gabinete da prefeita de Paris em rela\u00e7\u00e3o \u00e0s restri\u00e7\u00f5es impostas aos chamados VTCs, ve\u00edculos tur\u00edsticos com motoristas, na capital.<\/p>\n<p>\u201cA Uber entrou com um recurso para anular a decis\u00e3o da prefeita de Paris, Anne Hidalgo, de manter seu decreto que exclui VTCs da rue de Rivoli e da rue Saint-Antoine\u201d, disse a Uber em comunicado.<\/p>\n<p>A Uber disse que essas restri\u00e7\u00f5es correm o risco de resultar em problemas de transporte em Paris durante os Jogos Ol\u00edmpicos deste ver\u00e3o.<\/p>\n<p>O gabinete da prefeita de Paris disse, em resposta \u00e0 medida da Uber, que n\u00e3o mudaria de ideia e manteria sua decis\u00e3o original.<\/p>\n<p>\u201cPermitir que muitos carros tenham acesso ao Rivoli prejudicaria a jornada di\u00e1ria de milhares de pessoas que utilizam o servi\u00e7o p\u00fablico de \u00f4nibus RATP, que \u00e9 a nossa prioridade\u201d, disse David Belliard, que cuida do setor de transportes no gabinete da prefeita.<\/p>\n<p>(Reportagem de Sudip Kar-Gupta)<\/p>\n","protected":false},"excerpt":{"rendered":"<p>PARIS (Reuters) &#8211; A Uber disse nesta sexta-feira que entrou com um recurso legal contra o gabinete da prefeita de Paris em rela\u00e7\u00e3o \u00e0s restri\u00e7\u00f5es impostas aos chamados VTCs, ve\u00edculos tur\u00edsticos com motoristas, na capital. \u201cA Uber entrou com um recurso para anular a decis\u00e3o da prefeita de Paris, Anne Hidalgo, de manter seu decreto [&hellip;]<\/p>\n","protected":false},"author":61,"featured_media":0,"comment_status":"closed","ping_status":"open","sticky":false,"template":"","format":"standard","meta":{"_acf_changed":false,"inline_featured_image":false,"footnotes":""},"categories":[5],"tags":[102288],"autor-wsj":[],"coauthors":[2494],"class_list":["post-553007","post","type-post","status-publish","format-standard","hentry","category-economia","tag-reuters"],"acf":[],"amp_enabled":true,"_links":{"self":[{"href":"https:\/\/investnews.com.br\/inv-api\/wp\/v2\/posts\/553007","targetHints":{"allow":["GET"]}}],"collection":[{"href":"https:\/\/investnews.com.br\/inv-api\/wp\/v2\/posts"}],"about":[{"href":"https:\/\/investnews.com.br\/inv-api\/wp\/v2\/types\/post"}],"author":[{"embeddable":true,"href":"https:\/\/investnews.com.br\/inv-api\/wp\/v2\/users\/61"}],"replies":[{"embeddable":true,"href":"https:\/\/investnews.com.br\/inv-api\/wp\/v2\/comments?post=553007"}],"version-history":[{"count":2,"href":"https:\/\/investnews.com.br\/inv-api\/wp\/v2\/posts\/553007\/revisions"}],"predecessor-version":[{"id":553038,"href":"https:\/\/investnews.com.br\/inv-api\/wp\/v2\/posts\/553007\/revisions\/553038"}],"wp:attachment":[{"href":"https:\/\/investnews.com.br\/inv-api\/wp\/v2\/media?parent=553007"}],"wp:term":[{"taxonomy":"category","embeddable":true,"href":"https:\/\/investnews.com.br\/inv-api\/wp\/v2\/categories?post=553007"},{"taxonomy":"post_tag","embeddable":true,"href":"https:\/\/investnews.com.br\/inv-api\/wp\/v2\/tags?post=553007"},{"taxonomy":"autor-wsj","embeddable":true,"href":"https:\/\/investnews.com.br\/inv-api\/wp\/v2\/autor-wsj?post=553007"},{"taxonomy":"author","embeddable":true,"href":"https:\/\/investnews.com.br\/inv-api\/wp\/v2\/coauthors?post=553007"}],"curies":[{"name":"wp","href":"https:\/\/api.w.org\/{rel}","templated":true}]}}