{"id":553249,"date":"2024-01-29T16:34:18","date_gmt":"2024-01-29T19:34:18","guid":{"rendered":"https:\/\/investnews.com.br\/?p=553249"},"modified":"2024-01-29T16:34:20","modified_gmt":"2024-01-29T19:34:20","slug":"grupo-renault-cancela-ipo-do-negocio-de-veiculos-eletrico-ampere","status":"publish","type":"post","link":"https:\/\/investnews.com.br\/economia\/grupo-renault-cancela-ipo-do-negocio-de-veiculos-eletrico-ampere\/","title":{"rendered":"Grupo Renault cancela IPO do neg\u00f3cio de ve\u00edculos el\u00e9trico Ampere"},"content":{"rendered":"<p>PARIS (Reuters) &#8211;     A Renault abandonou nesta segunda-feira os planos de listar em bolsa seu neg\u00f3cio de ve\u00edculos el\u00e9tricos Ampere por causa das condi\u00e7\u00f5es fracas do mercado de a\u00e7\u00f5es.<\/p>\n<p>Em setembro, Luca de Meo, presidente-executivo do Grupo Renault e da Ampere, disse que o <a href=\"https:\/\/investnews.com.br\/guias\/ipo-o-que-e-e-como-funciona\/\">IPO<\/a> (sigla em ingl\u00eas para oferta inicial de a\u00e7\u00f5es) poderia valer at\u00e9 10 bilh\u00f5es de euros.<\/p>\n<p>A mudan\u00e7a ocorre num momento em que a procura por ve\u00edculos el\u00e9tricos na Europa enfraquece e os fabricantes de autom\u00f3veis da regi\u00e3o enfrentam forte concorr\u00eancia dos rivais chineses.<\/p>\n<p>&#8220;Hoje tomamos uma decis\u00e3o pragm\u00e1tica. Estamos todos focados na execu\u00e7\u00e3o da nossa estrat\u00e9gia e na constru\u00e7\u00e3o do nosso hist\u00f3rico para criar valor para todos os nossos acionistas&#8221;, disse o CEO.<\/p>\n<p>Em um comunicado, o Grupo Renault afirmou que continuar\u00e1 a financiar o desenvolvimento da Ampere at\u00e9 atingir o &#8220;break-even&#8221; em 2025.<\/p>\n<p>Em 2022, a empresa tinha anunciado a sua inten\u00e7\u00e3o de avan\u00e7ar com um IPO da Ampere no primeiro semestre de 2024, mas j\u00e1 tinha dito no final de 2023 que n\u00e3o iria adiante se o <a href=\"https:\/\/investnews.com.br\/guias\/valuation-como-calcular\/\">valuation<\/a> fosse demasiado baixo.<\/p>\n<p>(Reportagem de Gilles Guillaume, Charlotte Van Campenhout)<\/p>\n","protected":false},"excerpt":{"rendered":"<p>PARIS (Reuters) &#8211; A Renault abandonou nesta segunda-feira os planos de listar em bolsa seu neg\u00f3cio de ve\u00edculos el\u00e9tricos Ampere por causa das condi\u00e7\u00f5es fracas do mercado de a\u00e7\u00f5es. Em setembro, Luca de Meo, presidente-executivo do Grupo Renault e da Ampere, disse que o IPO (sigla em ingl\u00eas para oferta inicial de a\u00e7\u00f5es) poderia valer [&hellip;]<\/p>\n","protected":false},"author":61,"featured_media":0,"comment_status":"closed","ping_status":"open","sticky":false,"template":"","format":"standard","meta":{"_acf_changed":false,"inline_featured_image":false,"footnotes":""},"categories":[5],"tags":[102288],"autor-wsj":[],"coauthors":[2494],"class_list":["post-553249","post","type-post","status-publish","format-standard","hentry","category-economia","tag-reuters"],"acf":[],"amp_enabled":true,"_links":{"self":[{"href":"https:\/\/investnews.com.br\/inv-api\/wp\/v2\/posts\/553249","targetHints":{"allow":["GET"]}}],"collection":[{"href":"https:\/\/investnews.com.br\/inv-api\/wp\/v2\/posts"}],"about":[{"href":"https:\/\/investnews.com.br\/inv-api\/wp\/v2\/types\/post"}],"author":[{"embeddable":true,"href":"https:\/\/investnews.com.br\/inv-api\/wp\/v2\/users\/61"}],"replies":[{"embeddable":true,"href":"https:\/\/investnews.com.br\/inv-api\/wp\/v2\/comments?post=553249"}],"version-history":[{"count":2,"href":"https:\/\/investnews.com.br\/inv-api\/wp\/v2\/posts\/553249\/revisions"}],"predecessor-version":[{"id":553255,"href":"https:\/\/investnews.com.br\/inv-api\/wp\/v2\/posts\/553249\/revisions\/553255"}],"wp:attachment":[{"href":"https:\/\/investnews.com.br\/inv-api\/wp\/v2\/media?parent=553249"}],"wp:term":[{"taxonomy":"category","embeddable":true,"href":"https:\/\/investnews.com.br\/inv-api\/wp\/v2\/categories?post=553249"},{"taxonomy":"post_tag","embeddable":true,"href":"https:\/\/investnews.com.br\/inv-api\/wp\/v2\/tags?post=553249"},{"taxonomy":"autor-wsj","embeddable":true,"href":"https:\/\/investnews.com.br\/inv-api\/wp\/v2\/autor-wsj?post=553249"},{"taxonomy":"author","embeddable":true,"href":"https:\/\/investnews.com.br\/inv-api\/wp\/v2\/coauthors?post=553249"}],"curies":[{"name":"wp","href":"https:\/\/api.w.org\/{rel}","templated":true}]}}