{"id":554450,"date":"2024-02-02T18:28:28","date_gmt":"2024-02-02T21:28:28","guid":{"rendered":"https:\/\/investnews.com.br\/?p=554450"},"modified":"2024-02-02T18:28:30","modified_gmt":"2024-02-02T21:28:30","slug":"volkswagen-vai-investir-r9-bi-no-brasil-entre-2026-e-2028-lula-comemora","status":"publish","type":"post","link":"https:\/\/investnews.com.br\/economia\/volkswagen-vai-investir-r9-bi-no-brasil-entre-2026-e-2028-lula-comemora\/","title":{"rendered":"Volkswagen vai investir R$9 bi no Brasil entre 2026 e 2028; Lula comemora"},"content":{"rendered":"<p>(Reuters) -Em cerim\u00f4nia com a presen\u00e7a do presidente Luiz In\u00e1cio Lula da Silva em seu ber\u00e7o pol\u00edtico, o ABC Paulista, a Volkswagen anunciou nesta sexta-feira um investimento de 9 bilh\u00f5es de reais no Brasil entre 2026 e 2028, que se somar\u00e1 a aportes de 7 bilh\u00f5es de reais j\u00e1 previstos para entre 2022 e 2026 no pa\u00eds.<\/p>\n<p>O evento ocorreu na f\u00e1brica da Volkswagen em S\u00e3o Bernardo do Campo (SP), e marcou o an\u00fancio pela empresa de que ir\u00e1 refor\u00e7ar o plano de lan\u00e7amentos de produtos e desenvolvimento de novos ve\u00edculos no Brasil, incluindo h\u00edbridos e el\u00e9tricos.<\/p>\n<p>Al\u00e9m de Lula, tamb\u00e9m participaram ministros, dirigentes da montadora e sindicalistas.<\/p>\n<p>&#8220;Eu quero que as ind\u00fastrias invistam. Porque as ind\u00fastrias investindo, vai ter emprego. O emprego tem um sal\u00e1rio, o sal\u00e1rio faz um consumidor. Um consumidor faz o cara comprar na loja, a loja vai contratar mais algu\u00e9m e vai ter que comprar da ind\u00fastria. A ind\u00fastria vai produzir mais, o com\u00e9rcio vai vender mais, e todo mundo vai ganhar mais. E esse pa\u00eds vai virar um pa\u00eds de respeito, decente e digno para o nosso povo viver bem&#8221;, disse Lula em discurso.<\/p>\n<p>&#8220;O \u00faltimo ato que fiz numa porta de f\u00e1brica eu disse algumas coisas. Eu disse que as pessoas iam voltar a comer carne. Que o Brasil ia voltar a gerar empregos e que o Brasil voltaria a ser respeitado no mundo. E, em apenas um ano, estamos conseguindo isso&#8221;, acrescentou.<\/p>\n<p>O presidente n\u00e3o deixou de citar, mais de uma vez, suas ra\u00edzes pol\u00edticas no ABC Paulista, de onde emergiu politicamente ao atuar como dirigente sindical nas grandes greves no fim da d\u00e9cada de 1970 e in\u00edcio de 1980. Lula lembrou ainda de sua atua\u00e7\u00e3o como metal\u00fargico, of\u00edcio que o envolveu em acidente que resultou na perda do dedo m\u00ednimo da m\u00e3o.<\/p>\n<p>Mais cedo, a Volkswagen j\u00e1 havia anunciado os n\u00fameros do investimento em comunicado. Segundo comunicado \u00e0 imprensa, a montadora &#8220;lan\u00e7ar\u00e1 16 novos ve\u00edculos at\u00e9 2028, incluindo modelos h\u00edbridos, 100% el\u00e9tricos e flex&#8221;.<\/p>\n<p>O novo investimento envolve desenvolvimento e produ\u00e7\u00e3o de &#8220;projetos inovadores e com foco em descarboniza\u00e7\u00e3o&#8221; para as quatro f\u00e1bricas da Volkswagen no Brasil, disse a empresa.<\/p>\n<p>&#8220;S\u00e3o 4 novos ve\u00edculos, sendo uma pick-up, 1 novo motor&#8230; para ve\u00edculos h\u00edbridos e 1 nova plataforma&#8221;, disse a companhia.<\/p>\n<p>(Por Alberto Alerigi Jr., em S\u00e3o Paulo, e Maria Carolina Marcello, em Bras\u00edlia Edi\u00e7\u00e3o de Pedro Fonseca)<\/p>\n","protected":false},"excerpt":{"rendered":"<p>(Reuters) -Em cerim\u00f4nia com a presen\u00e7a do presidente Luiz In\u00e1cio Lula da Silva em seu ber\u00e7o pol\u00edtico, o ABC Paulista, a Volkswagen anunciou nesta sexta-feira um investimento de 9 bilh\u00f5es de reais no Brasil entre 2026 e 2028, que se somar\u00e1 a aportes de 7 bilh\u00f5es de reais j\u00e1 previstos para entre 2022 e 2026 [&hellip;]<\/p>\n","protected":false},"author":61,"featured_media":0,"comment_status":"closed","ping_status":"open","sticky":false,"template":"","format":"standard","meta":{"_acf_changed":false,"inline_featured_image":false,"footnotes":""},"categories":[5],"tags":[102288],"autor-wsj":[],"coauthors":[2494],"class_list":["post-554450","post","type-post","status-publish","format-standard","hentry","category-economia","tag-reuters"],"acf":[],"amp_enabled":true,"_links":{"self":[{"href":"https:\/\/investnews.com.br\/inv-api\/wp\/v2\/posts\/554450","targetHints":{"allow":["GET"]}}],"collection":[{"href":"https:\/\/investnews.com.br\/inv-api\/wp\/v2\/posts"}],"about":[{"href":"https:\/\/investnews.com.br\/inv-api\/wp\/v2\/types\/post"}],"author":[{"embeddable":true,"href":"https:\/\/investnews.com.br\/inv-api\/wp\/v2\/users\/61"}],"replies":[{"embeddable":true,"href":"https:\/\/investnews.com.br\/inv-api\/wp\/v2\/comments?post=554450"}],"version-history":[{"count":2,"href":"https:\/\/investnews.com.br\/inv-api\/wp\/v2\/posts\/554450\/revisions"}],"predecessor-version":[{"id":554458,"href":"https:\/\/investnews.com.br\/inv-api\/wp\/v2\/posts\/554450\/revisions\/554458"}],"wp:attachment":[{"href":"https:\/\/investnews.com.br\/inv-api\/wp\/v2\/media?parent=554450"}],"wp:term":[{"taxonomy":"category","embeddable":true,"href":"https:\/\/investnews.com.br\/inv-api\/wp\/v2\/categories?post=554450"},{"taxonomy":"post_tag","embeddable":true,"href":"https:\/\/investnews.com.br\/inv-api\/wp\/v2\/tags?post=554450"},{"taxonomy":"autor-wsj","embeddable":true,"href":"https:\/\/investnews.com.br\/inv-api\/wp\/v2\/autor-wsj?post=554450"},{"taxonomy":"author","embeddable":true,"href":"https:\/\/investnews.com.br\/inv-api\/wp\/v2\/coauthors?post=554450"}],"curies":[{"name":"wp","href":"https:\/\/api.w.org\/{rel}","templated":true}]}}